{"id":10130,"date":"2015-12-02T21:13:32","date_gmt":"2015-12-02T19:13:32","guid":{"rendered":"http:\/\/www.valonkuvia.fi\/blogi\/?p=10130"},"modified":"2023-04-02T18:22:44","modified_gmt":"2023-04-02T15:22:44","slug":"tomas-janzon-new-york-trio-haaparannalla","status":"publish","type":"post","link":"https:\/\/www.valonkuvia.fi\/blogi\/tomas-janzon-new-york-trio-haaparannalla\/","title":{"rendered":"Tomas Janzon New York Trio Haaparannalla"},"content":{"rendered":"\n<blockquote class=\"wp-block-quote is-style-default is-layout-flow wp-block-quote-is-layout-flow\">\n<div style=\"padding: 8px;\">\n<div style=\"background: #F8F8F8; line-height: 0; margin-top: 40px; padding: 50.0% 0; text-align: center; width: 100%;\"><\/div>\n<p style=\"margin: 8px 0 0 0; padding: 0 4px;\"><a style=\"color: #000; font-family: Arial,sans-serif; font-size: 14px; font-style: normal; font-weight: normal; line-height: 17px; text-decoration: none; word-wrap: break-word;\" href=\"https:\/\/www.instagram.com\/p\/-uT3PFBkM1\/\" target=\"_blank\" rel=\"noopener\">Tomas Janzon &amp; Essiet Okon Essiet &#8211; hieno konsertti Haaparannalla #jazz #guitar #bass #haparanda #valonkuvia_jazz #bnw #blackandwhite<\/a><\/p>\n<p style=\"color: #c9c8cd; font-family: Arial,sans-serif; font-size: 14px; line-height: 17px; margin-bottom: 0; margin-top: 8px; overflow: hidden; padding: 8px 0 7px; text-align: center; text-overflow: ellipsis; white-space: nowrap;\">Kuva, jonka Jukka Piiroinen (@valonkuvia) julkaisi <time style=\"font-family: Arial,sans-serif; font-size: 14px; line-height: 17px;\" datetime=\"2015-11-30T21:12:05+00:00\">30. 11ta 2015 klo 13.12 PST<\/time><\/p>\n<\/div>\n<\/blockquote>\n\n\n\n<p><script src=\"\/\/platform.instagram.com\/en_US\/embeds.js\" async=\"\" defer=\"defer\"><\/script><\/p>\n\n\n\n<p>Harvoin saa kuullakseen niin taidokkaasti, tyylikk\u00e4\u00e4sti ja tunteella toteutettua svengijazzia kuin viime maanantaina (30.11.2015) Haaparannalla, kun ruotsalaisen kitaristin <strong>Tomas Janzonin<\/strong> New York Trio esiintyi Minerva-ravintolassa Haaparannalla. Triossa soitti bassoa nimek\u00e4s <strong>Essiet Okun Essiet<\/strong> ja rumpuja <strong>Will Terrill<\/strong>.<\/p>\n\n\n\n<p>Yhtye soitti maukkaasti niin vauhtipalat kuin herk\u00e4t balladitkin. Basisti Okun Essiet oli odotetun vahva sek\u00e4 rytmin selk\u00e4rankana ett\u00e4 solistina. Rumpali Terrill svengasi v\u00e4h\u00e4eleisesti taustalla, mutta soitti my\u00f6s pari kelpo sooloa. Nyky\u00e4\u00e4n l\u00e4hinn\u00e4 New Yorkissa vaikuttava Janzon itse soitti hienosti nyansoiden perinteist\u00e4 akustista jazzkitaraa, siis selke\u00e4n puhdasta ilmaisua.<\/p>\n\n\n\n<figure class=\"wp-block-image aligncenter size-full wp-image-10135 is-style-default\"><img data-recalc-dims=\"1\" loading=\"lazy\" decoding=\"async\" width=\"640\" height=\"427\" src=\"https:\/\/i0.wp.com\/www.valonkuvia.fi\/blogi\/wp-content\/uploads\/2015\/12\/tapiosalo1.jpg?resize=640%2C427\" alt=\"Tapio Salo toivottaa vieraat tervetulleiksi.\" class=\"wp-image-10135\" srcset=\"https:\/\/i0.wp.com\/www.valonkuvia.fi\/blogi\/wp-content\/uploads\/2015\/12\/tapiosalo1.jpg?w=640&amp;ssl=1 640w, https:\/\/i0.wp.com\/www.valonkuvia.fi\/blogi\/wp-content\/uploads\/2015\/12\/tapiosalo1.jpg?resize=426%2C284&amp;ssl=1 426w, https:\/\/i0.wp.com\/www.valonkuvia.fi\/blogi\/wp-content\/uploads\/2015\/12\/tapiosalo1.jpg?resize=600%2C400&amp;ssl=1 600w\" sizes=\"auto, (max-width: 640px) 100vw, 640px\" \/><figcaption class=\"wp-element-caption\">Tapio Salo toivottaa vieraat tervetulleiksi.<\/figcaption><\/figure>\n\n\n\n<p>Konsertti oli samalla kauan Haaparannan kulttuuritoimessa ja my\u00f6s Kalottjazz &amp; Blues -festivaalissa vaikuttaneen <strong>Tapio Salon<\/strong> viimeinen konserttij\u00e4rjestely ennen el\u00e4kkeelle siirtymist\u00e4. Tomas Janzonin trio oli todella onnistunut valinta tilanteeseen. Valon kuvia -blogi kiitt\u00e4\u00e4 yhteisty\u00f6st\u00e4.<\/p>\n","protected":false},"excerpt":{"rendered":"<p>Tomas Janzon &amp; Essiet Okon Essiet &#8211; hieno konsertti Haaparannalla #jazz #guitar #bass #haparanda #valonkuvia_jazz #bnw #blackandwhite Kuva, jonka Jukka Piiroinen (@valonkuvia) julkaisi 30. 11ta 2015 klo 13.12 PST Harvoin saa kuullakseen niin taidokkaasti, tyylikk\u00e4\u00e4sti ja tunteella toteutettua svengijazzia kuin viime maanantaina (30.11.2015) Haaparannalla, kun ruotsalaisen kitaristin Tomas Janzonin New York Trio esiintyi Minerva-ravintolassa Haaparannalla. [&hellip;]<\/p>\n","protected":false},"author":1,"featured_media":0,"comment_status":"open","ping_status":"open","sticky":false,"template":"","format":"standard","meta":{"ngg_post_thumbnail":0,"_jetpack_memberships_contains_paid_content":false,"footnotes":"","jetpack_publicize_message":"","jetpack_publicize_feature_enabled":true,"jetpack_social_post_already_shared":false,"jetpack_social_options":{"image_generator_settings":{"template":"highway","default_image_id":0,"font":"","enabled":false},"version":2}},"categories":[3],"tags":[20,46,19,49,14],"class_list":["post-10130","post","type-post","status-publish","format-standard","hentry","category-jazz","tag-amerikkalainen-jazz","tag-haaparanta","tag-jazzkonsertti","tag-kitara","tag-ruotsalainen-jazz"],"jetpack_publicize_connections":[],"jetpack_featured_media_url":"","jetpack_likes_enabled":false,"jetpack_sharing_enabled":true,"_links":{"self":[{"href":"https:\/\/www.valonkuvia.fi\/blogi\/wp-json\/wp\/v2\/posts\/10130","targetHints":{"allow":["GET"]}}],"collection":[{"href":"https:\/\/www.valonkuvia.fi\/blogi\/wp-json\/wp\/v2\/posts"}],"about":[{"href":"https:\/\/www.valonkuvia.fi\/blogi\/wp-json\/wp\/v2\/types\/post"}],"author":[{"embeddable":true,"href":"https:\/\/www.valonkuvia.fi\/blogi\/wp-json\/wp\/v2\/users\/1"}],"replies":[{"embeddable":true,"href":"https:\/\/www.valonkuvia.fi\/blogi\/wp-json\/wp\/v2\/comments?post=10130"}],"version-history":[{"count":5,"href":"https:\/\/www.valonkuvia.fi\/blogi\/wp-json\/wp\/v2\/posts\/10130\/revisions"}],"predecessor-version":[{"id":22982,"href":"https:\/\/www.valonkuvia.fi\/blogi\/wp-json\/wp\/v2\/posts\/10130\/revisions\/22982"}],"wp:attachment":[{"href":"https:\/\/www.valonkuvia.fi\/blogi\/wp-json\/wp\/v2\/media?parent=10130"}],"wp:term":[{"taxonomy":"category","embeddable":true,"href":"https:\/\/www.valonkuvia.fi\/blogi\/wp-json\/wp\/v2\/categories?post=10130"},{"taxonomy":"post_tag","embeddable":true,"href":"https:\/\/www.valonkuvia.fi\/blogi\/wp-json\/wp\/v2\/tags?post=10130"}],"curies":[{"name":"wp","href":"https:\/\/api.w.org\/{rel}","templated":true}]}}