{"id":10365,"date":"2016-04-18T23:10:47","date_gmt":"2016-04-18T20:10:47","guid":{"rendered":"http:\/\/www.valonkuvia.fi\/blogi\/?p=10365"},"modified":"2023-04-02T18:03:25","modified_gmt":"2023-04-02T15:03:25","slug":"aili-ikonen-laulan","status":"publish","type":"post","link":"https:\/\/www.valonkuvia.fi\/blogi\/aili-ikonen-laulan\/","title":{"rendered":"Aili Ikonen: Laulan (Groovy Records, 2016)"},"content":{"rendered":"\n<figure class=\"wp-block-image aligncenter size-large wp-image-10368 is-style-default\"><img data-recalc-dims=\"1\" loading=\"lazy\" decoding=\"async\" width=\"852\" height=\"568\" src=\"https:\/\/i0.wp.com\/www.valonkuvia.fi\/blogi\/wp-content\/uploads\/2016\/04\/2016_aili_ikonen-852x568.jpg?resize=852%2C568\" alt=\"Aili Ikonen Raahen Rantajatseilla 2014\" class=\"wp-image-10368\" srcset=\"https:\/\/i0.wp.com\/www.valonkuvia.fi\/blogi\/wp-content\/uploads\/2016\/04\/2016_aili_ikonen.jpg?resize=852%2C568&amp;ssl=1 852w, https:\/\/i0.wp.com\/www.valonkuvia.fi\/blogi\/wp-content\/uploads\/2016\/04\/2016_aili_ikonen.jpg?resize=426%2C284&amp;ssl=1 426w, https:\/\/i0.wp.com\/www.valonkuvia.fi\/blogi\/wp-content\/uploads\/2016\/04\/2016_aili_ikonen.jpg?resize=768%2C512&amp;ssl=1 768w, https:\/\/i0.wp.com\/www.valonkuvia.fi\/blogi\/wp-content\/uploads\/2016\/04\/2016_aili_ikonen.jpg?resize=600%2C400&amp;ssl=1 600w, https:\/\/i0.wp.com\/www.valonkuvia.fi\/blogi\/wp-content\/uploads\/2016\/04\/2016_aili_ikonen.jpg?w=900&amp;ssl=1 900w\" sizes=\"auto, (max-width: 852px) 100vw, 852px\" \/><figcaption class=\"wp-element-caption\">Aili Ikonen Raahen Rantajatseilla 2014<\/figcaption><\/figure>\n\n\n\n<p><strong>Aili Ikosen<\/strong> uusi levytys \u201c<em>Laulan<\/em>\u201d on h\u00e4nen ensimm\u00e4inen omalla nimell\u00e4\u00e4n julkaisema albumi. Se solahtaa sujuvasti Tribute to Ella -yhtyeen levyn ja Herd-trion kanssa tehdyn \u201c<em>Jazzbasillin<\/em>\u201d jatkoksi poikkeamatta kauas niiden teemoista. Aikaisemmista levyist\u00e4 edellinen kunnioitti <strong>Ella Fidgegeraldin<\/strong> perint\u00f6\u00e4 ja esitteli Ikosen taitoja perinteisen svengijazzin tulkkina, kun taas j\u00e4lkimm\u00e4inen liikkui omintakeisen kotimaisen musiikki-ilmi\u00f6n, jazziskelm\u00e4n, maisemissa.<\/p>\n\n\n\n<p>P\u00e4\u00e4asiassa Ikosen ja <strong>Mikko Pellisen<\/strong> s\u00e4vellyksist\u00e4 koostuvalla uutuudella on aineksia molemmista edelt\u00e4jist\u00e4. Laulujen suomenkielisyys viittaa ilman muuta jazziskelm\u00e4n suuntaan, samoin on monien s\u00e4vellysten henki samalla lailla kepe\u00e4n valoisa. Hyvist\u00e4 esimerkeist\u00e4 k\u00e4yv\u00e4t vaikkapa \u201c<em>Raapaisit pintaa<\/em>\u201d sek\u00e4 levyn nimikappale, jotka voisivat mainiosti&nbsp;olla per\u00e4isin jazziskelm\u00e4n kultakaudelta vuosikymmenten takaa. Toisaalta erinomaisen taitava orkesteri taitaa vaivattomasti klassisen jazzin&nbsp;keinot&nbsp;ja tavoittaa tyylikk\u00e4\u00e4n cool jazzin viileyden.<\/p>\n\n\n\n<p>Aili Ikonen itse on kuitenkin itsest\u00e4\u00e4nselv\u00e4sti levyn p\u00e4\u00e4osassa. H\u00e4nen kuulas, tavattoman luonteva ja musikaalinen laulunsa liitelee vapaana henken\u00e4 orkesterin alati el\u00e4v\u00e4n svengin varassa. Ikonen pystyy yht\u00e4 varmasti hurjastelemaan bebop-tyylisen vauhtijazzin kyydiss\u00e4 (&#8221;<em>Haloo haloo<\/em>&#8221;) kuin tunnelmoimaan uskottavasti tummia balladis\u00e4vyj\u00e4, kuten lainakappaleella &#8221;<span class=\"s1\"><em>Luonasi sun<\/em>&#8221; &nbsp;(eli <strong>Michel Legrandin<\/strong> &#8221;<em>What Are You Doing the Rest of Your Life?<\/em>&#8221;). Ilman Ikosen suvereenia suoritusta&nbsp;&#8221;<em>Laulan<\/em>&#8221; j\u00e4isi turhan yksiulotteisesti menneeseen suuntautuneeksi. <\/span><\/p>\n\n\n\n<p><strong>Aili Ikonen<\/strong>: Laulan (Groovy Records, 2016)<br>\n<em>Aili Ikonen, laulu, Janne Toivonen, trumpetti ja flyygelitorvi, William Suvanne, saksofonit ja huilu, Tuomas J. Turunen, piano, Mikko Pellinen, kontrabasso, Mikko Arlin, rummut ja congat<\/em><\/p>\n\n\n\n<figure class=\"wp-block-image aligncenter is-style-default\"><img data-recalc-dims=\"1\" loading=\"lazy\" decoding=\"async\" width=\"426\" height=\"426\" src=\"https:\/\/i0.wp.com\/www.valonkuvia.fi\/blogi\/wp-content\/uploads\/2016\/04\/aili-ikonen-laulan-kansi-426x426.jpg?resize=426%2C426\" alt=\"aili-ikonen-laulan-kansi\" class=\"wp-image-10366\" srcset=\"https:\/\/i0.wp.com\/www.valonkuvia.fi\/blogi\/wp-content\/uploads\/2016\/04\/aili-ikonen-laulan-kansi.jpg?resize=426%2C426&amp;ssl=1 426w, https:\/\/i0.wp.com\/www.valonkuvia.fi\/blogi\/wp-content\/uploads\/2016\/04\/aili-ikonen-laulan-kansi.jpg?resize=150%2C150&amp;ssl=1 150w, https:\/\/i0.wp.com\/www.valonkuvia.fi\/blogi\/wp-content\/uploads\/2016\/04\/aili-ikonen-laulan-kansi.jpg?resize=768%2C768&amp;ssl=1 768w, https:\/\/i0.wp.com\/www.valonkuvia.fi\/blogi\/wp-content\/uploads\/2016\/04\/aili-ikonen-laulan-kansi.jpg?resize=852%2C852&amp;ssl=1 852w, https:\/\/i0.wp.com\/www.valonkuvia.fi\/blogi\/wp-content\/uploads\/2016\/04\/aili-ikonen-laulan-kansi.jpg?resize=100%2C100&amp;ssl=1 100w, https:\/\/i0.wp.com\/www.valonkuvia.fi\/blogi\/wp-content\/uploads\/2016\/04\/aili-ikonen-laulan-kansi.jpg?resize=50%2C50&amp;ssl=1 50w, https:\/\/i0.wp.com\/www.valonkuvia.fi\/blogi\/wp-content\/uploads\/2016\/04\/aili-ikonen-laulan-kansi.jpg?w=1500&amp;ssl=1 1500w\" sizes=\"auto, (max-width: 426px) 100vw, 426px\" \/><\/figure>\n","protected":false},"excerpt":{"rendered":"<p>Aili Ikosen uusi levytys \u201cLaulan\u201d on h\u00e4nen ensimm\u00e4inen omalla nimell\u00e4\u00e4n julkaisema albumi. Se solahtaa sujuvasti Tribute to Ella -yhtyeen levyn ja Herd-trion kanssa tehdyn \u201cJazzbasillin\u201d jatkoksi poikkeamatta kauas niiden teemoista. Aikaisemmista levyist\u00e4 edellinen kunnioitti Ella Fidgegeraldin perint\u00f6\u00e4 ja esitteli Ikosen taitoja perinteisen svengijazzin tulkkina, kun taas j\u00e4lkimm\u00e4inen liikkui omintakeisen kotimaisen musiikki-ilmi\u00f6n, jazziskelm\u00e4n, maisemissa. P\u00e4\u00e4asiassa Ikosen [&hellip;]<\/p>\n","protected":false},"author":1,"featured_media":0,"comment_status":"open","ping_status":"open","sticky":false,"template":"","format":"standard","meta":{"ngg_post_thumbnail":0,"_jetpack_memberships_contains_paid_content":false,"footnotes":"","jetpack_publicize_message":"","jetpack_publicize_feature_enabled":true,"jetpack_social_post_already_shared":false,"jetpack_social_options":{"image_generator_settings":{"template":"highway","default_image_id":0,"font":"","enabled":false},"version":2}},"categories":[3],"tags":[191,13,392,18],"class_list":["post-10365","post","type-post","status-publish","format-standard","hentry","category-jazz","tag-aili-ikonen","tag-jazzlevyt-2","tag-laulu","tag-suomalainen-jazz"],"jetpack_publicize_connections":[],"jetpack_featured_media_url":"","jetpack_likes_enabled":false,"jetpack_sharing_enabled":true,"_links":{"self":[{"href":"https:\/\/www.valonkuvia.fi\/blogi\/wp-json\/wp\/v2\/posts\/10365","targetHints":{"allow":["GET"]}}],"collection":[{"href":"https:\/\/www.valonkuvia.fi\/blogi\/wp-json\/wp\/v2\/posts"}],"about":[{"href":"https:\/\/www.valonkuvia.fi\/blogi\/wp-json\/wp\/v2\/types\/post"}],"author":[{"embeddable":true,"href":"https:\/\/www.valonkuvia.fi\/blogi\/wp-json\/wp\/v2\/users\/1"}],"replies":[{"embeddable":true,"href":"https:\/\/www.valonkuvia.fi\/blogi\/wp-json\/wp\/v2\/comments?post=10365"}],"version-history":[{"count":6,"href":"https:\/\/www.valonkuvia.fi\/blogi\/wp-json\/wp\/v2\/posts\/10365\/revisions"}],"predecessor-version":[{"id":22965,"href":"https:\/\/www.valonkuvia.fi\/blogi\/wp-json\/wp\/v2\/posts\/10365\/revisions\/22965"}],"wp:attachment":[{"href":"https:\/\/www.valonkuvia.fi\/blogi\/wp-json\/wp\/v2\/media?parent=10365"}],"wp:term":[{"taxonomy":"category","embeddable":true,"href":"https:\/\/www.valonkuvia.fi\/blogi\/wp-json\/wp\/v2\/categories?post=10365"},{"taxonomy":"post_tag","embeddable":true,"href":"https:\/\/www.valonkuvia.fi\/blogi\/wp-json\/wp\/v2\/tags?post=10365"}],"curies":[{"name":"wp","href":"https:\/\/api.w.org\/{rel}","templated":true}]}}