{"id":10388,"date":"2016-04-28T22:42:48","date_gmt":"2016-04-28T19:42:48","guid":{"rendered":"http:\/\/www.valonkuvia.fi\/blogi\/?p=10388"},"modified":"2023-04-02T18:01:50","modified_gmt":"2023-04-02T15:01:50","slug":"orchestra_nazionale_della_luna","status":"publish","type":"post","link":"https:\/\/www.valonkuvia.fi\/blogi\/orchestra_nazionale_della_luna\/","title":{"rendered":"Orchestra Nazionale Della Luna &#8211; tuoretta eurooppalaista jazzia"},"content":{"rendered":"\n<figure class=\"wp-block-image aligncenter size-large wp-image-6568 is-style-default\"><img data-recalc-dims=\"1\" loading=\"lazy\" decoding=\"async\" width=\"600\" height=\"400\" src=\"https:\/\/i0.wp.com\/www.valonkuvia.fi\/blogi\/wp-content\/uploads\/2013\/05\/09-600x400.jpg?resize=600%2C400\" alt=\"Pianisti Kari Ikonen soittaa Valtakunnallisten jazzp\u00e4ivien jameissa Joensuussa syksyll\u00e4 2012.\" class=\"wp-image-6568\" srcset=\"https:\/\/i0.wp.com\/www.valonkuvia.fi\/blogi\/wp-content\/uploads\/2013\/05\/09.jpg?resize=600%2C400&amp;ssl=1 600w, https:\/\/i0.wp.com\/www.valonkuvia.fi\/blogi\/wp-content\/uploads\/2013\/05\/09.jpg?resize=900%2C600&amp;ssl=1 900w, https:\/\/i0.wp.com\/www.valonkuvia.fi\/blogi\/wp-content\/uploads\/2013\/05\/09.jpg?resize=300%2C200&amp;ssl=1 300w, https:\/\/i0.wp.com\/www.valonkuvia.fi\/blogi\/wp-content\/uploads\/2013\/05\/09.jpg?w=1024&amp;ssl=1 1024w\" sizes=\"auto, (max-width: 600px) 100vw, 600px\" \/><figcaption class=\"wp-element-caption\">Pianisti Kari Ikonen soittaa Valtakunnallisten jazzp\u00e4ivien jameissa Joensuussa syksyll\u00e4 2012.<\/figcaption><\/figure>\n\n\n\n<p><strong>Kari Ikosen<\/strong> ja belgialaisen saksofonistin <strong>Manuel Hermian<\/strong> johtama kansainv\u00e4linen kvartetti on humoristisesti nimetty Kuun kansallisorkesteriksi. Vuonna 2015 perustettu yhtye on kuulemma nopeasti noussut Maan seuralaisen suosituimpien yhtyeiden joukkoon. Kvartetin ensimm\u00e4isell\u00e4 levyll\u00e4 on my\u00f6s kieli poskella nimettyj\u00e4 s\u00e4vellyksi\u00e4 ja Ikosen omilta levyilt\u00e4 tuttua sanaleikittely\u00e4 jatkavat sellaiset nimet kuin \u201c<em>It\u00e4merengue<\/em>\u201d ja \u201c<em>Anastasia anastaa sian<\/em>\u201d. <\/p>\n\n\n\n<p>Mutta alun \u201cavaruuskuulutusta\u201d seuraaavan napakan avauspotkun j\u00e4lkeen kvartetti soittaa kuitenkin lopulta hyvin vakavahenkist\u00e4 jazzia suuremmin vitsailematta. Yhtye paiskii t\u00f6it\u00e4 tosissaan, hienostelematta, hihat k\u00e4\u00e4rittyin\u00e4 ja j\u00e4tt\u00e4\u00e4 ilmaisunsa hieman hiomattomaksi ja tarkoituksellisen rosoiseksi.<\/p>\n\n\n\n<p>Tavanomaisesta saksofonivetoisesta kvartetista Kuun orkesteri eroaa selvimmin Ikosen moog-syntesoijan ujeltavan soundin ansiosta. Lis\u00e4ksi Hermia soittaa usein huilua, mik\u00e4 sekin tuo musiikkiin uusia kerroksia, paikoin etnos\u00e4vyj\u00e4kin. Hyv\u00e4st\u00e4 esimerkist\u00e4 k\u00e4y \u201c<em>The Truth<\/em>\u201d, jolla  moog ja huilu pelaavat hienosti yhteen. My\u00f6hemmin samalla raidalla Ikonen luo moogilla saksofonille tummanpuhuvan ja dramaattisen taustan.<\/p>\n\n\n\n<p>Ikonen ja Hermia vastaavat levyn s\u00e4vellyksist\u00e4. He ovat my\u00f6s eniten \u00e4\u00e4ness\u00e4 solisteina. Ikonen on pianistina totutun vahva ja mutkaton. My\u00f6s Hermian saksofonin soittoa leimaa tietty koruton selkeys. Basisti <strong>S\u00e9bastian Boisseau<\/strong> ja rumpali <strong>Teun Verbruggen<\/strong> ovat mainio komppipari ja pelaavat j\u00e4ntev\u00e4sti yhteen. Boisseaun basso rakentaa musiikille juurevaa pohjaa ja Verbruggen soittaa ilmeikk\u00e4\u00e4sti, v\u00e4lill\u00e4 varovasti maalaillen, v\u00e4lill\u00e4 s\u00e4h\u00e4k\u00e4sti svengaten. Kaiken kaikkiaan Orchestra Nazionale Della Luna on kiinnostava ja tuore eurooppalainen jazzyhtye, jonka musiikki ei kulu puhki yhdell\u00e4 kuuntelulla. <\/p>\n\n\n\n<p><strong>Orchestra Nazionale Della Luna<\/strong>: Orchestra Nazionale Della Luna (Jackal Productions, 2016)<br>\nManuel Hermia, saksofonit, huilut, Kari Ikonen, piano, moog, S\u00e9bastien Boisseau, basso, Teun Verbruggen, rummut<\/p>\n\n\n\n<figure class=\"wp-block-image aligncenter is-style-default\"><img data-recalc-dims=\"1\" loading=\"lazy\" decoding=\"async\" width=\"426\" height=\"367\" src=\"https:\/\/i0.wp.com\/www.valonkuvia.fi\/blogi\/wp-content\/uploads\/2016\/04\/Orchestra-Nazionale-della-Luna-cover-426x367.jpg?resize=426%2C367\" alt=\"Orchestra-Nazionale-della-Luna-cover\" class=\"wp-image-10390\" srcset=\"https:\/\/i0.wp.com\/www.valonkuvia.fi\/blogi\/wp-content\/uploads\/2016\/04\/Orchestra-Nazionale-della-Luna-cover.jpg?resize=426%2C367&amp;ssl=1 426w, https:\/\/i0.wp.com\/www.valonkuvia.fi\/blogi\/wp-content\/uploads\/2016\/04\/Orchestra-Nazionale-della-Luna-cover.jpg?resize=768%2C662&amp;ssl=1 768w, https:\/\/i0.wp.com\/www.valonkuvia.fi\/blogi\/wp-content\/uploads\/2016\/04\/Orchestra-Nazionale-della-Luna-cover.jpg?resize=852%2C734&amp;ssl=1 852w, https:\/\/i0.wp.com\/www.valonkuvia.fi\/blogi\/wp-content\/uploads\/2016\/04\/Orchestra-Nazionale-della-Luna-cover.jpg?w=1000&amp;ssl=1 1000w\" sizes=\"auto, (max-width: 426px) 100vw, 426px\" \/><\/figure>\n","protected":false},"excerpt":{"rendered":"<p>Kari Ikosen ja belgialaisen saksofonistin Manuel Hermian johtama kansainv\u00e4linen kvartetti on humoristisesti nimetty Kuun kansallisorkesteriksi. Vuonna 2015 perustettu yhtye on kuulemma nopeasti noussut Maan seuralaisen suosituimpien yhtyeiden joukkoon. Kvartetin ensimm\u00e4isell\u00e4 levyll\u00e4 on my\u00f6s kieli poskella nimettyj\u00e4 s\u00e4vellyksi\u00e4 ja Ikosen omilta levyilt\u00e4 tuttua sanaleikittely\u00e4 jatkavat sellaiset nimet kuin \u201cIt\u00e4merengue\u201d ja \u201cAnastasia anastaa sian\u201d. Mutta alun \u201cavaruuskuulutusta\u201d [&hellip;]<\/p>\n","protected":false},"author":1,"featured_media":0,"comment_status":"open","ping_status":"open","sticky":false,"template":"","format":"standard","meta":{"ngg_post_thumbnail":0,"_jetpack_memberships_contains_paid_content":false,"footnotes":"","jetpack_publicize_message":"","jetpack_publicize_feature_enabled":true,"jetpack_social_post_already_shared":false,"jetpack_social_options":{"image_generator_settings":{"template":"highway","default_image_id":0,"font":"","enabled":false},"version":2}},"categories":[3],"tags":[80,13,192,410,18],"class_list":["post-10388","post","type-post","status-publish","format-standard","hentry","category-jazz","tag-eurooppalainen-jazz","tag-jazzlevyt-2","tag-kari-ikonen","tag-manuel-hermia","tag-suomalainen-jazz"],"jetpack_publicize_connections":[],"jetpack_featured_media_url":"","jetpack_likes_enabled":false,"jetpack_sharing_enabled":true,"_links":{"self":[{"href":"https:\/\/www.valonkuvia.fi\/blogi\/wp-json\/wp\/v2\/posts\/10388","targetHints":{"allow":["GET"]}}],"collection":[{"href":"https:\/\/www.valonkuvia.fi\/blogi\/wp-json\/wp\/v2\/posts"}],"about":[{"href":"https:\/\/www.valonkuvia.fi\/blogi\/wp-json\/wp\/v2\/types\/post"}],"author":[{"embeddable":true,"href":"https:\/\/www.valonkuvia.fi\/blogi\/wp-json\/wp\/v2\/users\/1"}],"replies":[{"embeddable":true,"href":"https:\/\/www.valonkuvia.fi\/blogi\/wp-json\/wp\/v2\/comments?post=10388"}],"version-history":[{"count":5,"href":"https:\/\/www.valonkuvia.fi\/blogi\/wp-json\/wp\/v2\/posts\/10388\/revisions"}],"predecessor-version":[{"id":22963,"href":"https:\/\/www.valonkuvia.fi\/blogi\/wp-json\/wp\/v2\/posts\/10388\/revisions\/22963"}],"wp:attachment":[{"href":"https:\/\/www.valonkuvia.fi\/blogi\/wp-json\/wp\/v2\/media?parent=10388"}],"wp:term":[{"taxonomy":"category","embeddable":true,"href":"https:\/\/www.valonkuvia.fi\/blogi\/wp-json\/wp\/v2\/categories?post=10388"},{"taxonomy":"post_tag","embeddable":true,"href":"https:\/\/www.valonkuvia.fi\/blogi\/wp-json\/wp\/v2\/tags?post=10388"}],"curies":[{"name":"wp","href":"https:\/\/api.w.org\/{rel}","templated":true}]}}