{"id":10395,"date":"2016-04-30T09:21:23","date_gmt":"2016-04-30T06:21:23","guid":{"rendered":"http:\/\/www.valonkuvia.fi\/blogi\/?p=10395"},"modified":"2016-04-30T09:21:23","modified_gmt":"2016-04-30T06:21:23","slug":"hyvaa-kansainvalista-jazzin-paivaa","status":"publish","type":"post","link":"https:\/\/www.valonkuvia.fi\/blogi\/hyvaa-kansainvalista-jazzin-paivaa\/","title":{"rendered":"Hyv\u00e4\u00e4 kansainv\u00e4list\u00e4 jazzin p\u00e4iv\u00e4\u00e4"},"content":{"rendered":"<blockquote class=\"instagram-media\" data-instgrm-captioned data-instgrm-version=\"6\" style=\" background:#FFF; border:0; border-radius:3px; box-shadow:0 0 1px 0 rgba(0,0,0,0.5),0 1px 10px 0 rgba(0,0,0,0.15); margin: 1px; max-width:658px; padding:0; width:99.375%; width:-webkit-calc(100% - 2px); width:calc(100% - 2px);\">\n<div style=\"padding:8px;\">\n<div style=\" background:#F8F8F8; line-height:0; margin-top:40px; padding:62.5% 0; text-align:center; width:100%;\">\n<div style=\" background:url(data:image\/png;base64,iVBORw0KGgoAAAANSUhEUgAAACwAAAAsCAMAAAApWqozAAAAGFBMVEUiIiI9PT0eHh4gIB4hIBkcHBwcHBwcHBydr+JQAAAACHRSTlMABA4YHyQsM5jtaMwAAADfSURBVDjL7ZVBEgMhCAQBAf\/\/42xcNbpAqakcM0ftUmFAAIBE81IqBJdS3lS6zs3bIpB9WED3YYXFPmHRfT8sgyrCP1x8uEUxLMzNWElFOYCV6mHWWwMzdPEKHlhLw7NWJqkHc4uIZphavDzA2JPzUDsBZziNae2S6owH8xPmX8G7zzgKEOPUoYHvGz1TBCxMkd3kwNVbU0gKHkx+iZILf77IofhrY1nYFnB\/lQPb79drWOyJVa\/DAvg9B\/rLB4cC+Nqgdz\/TvBbBnr6GBReqn\/nRmDgaQEej7WhonozjF+Y2I\/fZou\/qAAAAAElFTkSuQmCC); display:block; height:44px; margin:0 auto -44px; position:relative; top:-22px; width:44px;\"><\/div>\n<\/div>\n<p style=\" margin:8px 0 0 0; padding:0 4px;\"> <a href=\"https:\/\/www.instagram.com\/p\/BE0D8LIhkA3\/\" style=\" color:#000; font-family:Arial,sans-serif; font-size:14px; font-style:normal; font-weight:normal; line-height:17px; text-decoration:none; word-wrap:break-word;\" target=\"_blank\">Hyv\u00e4\u00e4 kansainv\u00e4list\u00e4 jazzin p\u00e4iv\u00e4\u00e4 &#8211; Happy International Jazz Day #jazz #jazzday #saxophone #trumpet #bass #drums #piano #blackandwhite<\/a><\/p>\n<p style=\" color:#c9c8cd; font-family:Arial,sans-serif; font-size:14px; line-height:17px; margin-bottom:0; margin-top:8px; overflow:hidden; padding:8px 0 7px; text-align:center; text-overflow:ellipsis; white-space:nowrap;\">Kuva, jonka Jukka Piiroinen (@valonkuvia) julkaisi <time style=\" font-family:Arial,sans-serif; font-size:14px; line-height:17px;\" datetime=\"2016-04-30T05:56:46+00:00\">29. 04ta 2016 klo 22.56 PDT<\/time><\/p>\n<\/div>\n<\/blockquote>\n<p> <script async defer src=\"\/\/platform.instagram.com\/en_US\/embeds.js\"><\/script><\/p>\n<p>UNESCO:n kansainv\u00e4list\u00e4 jazzin p\u00e4iv\u00e4\u00e4 vietet\u00e4\u00e4n 30.4. Jazzin p\u00e4iv\u00e4n kunniaksi koostamani kuva kokoaa yhteen joukon kansainv\u00e4lisi\u00e4, eri ik\u00e4isi\u00e4 jazzmuusikoita, miehi\u00e4 ja naisia. Kuvassa ylh\u00e4\u00e4lt\u00e4 vasemmalta <strong>Timo Lassy<\/strong>, <strong>Riitta Paakki<\/strong>, <strong>Lisbeth Diers<\/strong>, <strong>Bruno Chevillon<\/strong>, <strong>David Murray<\/strong> ja <strong>Jan Allan<\/strong>.<\/p>\n","protected":false},"excerpt":{"rendered":"<p>Hyv\u00e4\u00e4 kansainv\u00e4list\u00e4 jazzin p\u00e4iv\u00e4\u00e4 &#8211; Happy International Jazz Day #jazz #jazzday #saxophone #trumpet #bass #drums #piano #blackandwhite Kuva, jonka Jukka Piiroinen (@valonkuvia) julkaisi 29. 04ta 2016 klo 22.56 PDT UNESCO:n kansainv\u00e4list\u00e4 jazzin p\u00e4iv\u00e4\u00e4 vietet\u00e4\u00e4n 30.4. Jazzin p\u00e4iv\u00e4n kunniaksi koostamani kuva kokoaa yhteen joukon kansainv\u00e4lisi\u00e4, eri ik\u00e4isi\u00e4 jazzmuusikoita, miehi\u00e4 ja naisia. Kuvassa ylh\u00e4\u00e4lt\u00e4 vasemmalta Timo Lassy, [&hellip;]<\/p>\n","protected":false},"author":1,"featured_media":0,"comment_status":"open","ping_status":"open","sticky":false,"template":"","format":"standard","meta":{"ngg_post_thumbnail":0,"_jetpack_memberships_contains_paid_content":false,"footnotes":"","jetpack_publicize_message":"","jetpack_publicize_feature_enabled":true,"jetpack_social_post_already_shared":false,"jetpack_social_options":{"image_generator_settings":{"template":"highway","default_image_id":0,"font":"","enabled":false},"version":2}},"categories":[3,10],"tags":[411],"class_list":["post-10395","post","type-post","status-publish","format-standard","hentry","category-jazz","category-valokuvaus","tag-kansainvalinen-jazzin-paiva"],"jetpack_publicize_connections":[],"jetpack_featured_media_url":"","jetpack_likes_enabled":false,"jetpack_sharing_enabled":true,"_links":{"self":[{"href":"https:\/\/www.valonkuvia.fi\/blogi\/wp-json\/wp\/v2\/posts\/10395","targetHints":{"allow":["GET"]}}],"collection":[{"href":"https:\/\/www.valonkuvia.fi\/blogi\/wp-json\/wp\/v2\/posts"}],"about":[{"href":"https:\/\/www.valonkuvia.fi\/blogi\/wp-json\/wp\/v2\/types\/post"}],"author":[{"embeddable":true,"href":"https:\/\/www.valonkuvia.fi\/blogi\/wp-json\/wp\/v2\/users\/1"}],"replies":[{"embeddable":true,"href":"https:\/\/www.valonkuvia.fi\/blogi\/wp-json\/wp\/v2\/comments?post=10395"}],"version-history":[{"count":1,"href":"https:\/\/www.valonkuvia.fi\/blogi\/wp-json\/wp\/v2\/posts\/10395\/revisions"}],"predecessor-version":[{"id":10396,"href":"https:\/\/www.valonkuvia.fi\/blogi\/wp-json\/wp\/v2\/posts\/10395\/revisions\/10396"}],"wp:attachment":[{"href":"https:\/\/www.valonkuvia.fi\/blogi\/wp-json\/wp\/v2\/media?parent=10395"}],"wp:term":[{"taxonomy":"category","embeddable":true,"href":"https:\/\/www.valonkuvia.fi\/blogi\/wp-json\/wp\/v2\/categories?post=10395"},{"taxonomy":"post_tag","embeddable":true,"href":"https:\/\/www.valonkuvia.fi\/blogi\/wp-json\/wp\/v2\/tags?post=10395"}],"curies":[{"name":"wp","href":"https:\/\/api.w.org\/{rel}","templated":true}]}}