{"id":10974,"date":"2016-12-05T10:02:47","date_gmt":"2016-12-05T08:02:47","guid":{"rendered":"http:\/\/www.valonkuvia.fi\/blogi\/?p=10974"},"modified":"2023-04-02T17:37:28","modified_gmt":"2023-04-02T14:37:28","slug":"kyn","status":"publish","type":"post","link":"https:\/\/www.valonkuvia.fi\/blogi\/kyn\/","title":{"rendered":"KYN: Jos min\u00e4 puhuisin sinulle (Alba Records, 2016)"},"content":{"rendered":"\n<figure class=\"wp-block-image aligncenter size-full wp-image-10980 is-style-default\"><img data-recalc-dims=\"1\" loading=\"lazy\" decoding=\"async\" width=\"640\" height=\"427\" src=\"https:\/\/i0.wp.com\/www.valonkuvia.fi\/blogi\/wp-content\/uploads\/2016\/12\/mikko_hassinen.jpg?resize=640%2C427\" alt=\"Mikko Hassinen Torniossa syksyll\u00e4 2014\" class=\"wp-image-10980\" srcset=\"https:\/\/i0.wp.com\/www.valonkuvia.fi\/blogi\/wp-content\/uploads\/2016\/12\/mikko_hassinen.jpg?w=640&amp;ssl=1 640w, https:\/\/i0.wp.com\/www.valonkuvia.fi\/blogi\/wp-content\/uploads\/2016\/12\/mikko_hassinen.jpg?resize=426%2C284&amp;ssl=1 426w, https:\/\/i0.wp.com\/www.valonkuvia.fi\/blogi\/wp-content\/uploads\/2016\/12\/mikko_hassinen.jpg?resize=600%2C400&amp;ssl=1 600w\" sizes=\"auto, (max-width: 640px) 100vw, 640px\" \/><figcaption class=\"wp-element-caption\">Mikko Hassinen Torniossa syksyll\u00e4 2014<\/figcaption><\/figure>\n\n\n\n<p>Jazztrio ja naiskuoro ovat harvinainen kombinaatio. T\u00e4m\u00e4 yll\u00e4tt\u00e4v\u00e4kin yhdistelm\u00e4 osoittautuu hienosti toimivaksi naiskuoro KYN:n (Kauppakorkeakoulun ylioppilaskunnan naislaulajat) uudella levyll\u00e4. Jazzmuusikoiden kanssa aiemminkin ty\u00f6skennellyt kuoro tilasi rumpali\/s\u00e4velt\u00e4j\u00e4 <strong>Mikko Hassiselta<\/strong> tilauss\u00e4vellyksen ja sovituksia kuoron esitett\u00e4v\u00e4ksi. Projektista syntyi albumi, jolle Hassinen sovitti suomalaisia kansans\u00e4velmi\u00e4, amerikkalaisia jazzstandardeja sek\u00e4 s\u00e4velsi laajan tilausteoksen. <\/p>\n\n\n\n<p>Kaikille tutut kansanlaulujen melodiat s\u00e4ilyv\u00e4t Hassisen sovituksissa selke\u00e4sti tunnistettavina, kun ne samalla k\u00e4\u00e4ntyv\u00e4t oivaltavasti jazzin kielelle. Reipas \u201d<em>Kullan ylistys<\/em>\u201d svengaa vastustamattomasti ja toisaalta \u201d<em>Aamulla varhain<\/em>\u201d ylt\u00e4\u00e4 suorastaan riipaisevaan surumielisyyteen. <\/p>\n\n\n\n<p>Suomenkielisin\u00e4 versioina kuultavissa jazzstandardeissa kuoro laulaa ilman trion s\u00e4estyst\u00e4, mutta k\u00e4ytt\u00e4\u00e4 kuitenkin jazzin keinoja. Esimerkiksi <strong>Ant\u00f4nio Carlos Jobimin<\/strong> s\u00e4vellyksess\u00e4 \u201d<em>Ei sanaakaan (Insensatez)<\/em>\u201d laulajille annetaan jazzorkesterin tapaan komppiryhm\u00e4n, yhtyeen ja solistin rooleja. <\/p>\n\n\n\n<p>Levy huipentuu runoilija <strong>Virpi Stenlundin<\/strong> runoihin s\u00e4vellettyyn kolmiosaiseen, noin 17 minuuttia kest\u00e4v\u00e4\u00e4n sarjaan &#8221;<em>Jos min\u00e4 puhuisin sinulle<\/em>\u201d, joka on kuulaan kaunis, t\u00e4ytel\u00e4inen ja yhten\u00e4inen teos. Siin\u00e4 <strong>Kaija Viitasalon<\/strong> johtama kuoro kietoutuu entist\u00e4 tiiviimmin yhteen trion kanssa, jako kuoron ja s\u00e4est\u00e4jien v\u00e4lill\u00e4 katoaa.<\/p>\n\n\n\n<p>Tenorisaksofonisti <strong>Manuel Dunkel<\/strong> on levyn p\u00e4\u00e4asiallinen soolo\u00e4\u00e4ni. Dunkelin Coltranen henke\u00e4 hehkuva soundi toisaalta sulautuu osaksi laulu\u00e4\u00e4ni\u00e4, toisaalta muodostaa tehokkaan kontrastin viile\u00e4lle kuorosoinnille.<\/p>\n\n\n\n<p>&#8221;<i>Jos min\u00e4 puhuisin sinulle<\/i>\u201d on huolellisesti toteutettu ja ainutlaatuinen levytys. Se p\u00e4\u00e4see mukaan vuoden 2016 kiinnostavimpien levyjen&nbsp;<a href=\"https:\/\/www.evernote.com\/l\/APFEFq3k9ydJ95h5znAcCMnDLvyUAbElWTY\"><em>Vuoden valinnat 2016<\/em><\/a> -listalle.<\/p>\n\n\n\n<p><strong> KYN<\/strong>: Jos min\u00e4 puhuisin sinulle (Alba Records, 2016)<br>\n<em>Naiskuoro KYN, Kaija Viitasalo, kuoronjohtaja, Mikko Hassinen, rummut, Manuel Dunkel, tenorisaksofoni, Ville Herrala, basso<\/em><\/p>\n\n\n\n<figure class=\"wp-block-image aligncenter is-style-default\"><img data-recalc-dims=\"1\" loading=\"lazy\" decoding=\"async\" width=\"426\" height=\"382\" src=\"https:\/\/i0.wp.com\/www.valonkuvia.fi\/blogi\/wp-content\/uploads\/2016\/12\/KYN_levynkansi2016-426x382.jpg?resize=426%2C382\" alt=\"kyn_levynkansi2016\" class=\"wp-image-10993\" srcset=\"https:\/\/i0.wp.com\/www.valonkuvia.fi\/blogi\/wp-content\/uploads\/2016\/12\/KYN_levynkansi2016.jpg?resize=426%2C382&amp;ssl=1 426w, https:\/\/i0.wp.com\/www.valonkuvia.fi\/blogi\/wp-content\/uploads\/2016\/12\/KYN_levynkansi2016.jpg?resize=768%2C689&amp;ssl=1 768w, https:\/\/i0.wp.com\/www.valonkuvia.fi\/blogi\/wp-content\/uploads\/2016\/12\/KYN_levynkansi2016.jpg?resize=852%2C764&amp;ssl=1 852w, https:\/\/i0.wp.com\/www.valonkuvia.fi\/blogi\/wp-content\/uploads\/2016\/12\/KYN_levynkansi2016.jpg?w=903&amp;ssl=1 903w\" sizes=\"auto, (max-width: 426px) 100vw, 426px\" \/><\/figure>\n\n\n\n<h4 class=\"wp-block-heading\">KYN: Aamulla varhain<\/h4>\n\n\n\n<p> <iframe loading=\"lazy\" width=\"640\" height=\"360\" src=\"https:\/\/www.youtube.com\/embed\/1G3Fpgd0jFc\" frameborder=\"0\" allowfullscreen=\"\"><\/iframe><\/p>\n\n\n\n<p>Video on tallenne Koko Jazz -klubilta KYN goes Hassinen -konsertista 30.10.2015.<\/p>\n","protected":false},"excerpt":{"rendered":"<p>Jazztrio ja naiskuoro ovat harvinainen kombinaatio. T\u00e4m\u00e4 yll\u00e4tt\u00e4v\u00e4kin yhdistelm\u00e4 osoittautuu hienosti toimivaksi naiskuoro KYN:n (Kauppakorkeakoulun ylioppilaskunnan naislaulajat) uudella levyll\u00e4. Jazzmuusikoiden kanssa aiemminkin ty\u00f6skennellyt kuoro tilasi rumpali\/s\u00e4velt\u00e4j\u00e4 Mikko Hassiselta tilauss\u00e4vellyksen ja sovituksia kuoron esitett\u00e4v\u00e4ksi. Projektista syntyi albumi, jolle Hassinen sovitti suomalaisia kansans\u00e4velmi\u00e4, amerikkalaisia jazzstandardeja sek\u00e4 s\u00e4velsi laajan tilausteoksen. Kaikille tutut kansanlaulujen melodiat s\u00e4ilyv\u00e4t Hassisen sovituksissa selke\u00e4sti [&hellip;]<\/p>\n","protected":false},"author":1,"featured_media":0,"comment_status":"open","ping_status":"open","sticky":false,"template":"","format":"standard","meta":{"ngg_post_thumbnail":0,"_jetpack_memberships_contains_paid_content":false,"footnotes":"","jetpack_publicize_message":"","jetpack_publicize_feature_enabled":true,"jetpack_social_post_already_shared":true,"jetpack_social_options":{"image_generator_settings":{"template":"highway","default_image_id":0,"font":"","enabled":false},"version":2}},"categories":[3],"tags":[13,447,335,18,59],"class_list":["post-10974","post","type-post","status-publish","format-standard","hentry","category-jazz","tag-jazzlevyt-2","tag-kuorolaulu","tag-mikko-hassinen","tag-suomalainen-jazz","tag-video"],"jetpack_publicize_connections":[],"jetpack_featured_media_url":"","jetpack_likes_enabled":false,"jetpack_sharing_enabled":true,"_links":{"self":[{"href":"https:\/\/www.valonkuvia.fi\/blogi\/wp-json\/wp\/v2\/posts\/10974","targetHints":{"allow":["GET"]}}],"collection":[{"href":"https:\/\/www.valonkuvia.fi\/blogi\/wp-json\/wp\/v2\/posts"}],"about":[{"href":"https:\/\/www.valonkuvia.fi\/blogi\/wp-json\/wp\/v2\/types\/post"}],"author":[{"embeddable":true,"href":"https:\/\/www.valonkuvia.fi\/blogi\/wp-json\/wp\/v2\/users\/1"}],"replies":[{"embeddable":true,"href":"https:\/\/www.valonkuvia.fi\/blogi\/wp-json\/wp\/v2\/comments?post=10974"}],"version-history":[{"count":18,"href":"https:\/\/www.valonkuvia.fi\/blogi\/wp-json\/wp\/v2\/posts\/10974\/revisions"}],"predecessor-version":[{"id":22941,"href":"https:\/\/www.valonkuvia.fi\/blogi\/wp-json\/wp\/v2\/posts\/10974\/revisions\/22941"}],"wp:attachment":[{"href":"https:\/\/www.valonkuvia.fi\/blogi\/wp-json\/wp\/v2\/media?parent=10974"}],"wp:term":[{"taxonomy":"category","embeddable":true,"href":"https:\/\/www.valonkuvia.fi\/blogi\/wp-json\/wp\/v2\/categories?post=10974"},{"taxonomy":"post_tag","embeddable":true,"href":"https:\/\/www.valonkuvia.fi\/blogi\/wp-json\/wp\/v2\/tags?post=10974"}],"curies":[{"name":"wp","href":"https:\/\/api.w.org\/{rel}","templated":true}]}}