{"id":11529,"date":"2017-05-17T23:05:09","date_gmt":"2017-05-17T20:05:09","guid":{"rendered":"http:\/\/www.valonkuvia.fi\/blogi\/?p=11529"},"modified":"2023-04-02T17:21:15","modified_gmt":"2023-04-02T14:21:15","slug":"kari-ikonen-ikonostasis","status":"publish","type":"post","link":"https:\/\/www.valonkuvia.fi\/blogi\/kari-ikonen-ikonostasis\/","title":{"rendered":"Kari Ikonen: Ikonostasis (Ozella Music, 2017)"},"content":{"rendered":"\n<figure class=\"wp-block-image aligncenter size-full wp-image-11533 is-style-default\"><img data-recalc-dims=\"1\" loading=\"lazy\" decoding=\"async\" width=\"640\" height=\"427\" src=\"https:\/\/i0.wp.com\/www.valonkuvia.fi\/blogi\/wp-content\/uploads\/2017\/05\/30266172003_36fd1c6b30_z.jpg?resize=640%2C427\" alt=\"\" class=\"wp-image-11533\" srcset=\"https:\/\/i0.wp.com\/www.valonkuvia.fi\/blogi\/wp-content\/uploads\/2017\/05\/30266172003_36fd1c6b30_z.jpg?w=640&amp;ssl=1 640w, https:\/\/i0.wp.com\/www.valonkuvia.fi\/blogi\/wp-content\/uploads\/2017\/05\/30266172003_36fd1c6b30_z.jpg?resize=426%2C284&amp;ssl=1 426w, https:\/\/i0.wp.com\/www.valonkuvia.fi\/blogi\/wp-content\/uploads\/2017\/05\/30266172003_36fd1c6b30_z.jpg?resize=600%2C400&amp;ssl=1 600w\" sizes=\"auto, (max-width: 640px) 100vw, 640px\" \/><figcaption class=\"wp-element-caption\">Kari Ikonen, Tampere Jazz Happening, 2016<\/figcaption><\/figure>\n\n\n\n<p><strong>Kari Ikosen<\/strong> uutuus on&nbsp;selke\u00e4sti Ikosen soololevy, Ikosen visioista rakennettu albumi, jolla&nbsp;piano- ett\u00e4 Moog-soolojen lis\u00e4ksi on duoesityksi\u00e4 klarinetisti Louis <strong>Sclavisin<\/strong>&nbsp;ja veteraanirumpali <strong>Bob Mosesin<\/strong> kanssa. Lis\u00e4ksi trumpetisti <strong>Mathias Eick<\/strong> liittyy Ikosen ja Mosesin seuraksi yhden trioesityksen ajaksi<em>.&nbsp;<\/em><\/p>\n\n\n\n<p>Levyn nimi viitannee (mahdollisen sanaleikin ohella) ortodoksisen kirkon ikonostaasiin eli kuvasein\u00e4\u00e4n, joka kirkon hyvin n\u00e4kyv\u00e4n\u00e4 rakenteena erottaa kirkkosalin alttarista. Symbolisella tasolla ikonostaasi on n\u00e4kyv\u00e4n maailman ja n\u00e4kym\u00e4tt\u00f6m\u00e4n maailman rajalla. Vaikka joissakin s\u00e4vellysten nimiss\u00e4 on viittauksia uskonnolliseen sis\u00e4lt\u00f6\u00f6n (<em>&#8221;Proph\u00e9tes&#8221;<\/em>, <em>&#8221;Sacrament&#8221;<\/em> ja <em>&#8221;Trinity&#8221;<\/em>), ainakaan ilmeisi\u00e4 yhteyksi\u00e4 ortodoksiseen musiikkiin ei kuulu.<\/p>\n\n\n\n<p>Sen sijaan Ikosen pianotrion ohjelmistosta tutun armenialaisen musiikin kaikuja tuntuu h\u00e4iv\u00e4ht\u00e4v\u00e4n yli 14 minuuttia kest\u00e4v\u00e4ll\u00e4 trioraidalla \u201d<em>Trinity<\/em>\u201d. Se on levyn vaikuttavin (ja pisin) esitys, jolla Mathias Eickin yht\u00e4 aikaa hauras ja majesteetillinen trumpetti on p\u00e4\u00e4osassa. Trion musiikkia olisin mieluusti kuunnellut enemm\u00e4nkin, ehk\u00e4p\u00e4 t\u00e4t\u00e4 Pori Jazzeilla kes\u00e4ll\u00e4 2016 \u00e4\u00e4nitetty\u00e4 materiaalia julkaistaan viel\u00e4 lis\u00e4\u00e4 jossain yhteydess\u00e4.<\/p>\n\n\n\n<p>Levyn soundimaailmaa hallitsee pianoa enemm\u00e4n kuitenkin Ikosen toinen instrumentti, Moog-syntesoija, jonka taitajaksi Ikonen on v\u00e4hitellen kehittynyt. Niinp\u00e4 Ikonen saa soittimesta irti rikkaita s\u00e4vyj\u00e4, pelkk\u00e4\u00e4 ujellusta paljon syvempi\u00e4 soundeja. Moog kieppuu villeiss\u00e4 py\u00f6rteiss\u00e4&nbsp;Sclavisin klarinetin kanssa &#8221;<em>Proph\u00e9tes<\/em>&#8221;, piirt\u00e4\u00e4 eksoottisen kuvan it\u00e4maisesta basaarista (<em>\u201dCatubada De Tehran\u201d<\/em>) tai herkistelee hienovaraisin piirroin (<em>\u201dSinephony\u201d <\/em>ja&nbsp;<em>\u201dCappella Nella Luna<\/em><i>\u201d<\/i>).<\/p>\n\n\n\n<p><em>\u201dIkonostasis\u201d<\/em> on rohkea levy, jota on mahdoton luokitella valmiisiin lokeroihin, sen verran moneen suuntaan se tavoittelee. Useista kokoonpanoistaan ja n\u00e4k\u00f6kulmistaan huolimatta levy on yll\u00e4tt\u00e4v\u00e4n kiinte\u00e4 kokonaisuus, Ikosen vahvojen n\u00e4kemysten yhteen liimaama teos.<\/p>\n\n\n\n<p>Lis\u00e4sin levyn <a href=\"https:\/\/www.evernote.com\/l\/APGNZjITbeRIVbUYssSfpXMwqpxYAGItDsU\">Vuoden valinnat 2017<\/a> -listalle.<\/p>\n\n\n\n<p><strong>Kari Ikonen<\/strong>: Ikonostasis (Ozella Music, 2017)<br>\n<em>Kari Ikonen, piano, Moog, Fender Rhodes, Ra-Kalaam Bob Moses, rummut, Louis Sclavis, klarinetti, bassoklarinetti, Mathias Eick, trumpetti<\/em><\/p>\n\n\n\n<figure class=\"wp-block-image aligncenter is-style-default\"><img data-recalc-dims=\"1\" loading=\"lazy\" decoding=\"async\" width=\"426\" height=\"426\" src=\"https:\/\/i0.wp.com\/www.valonkuvia.fi\/blogi\/wp-content\/uploads\/2017\/05\/ikonostasis-426x426.jpeg?resize=426%2C426\" alt=\"\" class=\"wp-image-11539\" srcset=\"https:\/\/i0.wp.com\/www.valonkuvia.fi\/blogi\/wp-content\/uploads\/2017\/05\/ikonostasis.jpeg?resize=426%2C426&amp;ssl=1 426w, https:\/\/i0.wp.com\/www.valonkuvia.fi\/blogi\/wp-content\/uploads\/2017\/05\/ikonostasis.jpeg?resize=150%2C150&amp;ssl=1 150w, https:\/\/i0.wp.com\/www.valonkuvia.fi\/blogi\/wp-content\/uploads\/2017\/05\/ikonostasis.jpeg?resize=100%2C100&amp;ssl=1 100w, https:\/\/i0.wp.com\/www.valonkuvia.fi\/blogi\/wp-content\/uploads\/2017\/05\/ikonostasis.jpeg?resize=50%2C50&amp;ssl=1 50w, https:\/\/i0.wp.com\/www.valonkuvia.fi\/blogi\/wp-content\/uploads\/2017\/05\/ikonostasis.jpeg?w=520&amp;ssl=1 520w\" sizes=\"auto, (max-width: 426px) 100vw, 426px\" \/><\/figure>\n\n\n\n<h4 class=\"wp-block-heading\">Kari Ikonen &amp; Louis Sclavis Keravan kirkossa 2016<\/h4>\n\n\n\n<p><iframe loading=\"lazy\" src=\"https:\/\/www.youtube.com\/embed\/QmyFI-5n2JM\" width=\"640\" height=\"360\" frameborder=\"0\" allowfullscreen=\"allowfullscreen\"><\/iframe><\/p>\n","protected":false},"excerpt":{"rendered":"<p>Kari Ikosen uutuus on&nbsp;selke\u00e4sti Ikosen soololevy, Ikosen visioista rakennettu albumi, jolla&nbsp;piano- ett\u00e4 Moog-soolojen lis\u00e4ksi on duoesityksi\u00e4 klarinetisti Louis Sclavisin&nbsp;ja veteraanirumpali Bob Mosesin kanssa. Lis\u00e4ksi trumpetisti Mathias Eick liittyy Ikosen ja Mosesin seuraksi yhden trioesityksen ajaksi.&nbsp; Levyn nimi viitannee (mahdollisen sanaleikin ohella) ortodoksisen kirkon ikonostaasiin eli kuvasein\u00e4\u00e4n, joka kirkon hyvin n\u00e4kyv\u00e4n\u00e4 rakenteena erottaa kirkkosalin alttarista. Symbolisella [&hellip;]<\/p>\n","protected":false},"author":1,"featured_media":0,"comment_status":"open","ping_status":"open","sticky":false,"template":"","format":"standard","meta":{"ngg_post_thumbnail":0,"_jetpack_memberships_contains_paid_content":false,"footnotes":"","jetpack_publicize_message":"","jetpack_publicize_feature_enabled":true,"jetpack_social_post_already_shared":true,"jetpack_social_options":{"image_generator_settings":{"template":"highway","default_image_id":0,"font":"","enabled":false},"version":2}},"categories":[3],"tags":[80,13,192,476,18],"class_list":["post-11529","post","type-post","status-publish","format-standard","hentry","category-jazz","tag-eurooppalainen-jazz","tag-jazzlevyt-2","tag-kari-ikonen","tag-moog","tag-suomalainen-jazz"],"jetpack_publicize_connections":[],"jetpack_featured_media_url":"","jetpack_likes_enabled":false,"jetpack_sharing_enabled":true,"_links":{"self":[{"href":"https:\/\/www.valonkuvia.fi\/blogi\/wp-json\/wp\/v2\/posts\/11529","targetHints":{"allow":["GET"]}}],"collection":[{"href":"https:\/\/www.valonkuvia.fi\/blogi\/wp-json\/wp\/v2\/posts"}],"about":[{"href":"https:\/\/www.valonkuvia.fi\/blogi\/wp-json\/wp\/v2\/types\/post"}],"author":[{"embeddable":true,"href":"https:\/\/www.valonkuvia.fi\/blogi\/wp-json\/wp\/v2\/users\/1"}],"replies":[{"embeddable":true,"href":"https:\/\/www.valonkuvia.fi\/blogi\/wp-json\/wp\/v2\/comments?post=11529"}],"version-history":[{"count":14,"href":"https:\/\/www.valonkuvia.fi\/blogi\/wp-json\/wp\/v2\/posts\/11529\/revisions"}],"predecessor-version":[{"id":22925,"href":"https:\/\/www.valonkuvia.fi\/blogi\/wp-json\/wp\/v2\/posts\/11529\/revisions\/22925"}],"wp:attachment":[{"href":"https:\/\/www.valonkuvia.fi\/blogi\/wp-json\/wp\/v2\/media?parent=11529"}],"wp:term":[{"taxonomy":"category","embeddable":true,"href":"https:\/\/www.valonkuvia.fi\/blogi\/wp-json\/wp\/v2\/categories?post=11529"},{"taxonomy":"post_tag","embeddable":true,"href":"https:\/\/www.valonkuvia.fi\/blogi\/wp-json\/wp\/v2\/tags?post=11529"}],"curies":[{"name":"wp","href":"https:\/\/api.w.org\/{rel}","templated":true}]}}