{"id":1162,"date":"2011-10-24T20:03:12","date_gmt":"2011-10-24T17:03:12","guid":{"rendered":"http:\/\/www.valonkuvia.fi\/blogi\/?p=1162"},"modified":"2023-03-30T10:25:31","modified_gmt":"2023-03-30T07:25:31","slug":"korvien-puhdistusta","status":"publish","type":"post","link":"https:\/\/www.valonkuvia.fi\/blogi\/korvien-puhdistusta\/","title":{"rendered":"Korvien puhdistusta"},"content":{"rendered":"\n<p>Saksofonisti Mikko Innanen on varmasti suomalaisen jazzkent\u00e4n moni-ilmeisimpi\u00e4 muusikoita, joka on mielell\u00e4\u00e4n mukana hyvin monenlaisissa taiteellisissa ymp\u00e4rist\u00f6iss\u00e4. H\u00e4n on yht\u00e4 lailla kotonaan svengaavassa nykyjazzissa kuin keskell\u00e4 musiikin rajoja uhkarohkeasti koettelevia kokeiluja. Innanen on mukana kahdella levyuutuudella, jotka hyvin havainnollistavat t\u00e4t\u00e4 laaja-alaisuutta.<\/p>\n\n\n\n<p>Hepa Halmeen (saksofoni, huilut), Mikko Innasen (saksofonit ja muut \u00e4\u00e4nil\u00e4hteet) ja Teemu Korpip\u00e4\u00e4n (elektroniikka) \u201dPIKNIK\u201d-levy koostuu 22 lyhyehk\u00f6st\u00e4 raidasta, er\u00e4\u00e4nlaisista \u00e4\u00e4ni-installaatioista, joista lyhimm\u00e4t ovat vain vajaat puoli minuuttia kest\u00e4vi\u00e4 v\u00e4l\u00e4hdyksi\u00e4. Kolmikko koostaa v\u00e4h\u00e4eleisen musiikkinsa saksofonin t\u00f6r\u00e4hdyksist\u00e4, sekalaisista soundikatkelmista, itsep\u00e4isesti hakkaavista rytmeist\u00e4, kolinoista, narinoista ja suhinoista. <\/p>\n\n\n\n<p>N\u00e4in syntyy ohikiit\u00e4vi\u00e4 ja oudosti kiehtovia \u00e4\u00e4nimaisemia, jotka ovat mainiosti linjassa kannen ep\u00e4ter\u00e4vien Polaroid-kuvien kanssa. Levyn kuulijalle voisi hyvin antaa kuunteluohjeen: \u00c4l\u00e4 yrit\u00e4k\u00e4\u00e4n ymm\u00e4rt\u00e4\u00e4, vaan k\u00e4yt\u00e4 puhdistusaineena keskinkertaisen valtavirran puuduttamille korville. Ja vaikka \u201dPIKNIK\u201d ei kovin usein valikoituisi kuunneltavaksi, on musiikkitarjonnan monimuotoisuuden vuoksi pelk\u00e4st\u00e4\u00e4n hyv\u00e4, ett\u00e4 my\u00f6s n\u00e4m\u00e4 \u00e4\u00e4niseikkailut on uskallettu tallentaa ja julkaista. <\/p>\n\n\n\n<p>Mikko Innasen perinteisemp\u00e4\u00e4 jazzpuolta edustaa suomalais-tanskalainen Delirium-yhtye, joka on toiminut jo yli kymmenen vuotta. Innasen lis\u00e4ksi yhtyeess\u00e4 soittavat Kasper Tranberg (trumpetti), Jonas Westergaard (basso) ja Stefan Pasborg (rummut). Kvartetti on julkaissut nyt kolmannen levyns\u00e4 \u201dGreen Side Up\u201d, joka jatkaa edelt\u00e4jiens\u00e4 (\u201dDelirium\u201d, 2002 ja \u201dEclexistence\u201d, 2005) jalanj\u00e4ljill\u00e4 vahvan svengin ja improvisaation maailmoissa. <\/p>\n\n\n\n<p>Delirium soittaa silkkaa jazzia, el\u00e4m\u00e4nmakuista ja rehev\u00e4\u00e4. Sen musiikilliset juuret ovat ilmeiset, sill\u00e4 Deliriumin musiikissa kohtaavat niin Ornette Coleman, Charles Mingus, Duke Ellington kuin vapaan improvisaation kahlitsematon henkikin. Delirium v\u00e4ltt\u00e4\u00e4 kaikkea pikkusiev\u00e4\u00e4 kaunomaalailua ja l\u00e4iskii musiikkinsa kuultavaksi ronskin leve\u00e4ll\u00e4 siveltimell\u00e4. Yhtye on kuitenkin niin taitavien muusikoiden kollektiivi, ett\u00e4 se onnistuu samalla tavoittamaan laajan musiikillisen s\u00e4vyasteikon. Kvartetti toisaalta svengaa vapautuneesti ja toisaalta s\u00e4ilytt\u00e4\u00e4 intensiteettins\u00e4 my\u00f6s hitaammassa, balladimaisessa ilmaisussa.<\/p>\n\n\n\n<p><strong>Halme \u2013 Innanen \u2013 Korpip\u00e4\u00e4<\/strong>: PIKNIK (Fiasko Records, 2011)<br>\n<strong>Delirium<\/strong>: Green Side Up (ILK Music, 2011)<\/p>\n\n\n\n<p><em>Julkaistu Pohjolan Sanomissa 24.10.2011.<\/em><\/p>\n\n\n\n<div class=\"wp-block-group is-content-justification-center is-nowrap is-layout-flex wp-container-core-group-is-layout-23441af8 wp-block-group-is-layout-flex\">\n<figure class=\"wp-block-image alignright is-style-default\"><img data-recalc-dims=\"1\" loading=\"lazy\" decoding=\"async\" width=\"150\" height=\"150\" src=\"https:\/\/i0.wp.com\/www.valonkuvia.fi\/blogi\/wp-content\/uploads\/2011\/10\/piknik-150x150.jpg?resize=150%2C150\" alt=\"Halme, Korpip\u00e4\u00e4, Innanen: PIKNIK\" class=\"wp-image-1166\" title=\"Halme, Korpip\u00e4\u00e4, Innanen: PIKNIK\" srcset=\"https:\/\/i0.wp.com\/www.valonkuvia.fi\/blogi\/wp-content\/uploads\/2011\/10\/piknik.jpg?resize=150%2C150&amp;ssl=1 150w, https:\/\/i0.wp.com\/www.valonkuvia.fi\/blogi\/wp-content\/uploads\/2011\/10\/piknik.jpg?resize=100%2C100&amp;ssl=1 100w, https:\/\/i0.wp.com\/www.valonkuvia.fi\/blogi\/wp-content\/uploads\/2011\/10\/piknik.jpg?zoom=2&amp;resize=150%2C150&amp;ssl=1 300w, https:\/\/i0.wp.com\/www.valonkuvia.fi\/blogi\/wp-content\/uploads\/2011\/10\/piknik.jpg?zoom=3&amp;resize=150%2C150&amp;ssl=1 450w\" sizes=\"auto, (max-width: 150px) 100vw, 150px\" \/><\/figure>\n\n\n\n<figure class=\"wp-block-image alignright is-style-default\"><img data-recalc-dims=\"1\" loading=\"lazy\" decoding=\"async\" width=\"150\" height=\"150\" src=\"https:\/\/i0.wp.com\/www.valonkuvia.fi\/blogi\/wp-content\/uploads\/2011\/10\/Delirium_Green_Side_Up-150x150.jpg?resize=150%2C150\" alt=\"Delirium: Green Side Up\" class=\"wp-image-1163\" title=\"Delirium: Green Side Up\" srcset=\"https:\/\/i0.wp.com\/www.valonkuvia.fi\/blogi\/wp-content\/uploads\/2011\/10\/Delirium_Green_Side_Up.jpg?resize=150%2C150&amp;ssl=1 150w, https:\/\/i0.wp.com\/www.valonkuvia.fi\/blogi\/wp-content\/uploads\/2011\/10\/Delirium_Green_Side_Up.jpg?resize=300%2C300&amp;ssl=1 300w, https:\/\/i0.wp.com\/www.valonkuvia.fi\/blogi\/wp-content\/uploads\/2011\/10\/Delirium_Green_Side_Up.jpg?resize=399%2C400&amp;ssl=1 399w, https:\/\/i0.wp.com\/www.valonkuvia.fi\/blogi\/wp-content\/uploads\/2011\/10\/Delirium_Green_Side_Up.jpg?resize=100%2C100&amp;ssl=1 100w, https:\/\/i0.wp.com\/www.valonkuvia.fi\/blogi\/wp-content\/uploads\/2011\/10\/Delirium_Green_Side_Up.jpg?w=886&amp;ssl=1 886w\" sizes=\"auto, (max-width: 150px) 100vw, 150px\" \/><\/figure>\n<\/div>\n","protected":false},"excerpt":{"rendered":"<p>Saksofonisti Mikko Innanen on varmasti suomalaisen jazzkent\u00e4n moni-ilmeisimpi\u00e4 muusikoita, joka on mielell\u00e4\u00e4n mukana hyvin monenlaisissa taiteellisissa ymp\u00e4rist\u00f6iss\u00e4. H\u00e4n on yht\u00e4 lailla kotonaan svengaavassa nykyjazzissa kuin keskell\u00e4 musiikin rajoja uhkarohkeasti koettelevia kokeiluja. Innanen on mukana kahdella levyuutuudella, jotka hyvin havainnollistavat t\u00e4t\u00e4 laaja-alaisuutta. Hepa Halmeen (saksofoni, huilut), Mikko Innasen (saksofonit ja muut \u00e4\u00e4nil\u00e4hteet) ja Teemu Korpip\u00e4\u00e4n (elektroniikka) [&hellip;]<\/p>\n","protected":false},"author":1,"featured_media":0,"comment_status":"open","ping_status":"open","sticky":false,"template":"","format":"standard","meta":{"ngg_post_thumbnail":0,"_jetpack_memberships_contains_paid_content":false,"footnotes":"","jetpack_publicize_message":"","jetpack_publicize_feature_enabled":true,"jetpack_social_post_already_shared":false,"jetpack_social_options":{"image_generator_settings":{"template":"highway","default_image_id":0,"font":"","enabled":false},"version":2}},"categories":[3],"tags":[13,53,66,23,18],"class_list":["post-1162","post","type-post","status-publish","format-standard","hentry","category-jazz","tag-jazzlevyt-2","tag-mikko-innanen","tag-pohjolan-sanomat","tag-saksofoni","tag-suomalainen-jazz"],"jetpack_publicize_connections":[],"jetpack_featured_media_url":"","jetpack_likes_enabled":false,"jetpack_sharing_enabled":true,"_links":{"self":[{"href":"https:\/\/www.valonkuvia.fi\/blogi\/wp-json\/wp\/v2\/posts\/1162","targetHints":{"allow":["GET"]}}],"collection":[{"href":"https:\/\/www.valonkuvia.fi\/blogi\/wp-json\/wp\/v2\/posts"}],"about":[{"href":"https:\/\/www.valonkuvia.fi\/blogi\/wp-json\/wp\/v2\/types\/post"}],"author":[{"embeddable":true,"href":"https:\/\/www.valonkuvia.fi\/blogi\/wp-json\/wp\/v2\/users\/1"}],"replies":[{"embeddable":true,"href":"https:\/\/www.valonkuvia.fi\/blogi\/wp-json\/wp\/v2\/comments?post=1162"}],"version-history":[{"count":11,"href":"https:\/\/www.valonkuvia.fi\/blogi\/wp-json\/wp\/v2\/posts\/1162\/revisions"}],"predecessor-version":[{"id":22325,"href":"https:\/\/www.valonkuvia.fi\/blogi\/wp-json\/wp\/v2\/posts\/1162\/revisions\/22325"}],"wp:attachment":[{"href":"https:\/\/www.valonkuvia.fi\/blogi\/wp-json\/wp\/v2\/media?parent=1162"}],"wp:term":[{"taxonomy":"category","embeddable":true,"href":"https:\/\/www.valonkuvia.fi\/blogi\/wp-json\/wp\/v2\/categories?post=1162"},{"taxonomy":"post_tag","embeddable":true,"href":"https:\/\/www.valonkuvia.fi\/blogi\/wp-json\/wp\/v2\/tags?post=1162"}],"curies":[{"name":"wp","href":"https:\/\/api.w.org\/{rel}","templated":true}]}}