{"id":11651,"date":"2017-07-23T22:09:55","date_gmt":"2017-07-23T19:09:55","guid":{"rendered":"http:\/\/www.valonkuvia.fi\/blogi\/?p=11651"},"modified":"2023-04-02T17:17:53","modified_gmt":"2023-04-02T14:17:53","slug":"hyvaluoma-group-reflection","status":"publish","type":"post","link":"https:\/\/www.valonkuvia.fi\/blogi\/hyvaluoma-group-reflection\/","title":{"rendered":"Hyv\u00e4luoma Group: Reflection (Lusti Music, 2017)"},"content":{"rendered":"\n<figure class=\"wp-block-image aligncenter size-large wp-image-11680 is-style-default\"><img data-recalc-dims=\"1\" loading=\"lazy\" decoding=\"async\" width=\"852\" height=\"568\" src=\"https:\/\/i0.wp.com\/www.valonkuvia.fi\/blogi\/wp-content\/uploads\/2017\/07\/hyvaluomagroup_tero_ahonen-852x568.jpg?resize=852%2C568\" alt=\"\" class=\"wp-image-11680\" srcset=\"https:\/\/i0.wp.com\/www.valonkuvia.fi\/blogi\/wp-content\/uploads\/2017\/07\/hyvaluomagroup_tero_ahonen.jpg?resize=852%2C568&amp;ssl=1 852w, https:\/\/i0.wp.com\/www.valonkuvia.fi\/blogi\/wp-content\/uploads\/2017\/07\/hyvaluomagroup_tero_ahonen.jpg?resize=426%2C284&amp;ssl=1 426w, https:\/\/i0.wp.com\/www.valonkuvia.fi\/blogi\/wp-content\/uploads\/2017\/07\/hyvaluomagroup_tero_ahonen.jpg?resize=768%2C512&amp;ssl=1 768w, https:\/\/i0.wp.com\/www.valonkuvia.fi\/blogi\/wp-content\/uploads\/2017\/07\/hyvaluomagroup_tero_ahonen.jpg?resize=600%2C400&amp;ssl=1 600w, https:\/\/i0.wp.com\/www.valonkuvia.fi\/blogi\/wp-content\/uploads\/2017\/07\/hyvaluomagroup_tero_ahonen.jpg?w=1620&amp;ssl=1 1620w\" sizes=\"auto, (max-width: 852px) 100vw, 852px\" \/><figcaption class=\"wp-element-caption\">Hyv\u00e4luoma Group. Kuva: Tero Ahonen<\/figcaption><\/figure>\n\n\n\n<p>Sanat kuvaavat v\u00e4ist\u00e4m\u00e4tt\u00e4 vaillinaisesti musiikkia. Kuitenkin esimerkiksi merkityksilt\u00e4\u00e4n ep\u00e4m\u00e4\u00e4r\u00e4isi\u00e4 musiikinlajien nimi\u00e4 on pakko k\u00e4ytt\u00e4\u00e4, vaikka kuinka pit\u00e4isi arvossa musiikillisten raja-aitojen ylitt\u00e4mist\u00e4. Kansanmusiikkia p\u00e4\u00e4asiassa soittavan viulisti <strong>Tero Hyv\u00e4luoman<\/strong> toinen albumi \u201d<em>Reflection<\/em>\u201d nostaa esiin mietteit\u00e4 sanojen rajallisuudesta ja musiikin rajattomuudesta.<\/p>\n\n\n\n<p>Levylt\u00e4 voi vaivatta tunnistaa viitteit\u00e4 eri kansanmusiikeista, jazzista, progerockista tai klassisestakin. Avausraita \u201d<em>Bulgarian Punishment<\/em>\u201d (katso video alempana) svengaa vastustamattomasti balkanilaisrytmeiss\u00e4\u00e4n. \u201d<em>High School Highbrow<\/em>\u201d taiteilee folkin ja jazzin vaiheilla, kun alun pelimanniteemasta p\u00e4\u00e4dyt\u00e4\u00e4n lopulta bassosooloon ja samalla nykyjazzin maisemiin. \u201d<em>Scandinavian Overture<\/em>\u201d puolestaan vie kansanmusiikin progen suuntaan, kunnes yhtye vilist\u00e4\u00e4 villin jazzin mukana peikkojen mets\u00e4stysretkelle \u201d<em>Goblin Chase<\/em>\u201d. Levyn p\u00e4\u00e4tteeksi l\u00f6ydet\u00e4\u00e4n kaunis tasapaino raidalla \u201d<em>Hang in the Balance<\/em>\u201d, joka voisi mainiosti soida vaikkapa jonkin elokuvan melankolisten maisemakuvien taustalla.<\/p>\n\n\n\n<p>Hyv\u00e4luoma Groupin vaikutteet ovat siis avoimesti esill\u00e4, mutta yhtye onnistuu sulauttamaan kaikki ainekset tasapainoiseksi yhtyesoundiksi ja samalla v\u00e4ltt\u00e4\u00e4 tyylikk\u00e4\u00e4sti sillisalaatin vaaran. Tarkan ja taitavan orkesterin muusikoista eniten esille p\u00e4\u00e4sev\u00e4t Hyv\u00e4luoma viuluineen ja <strong>Harri Kuusij\u00e4rvi&nbsp;<\/strong>harmonikkansa kanssa. Kestoltaan LP-levyn mittainen (38 minuuttia) \u201d<em>Reflection<\/em>\u201d on kompakti kokonaisuus raikasta, uutta instrumentaalimusiikkia. Hieno levy p\u00e4\u00e4see mukaan t\u00e4m\u00e4n vuoden suosituslistalleni: <a href=\"https:\/\/www.evernote.com\/l\/APGNZjITbeRIVbUYssSfpXMwqpxYAGItDsU\">Vuoden valinnat 2017<\/a>.<\/p>\n\n\n\n<p><strong>Hyv\u00e4luoma Group<\/strong>: Reflection (Lusti Music, 2017)<br>\n<em>Tero Hyv\u00e4luoma, viulu, Harri Kuusij\u00e4rvi, harmonikka, Matias Tyni, piano, Vesa Ojaniemi, kontrabasso, Jesse Ojaj\u00e4rvi, rummut<\/em><\/p>\n\n\n\n<figure class=\"wp-block-image aligncenter is-style-default\"><img data-recalc-dims=\"1\" loading=\"lazy\" decoding=\"async\" width=\"615\" height=\"614\" src=\"https:\/\/i0.wp.com\/www.valonkuvia.fi\/blogi\/wp-content\/uploads\/2017\/07\/hyvaluoma.jpg?resize=615%2C614\" alt=\"\" class=\"wp-image-11685\" srcset=\"https:\/\/i0.wp.com\/www.valonkuvia.fi\/blogi\/wp-content\/uploads\/2017\/07\/hyvaluoma.jpg?w=615&amp;ssl=1 615w, https:\/\/i0.wp.com\/www.valonkuvia.fi\/blogi\/wp-content\/uploads\/2017\/07\/hyvaluoma.jpg?resize=150%2C150&amp;ssl=1 150w, https:\/\/i0.wp.com\/www.valonkuvia.fi\/blogi\/wp-content\/uploads\/2017\/07\/hyvaluoma.jpg?resize=426%2C426&amp;ssl=1 426w, https:\/\/i0.wp.com\/www.valonkuvia.fi\/blogi\/wp-content\/uploads\/2017\/07\/hyvaluoma.jpg?resize=100%2C100&amp;ssl=1 100w, https:\/\/i0.wp.com\/www.valonkuvia.fi\/blogi\/wp-content\/uploads\/2017\/07\/hyvaluoma.jpg?resize=50%2C50&amp;ssl=1 50w\" sizes=\"auto, (max-width: 615px) 100vw, 615px\" \/><\/figure>\n\n\n\n<h4 class=\"wp-block-heading\">Hyv\u00e4luoma Group: Bulgarian Punishment<\/h4>\n\n\n\n<p class=\"has-text-align-center\"><br> <iframe loading=\"lazy\" src=\"https:\/\/www.youtube.com\/embed\/NzKsWAqi4jU\" width=\"640\" height=\"360\" frameborder=\"0\" allowfullscreen=\"allowfullscreen\"><\/iframe><\/p>\n","protected":false},"excerpt":{"rendered":"<p>Sanat kuvaavat v\u00e4ist\u00e4m\u00e4tt\u00e4 vaillinaisesti musiikkia. Kuitenkin esimerkiksi merkityksilt\u00e4\u00e4n ep\u00e4m\u00e4\u00e4r\u00e4isi\u00e4 musiikinlajien nimi\u00e4 on pakko k\u00e4ytt\u00e4\u00e4, vaikka kuinka pit\u00e4isi arvossa musiikillisten raja-aitojen ylitt\u00e4mist\u00e4. Kansanmusiikkia p\u00e4\u00e4asiassa soittavan viulisti Tero Hyv\u00e4luoman toinen albumi \u201dReflection\u201d nostaa esiin mietteit\u00e4 sanojen rajallisuudesta ja musiikin rajattomuudesta. Levylt\u00e4 voi vaivatta tunnistaa viitteit\u00e4 eri kansanmusiikeista, jazzista, progerockista tai klassisestakin. Avausraita \u201dBulgarian Punishment\u201d (katso video alempana) [&hellip;]<\/p>\n","protected":false},"author":1,"featured_media":0,"comment_status":"open","ping_status":"open","sticky":false,"template":"","format":"standard","meta":{"ngg_post_thumbnail":0,"_jetpack_memberships_contains_paid_content":false,"footnotes":"","jetpack_publicize_message":"","jetpack_publicize_feature_enabled":true,"jetpack_social_post_already_shared":true,"jetpack_social_options":{"image_generator_settings":{"template":"highway","default_image_id":0,"font":"","enabled":false},"version":2}},"categories":[3],"tags":[483,454,13,481,482,59,399],"class_list":["post-11651","post","type-post","status-publish","format-standard","hentry","category-jazz","tag-harmonikka","tag-harri-kuusijarvi","tag-jazzlevyt-2","tag-kansanmusiikki","tag-tero-hyvaluoma","tag-video","tag-viulu"],"jetpack_publicize_connections":[],"jetpack_featured_media_url":"","jetpack_likes_enabled":false,"jetpack_sharing_enabled":true,"_links":{"self":[{"href":"https:\/\/www.valonkuvia.fi\/blogi\/wp-json\/wp\/v2\/posts\/11651","targetHints":{"allow":["GET"]}}],"collection":[{"href":"https:\/\/www.valonkuvia.fi\/blogi\/wp-json\/wp\/v2\/posts"}],"about":[{"href":"https:\/\/www.valonkuvia.fi\/blogi\/wp-json\/wp\/v2\/types\/post"}],"author":[{"embeddable":true,"href":"https:\/\/www.valonkuvia.fi\/blogi\/wp-json\/wp\/v2\/users\/1"}],"replies":[{"embeddable":true,"href":"https:\/\/www.valonkuvia.fi\/blogi\/wp-json\/wp\/v2\/comments?post=11651"}],"version-history":[{"count":13,"href":"https:\/\/www.valonkuvia.fi\/blogi\/wp-json\/wp\/v2\/posts\/11651\/revisions"}],"predecessor-version":[{"id":22922,"href":"https:\/\/www.valonkuvia.fi\/blogi\/wp-json\/wp\/v2\/posts\/11651\/revisions\/22922"}],"wp:attachment":[{"href":"https:\/\/www.valonkuvia.fi\/blogi\/wp-json\/wp\/v2\/media?parent=11651"}],"wp:term":[{"taxonomy":"category","embeddable":true,"href":"https:\/\/www.valonkuvia.fi\/blogi\/wp-json\/wp\/v2\/categories?post=11651"},{"taxonomy":"post_tag","embeddable":true,"href":"https:\/\/www.valonkuvia.fi\/blogi\/wp-json\/wp\/v2\/tags?post=11651"}],"curies":[{"name":"wp","href":"https:\/\/api.w.org\/{rel}","templated":true}]}}