{"id":11729,"date":"2017-08-25T00:02:24","date_gmt":"2017-08-24T21:02:24","guid":{"rendered":"http:\/\/www.valonkuvia.fi\/blogi\/?p=11729"},"modified":"2023-04-02T17:14:25","modified_gmt":"2023-04-02T14:14:25","slug":"john-abercrombie-1944-2017","status":"publish","type":"post","link":"https:\/\/www.valonkuvia.fi\/blogi\/john-abercrombie-1944-2017\/","title":{"rendered":"John Abercrombie (1944 -2017)"},"content":{"rendered":"\n<figure class=\"wp-block-image aligncenter size-full wp-image-11730 is-style-default\"><img data-recalc-dims=\"1\" loading=\"lazy\" decoding=\"async\" width=\"640\" height=\"434\" src=\"https:\/\/i0.wp.com\/www.valonkuvia.fi\/blogi\/wp-content\/uploads\/2017\/08\/John-Abercrombie_%C2%A9John-Rogers-ECM-Records-e1503607879392.jpg?resize=640%2C434\" alt=\"\" class=\"wp-image-11730\"\/><figcaption class=\"wp-element-caption\">John Abercrombie Kuva: John Rogers\/ECM Records<\/figcaption><\/figure>\n\n\n\n<p>Amerikkalainen kitaristi <strong>John Abercrombie<\/strong> kuoli 72-vuotiaan 22.8.2017. Abercrombie nousi esille 1960-luvun lopulla ensimm\u00e4isiin rockjazzyhtyeisiin kuuluneessa Dreams-yhtyeess\u00e4, jonka johtajana toimi rumpali <strong>Billy Cobham<\/strong>. Abercrombie aloitti 1970-luvun alussa yhteisty\u00f6n saksalainen ECM-levymerkin ja sen maineikkaan tuottajan Manfred Eicherin kanssa. <\/p>\n\n\n\n<p>Yhteisty\u00f6 jatkui vuosikymmeni\u00e4 ja Abercrombiesta tuli er\u00e4s levy-yhti\u00f6n keskeisist\u00e4 taiteilijoista ja samalla nykyjazzin merkitt\u00e4vimmist\u00e4 kitaristeista. Abercrombien viimeiseksi j\u00e4\u00e4nyt levy \u201d<em>Up and Coming<\/em>&#8221; ilmestyi viime tammikuussa ECM:n julkaisemana.<\/p>\n\n\n\n<p>Abercrombie k\u00e4\u00e4ntyi l\u00e4pimurtovuosien rockjazzista lyyrisemp\u00e4\u00e4n suuntaan. Lopulta h\u00e4n p\u00e4\u00e4tyi aina kamarimusiikkia ja free jazzia l\u00e4hentyv\u00e4\u00e4n ilmaisuun kvartetissan, jossa soittivat mm. viulisti <strong>Mark Feldman<\/strong> ja rumpali <strong>Joey Baron<\/strong>. <\/p>\n\n\n\n<p>Abercrombie esiintyi vuosia sitten trionsa kanssa Haaparannalla. Triossa soitti rumpuja varmasti <strong>Adam Nussbaum<\/strong> ja bassoa muistaakseni <strong>Lars Danielsson<\/strong>. Konsertista on jo aikaa, enk\u00e4 onnistunut varmistamaan ajankohtaa.<\/p>\n\n\n\n<p>Lue New York Timesin muistokirjoitus ja l\u00e4pileikkaus Abercrombien urasta: <a href=\"https:\/\/www.nytimes.com\/2017\/08\/23\/arts\/music\/john-abercrombie-lyrical-jazz-guitarist-dies-at-72.html?mcubz=3&amp;_r=0\">John Abercrombie, Lyrical Jazz Guitarist, Dies at 72<\/a><\/p>\n\n\n\n<h4 class=\"wp-block-heading\">John Abercrombie &#8211; Dave Holland &#8211; Jack DeJohnette &#8211; Homecoming<\/h4>\n\n\n\n<p><iframe loading=\"lazy\" width=\"640\" height=\"360\" src=\"https:\/\/www.youtube.com\/embed\/CQF9bJE800s\" frameborder=\"0\" allowfullscreen=\"\"><\/iframe><\/p>\n","protected":false},"excerpt":{"rendered":"<p>Amerikkalainen kitaristi John Abercrombie kuoli 72-vuotiaan 22.8.2017. Abercrombie nousi esille 1960-luvun lopulla ensimm\u00e4isiin rockjazzyhtyeisiin kuuluneessa Dreams-yhtyeess\u00e4, jonka johtajana toimi rumpali Billy Cobham. Abercrombie aloitti 1970-luvun alussa yhteisty\u00f6n saksalainen ECM-levymerkin ja sen maineikkaan tuottajan Manfred Eicherin kanssa. Yhteisty\u00f6 jatkui vuosikymmeni\u00e4 ja Abercrombiesta tuli er\u00e4s levy-yhti\u00f6n keskeisist\u00e4 taiteilijoista ja samalla nykyjazzin merkitt\u00e4vimmist\u00e4 kitaristeista. Abercrombien viimeiseksi j\u00e4\u00e4nyt levy [&hellip;]<\/p>\n","protected":false},"author":1,"featured_media":0,"comment_status":"open","ping_status":"open","sticky":false,"template":"","format":"standard","meta":{"ngg_post_thumbnail":0,"_jetpack_memberships_contains_paid_content":false,"footnotes":"","jetpack_publicize_message":"","jetpack_publicize_feature_enabled":true,"jetpack_social_post_already_shared":true,"jetpack_social_options":{"image_generator_settings":{"template":"highway","default_image_id":0,"font":"","enabled":false},"version":2}},"categories":[3],"tags":[20,97,67,49,59],"class_list":["post-11729","post","type-post","status-publish","format-standard","hentry","category-jazz","tag-amerikkalainen-jazz","tag-ecm","tag-in-memoriam","tag-kitara","tag-video"],"jetpack_publicize_connections":[],"jetpack_featured_media_url":"","jetpack_likes_enabled":false,"jetpack_sharing_enabled":true,"_links":{"self":[{"href":"https:\/\/www.valonkuvia.fi\/blogi\/wp-json\/wp\/v2\/posts\/11729","targetHints":{"allow":["GET"]}}],"collection":[{"href":"https:\/\/www.valonkuvia.fi\/blogi\/wp-json\/wp\/v2\/posts"}],"about":[{"href":"https:\/\/www.valonkuvia.fi\/blogi\/wp-json\/wp\/v2\/types\/post"}],"author":[{"embeddable":true,"href":"https:\/\/www.valonkuvia.fi\/blogi\/wp-json\/wp\/v2\/users\/1"}],"replies":[{"embeddable":true,"href":"https:\/\/www.valonkuvia.fi\/blogi\/wp-json\/wp\/v2\/comments?post=11729"}],"version-history":[{"count":5,"href":"https:\/\/www.valonkuvia.fi\/blogi\/wp-json\/wp\/v2\/posts\/11729\/revisions"}],"predecessor-version":[{"id":22919,"href":"https:\/\/www.valonkuvia.fi\/blogi\/wp-json\/wp\/v2\/posts\/11729\/revisions\/22919"}],"wp:attachment":[{"href":"https:\/\/www.valonkuvia.fi\/blogi\/wp-json\/wp\/v2\/media?parent=11729"}],"wp:term":[{"taxonomy":"category","embeddable":true,"href":"https:\/\/www.valonkuvia.fi\/blogi\/wp-json\/wp\/v2\/categories?post=11729"},{"taxonomy":"post_tag","embeddable":true,"href":"https:\/\/www.valonkuvia.fi\/blogi\/wp-json\/wp\/v2\/tags?post=11729"}],"curies":[{"name":"wp","href":"https:\/\/api.w.org\/{rel}","templated":true}]}}