{"id":1184,"date":"2011-10-30T23:15:27","date_gmt":"2011-10-30T21:15:27","guid":{"rendered":"http:\/\/www.valonkuvia.fi\/blogi\/?p=1184"},"modified":"2023-04-02T23:04:28","modified_gmt":"2023-04-02T20:04:28","slug":"manuel-dunkel-yrjo-2011","status":"publish","type":"post","link":"https:\/\/www.valonkuvia.fi\/blogi\/manuel-dunkel-yrjo-2011\/","title":{"rendered":"Manuel Dunkel &#8211; Yrj\u00f6 2011"},"content":{"rendered":"\n<p>Suomen Jazzliiton vuoden 2011 Yrj\u00f6-palkinto luovutettiin la 29.10. Valtakunnallisilla Jazzp\u00e4ivill\u00e4 Turussa.<\/p>\n\n\n\n<p>Yrj\u00f6n perustelut:<\/p>\n\n\n\n<p><em>&#8221;Vuonna 1971 syntynyt Manuel Dunkel on kuulunut Suomen eturivin saksofonistien joukkoon jo l\u00e4hes kaksi vuosikymment\u00e4. Palkitun valinnasta vastannut Jazzliiton hallitus haluaa erityisesti nostaa esille Dunkelin hienostuneen melodia- ja harmonian\u00e4kemyksen, joka yhdistyy saumattomasti juurevaan bluesiin ja monipuoliseen rytmink\u00e4sittelyyn. <\/em><em>\n<\/em><\/p>\n\n\n\n<p><em>UMOssa ja lukemattomissa muissa kokoonpanoissa ty\u00f6skentelemisen lis\u00e4ksi Dunkel on johtanut aktiivisesti omia korkeatasoisia yhtyeit\u00e4\u00e4n. Valitsijaraati pit\u00e4\u00e4 Dunkelia eritt\u00e4in tyylitajuisena soittajana, joka pystyy mukautumaan monenlaisiin musiikillisiin ymp\u00e4rist\u00f6ihin s\u00e4ilytt\u00e4en silti aina persoonallisen \u00e4\u00e4nens\u00e4.&#8221;<\/em><\/p>\n\n\n\n<figure class=\"wp-block-image aligncenter is-resized is-style-default\"><img data-recalc-dims=\"1\" loading=\"lazy\" decoding=\"async\" src=\"https:\/\/i0.wp.com\/www.valonkuvia.fi\/blogi\/wp-content\/uploads\/2011\/10\/Manuel_Dunkel-225x300.jpg?resize=333%2C444\" alt=\"Manuel Dunkel - Yll\u00e4s Jazz &amp; Blue 2006\" class=\"wp-image-1185\" width=\"333\" height=\"444\" title=\"Manuel Dunkel Yll\u00e4s Jazz &amp; Blues 2006\" srcset=\"https:\/\/i0.wp.com\/www.valonkuvia.fi\/blogi\/wp-content\/uploads\/2011\/10\/Manuel_Dunkel.jpg?resize=225%2C300&amp;ssl=1 225w, https:\/\/i0.wp.com\/www.valonkuvia.fi\/blogi\/wp-content\/uploads\/2011\/10\/Manuel_Dunkel.jpg?resize=300%2C400&amp;ssl=1 300w, https:\/\/i0.wp.com\/www.valonkuvia.fi\/blogi\/wp-content\/uploads\/2011\/10\/Manuel_Dunkel.jpg?w=450&amp;ssl=1 450w\" sizes=\"auto, (max-width: 333px) 100vw, 333px\" \/><\/figure>\n","protected":false},"excerpt":{"rendered":"<p>Suomen Jazzliiton vuoden 2011 Yrj\u00f6-palkinto luovutettiin la 29.10. Valtakunnallisilla Jazzp\u00e4ivill\u00e4 Turussa. Yrj\u00f6n perustelut: &#8221;Vuonna 1971 syntynyt Manuel Dunkel on kuulunut Suomen eturivin saksofonistien joukkoon jo l\u00e4hes kaksi vuosikymment\u00e4. Palkitun valinnasta vastannut Jazzliiton hallitus haluaa erityisesti nostaa esille Dunkelin hienostuneen melodia- ja harmonian\u00e4kemyksen, joka yhdistyy saumattomasti juurevaan bluesiin ja monipuoliseen rytmink\u00e4sittelyyn. UMOssa ja lukemattomissa muissa kokoonpanoissa [&hellip;]<\/p>\n","protected":false},"author":1,"featured_media":0,"comment_status":"open","ping_status":"open","sticky":false,"template":"","format":"standard","meta":{"ngg_post_thumbnail":0,"_jetpack_memberships_contains_paid_content":false,"footnotes":"","jetpack_publicize_message":"","jetpack_publicize_feature_enabled":true,"jetpack_social_post_already_shared":false,"jetpack_social_options":{"image_generator_settings":{"template":"highway","default_image_id":0,"font":"","enabled":false},"version":2}},"categories":[3],"tags":[654,23,79,54],"class_list":["post-1184","post","type-post","status-publish","format-standard","hentry","category-jazz","tag-manuel-dunkel","tag-saksofoni","tag-suomen-jazzliitto","tag-yrjo-palkinto"],"jetpack_publicize_connections":[],"jetpack_featured_media_url":"","jetpack_likes_enabled":false,"jetpack_sharing_enabled":true,"_links":{"self":[{"href":"https:\/\/www.valonkuvia.fi\/blogi\/wp-json\/wp\/v2\/posts\/1184","targetHints":{"allow":["GET"]}}],"collection":[{"href":"https:\/\/www.valonkuvia.fi\/blogi\/wp-json\/wp\/v2\/posts"}],"about":[{"href":"https:\/\/www.valonkuvia.fi\/blogi\/wp-json\/wp\/v2\/types\/post"}],"author":[{"embeddable":true,"href":"https:\/\/www.valonkuvia.fi\/blogi\/wp-json\/wp\/v2\/users\/1"}],"replies":[{"embeddable":true,"href":"https:\/\/www.valonkuvia.fi\/blogi\/wp-json\/wp\/v2\/comments?post=1184"}],"version-history":[{"count":12,"href":"https:\/\/www.valonkuvia.fi\/blogi\/wp-json\/wp\/v2\/posts\/1184\/revisions"}],"predecessor-version":[{"id":23109,"href":"https:\/\/www.valonkuvia.fi\/blogi\/wp-json\/wp\/v2\/posts\/1184\/revisions\/23109"}],"wp:attachment":[{"href":"https:\/\/www.valonkuvia.fi\/blogi\/wp-json\/wp\/v2\/media?parent=1184"}],"wp:term":[{"taxonomy":"category","embeddable":true,"href":"https:\/\/www.valonkuvia.fi\/blogi\/wp-json\/wp\/v2\/categories?post=1184"},{"taxonomy":"post_tag","embeddable":true,"href":"https:\/\/www.valonkuvia.fi\/blogi\/wp-json\/wp\/v2\/tags?post=1184"}],"curies":[{"name":"wp","href":"https:\/\/api.w.org\/{rel}","templated":true}]}}