{"id":12332,"date":"2018-04-06T22:55:19","date_gmt":"2018-04-06T19:55:19","guid":{"rendered":"http:\/\/www.valonkuvia.fi\/blogi\/?p=12332"},"modified":"2023-04-02T16:51:59","modified_gmt":"2023-04-02T13:51:59","slug":"cecil-taylor-1929-2018","status":"publish","type":"post","link":"https:\/\/www.valonkuvia.fi\/blogi\/cecil-taylor-1929-2018\/","title":{"rendered":"Cecil Taylor (1929 &#8211; 2018)"},"content":{"rendered":"\n<figure class=\"wp-block-image aligncenter size-large wp-image-12334 is-style-default\"><img data-recalc-dims=\"1\" loading=\"lazy\" decoding=\"async\" width=\"852\" height=\"639\" src=\"https:\/\/i0.wp.com\/www.valonkuvia.fi\/blogi\/wp-content\/uploads\/2018\/04\/Cecil_Taylor_by_Peter_Gannushkin-04-copy-852x639.jpg?resize=852%2C639\" alt=\"\" class=\"wp-image-12334\" srcset=\"https:\/\/i0.wp.com\/www.valonkuvia.fi\/blogi\/wp-content\/uploads\/2018\/04\/Cecil_Taylor_by_Peter_Gannushkin-04-copy.jpg?resize=852%2C639&amp;ssl=1 852w, https:\/\/i0.wp.com\/www.valonkuvia.fi\/blogi\/wp-content\/uploads\/2018\/04\/Cecil_Taylor_by_Peter_Gannushkin-04-copy.jpg?resize=426%2C320&amp;ssl=1 426w, https:\/\/i0.wp.com\/www.valonkuvia.fi\/blogi\/wp-content\/uploads\/2018\/04\/Cecil_Taylor_by_Peter_Gannushkin-04-copy.jpg?resize=768%2C576&amp;ssl=1 768w, https:\/\/i0.wp.com\/www.valonkuvia.fi\/blogi\/wp-content\/uploads\/2018\/04\/Cecil_Taylor_by_Peter_Gannushkin-04-copy.jpg?w=1224&amp;ssl=1 1224w\" sizes=\"auto, (max-width: 852px) 100vw, 852px\" \/><figcaption class=\"wp-element-caption\">Cecil Taylor. Kuva: <a href=\"https:\/\/www.instagram.com\/sonicbeet\/\">Peter Gannushkin<\/a><\/figcaption><\/figure>\n\n\n\n<p>Amerikkalainen pianisti <strong>Cecil Taylor<\/strong> kuoli 5.4.2018 89-vuotiaana. Taylor tunnettiin \u00e4\u00e4rimm\u00e4isen tinkim\u00e4tt\u00f6m\u00e4n\u00e4 oman tiensa kulkijana, joka ei koskaan tehnyt taiteensa kanssa kompromisseja. Vaikka Taylor soitti ensimm\u00e4isill\u00e4, 1950-luvun j\u00e4lkipuoliskolla ilmestyneill\u00e4, levyill\u00e4\u00e4n my\u00f6s standardikappaleita, k\u00e4sitteli h\u00e4n niit\u00e4kin omalla ainutlaatuisella ja uuttaluovalla tavallaan. Taylorin debyyttilevy \u201d<em>Jazz Advance<\/em>\u201d (1956) on <strong>Brian Mortonin<\/strong> mukaan radikaali ja sen tulkinnat veitsenter\u00e4vi\u00e4 sek\u00e4 syv\u00e4n melodisia.<\/p>\n\n\n\n<p>Taylor j\u00e4tti 1960-luvulla lopullisesti standardit ja siirtyi yh\u00e4 abstraktimpaan suuntaan, jossa h\u00e4n hylk\u00e4si oikeaoppisen jazzin perinteiset arvot. Samaan aikaan alkoi pitk\u00e4\u00e4n jatkunut yhteisty\u00f6 alttosaksofonisti <strong>Jimmy Lyonsin<\/strong> kanssa. Lyonsin saksofoni piti abstraktia free jazzia soittaneen Taylorin kuitenkin kiinni jazzin perinteess\u00e4 ja bluesissa. My\u00f6s rumpalit <strong>Sunny Murray <\/strong>ja <strong>Andrew Cyrille<\/strong> kuuluivat Taylorin yhtyeiden ydinjoukkoon.<\/p>\n\n\n\n<p>Taylorin musiikki ei suinkaan ole kokonaan improvisoitua, vaikka ennalta s\u00e4velletty\u00e4 materiaalia ainakin minun on vaikea hahmottaa monesti massiivisen energian keskelt\u00e4. Vuonna 1966 ilmestyneet kaksi Blue Note -levy\u00e4 (\u201d<em>Conquistador<\/em>!\u201d ja \u201d<em>Unit Structures<\/em>\u201d) perustuu pitk\u00e4lti s\u00e4vellyksiin. My\u00f6s esimerkiksi ison orkesterin albumi &#8221;<em>Winged Serpent (Sliding Quadrants)<\/em>\u201d (Soul Note, 1984) kuulostaa silt\u00e4 kuin siin\u00e4 olisi s\u00e4velletty\u00e4 materiaalia.<\/p>\n\n\n\n<p>Sain kuulla Tayloria kolmessa eri konsertissa. Ensimm\u00e4inen oli Turku Jazz -festivaalilla 1980-luvun puoliv\u00e4liss\u00e4, kun Taylor soitti soolokonsertin Sibelius-museossa. En ollut tuolloin viel\u00e4 kuunnellut montakaan Taylorin levy\u00e4, mutta \u00e4lysin kuitenkin menn\u00e4 paikalle. Jotain Taylorin voimasta kertoo se, ett\u00e4 konsertista on j\u00e4\u00e4nyt mieleeni kirkas mielikuva, vaikka yksityiskohtia en tietenk\u00e4\u00e4n en\u00e4\u00e4 muista.<\/p>\n\n\n\n<p>Seuraavan kerran kuulin Tayloria kahdessa Raahen Rantajatsien konsertissa vuonna 1998, ensin yhtyeen kanssa Fantin lavalla (muistikuva: Taylor lavalla ja sel\u00e4n takana pulina tarjoilualueelta) ja sitten sek\u00e4 soolona ett\u00e4 uudelleen yhtyeen kanssa koulun juhlasalissa. Raahessa esiintyi Taylorin eurooppalainen kvartetti (eli <strong>Harri Sj\u00f6str\u00f6m<\/strong>, saksofoni, <strong>Tristan Honsinger<\/strong>, sello, <strong>Teppo Hauta-Aho<\/strong>, basso ja <strong>Paul Lovens<\/strong>,rummut), jolta ei ilmeisesti koskaan tallennettu musiikkia. (<strong>HUOMIO!<\/strong> Tampere Jazz Happeningissa vuonna 1998 Ylen \u00e4\u00e4nitt\u00e4m\u00e4 konsertti julkaistiin vuonna 2021 nimell\u00e4 &#8221;<a href=\"https:\/\/www.discogs.com\/Cecil-Taylor-Quintet-Lifting-The-Bandstand\/release\/17158279\">Lifting The Bandstand<\/a>&#8221;).<\/p>\n\n\n\n<p>Taylorin musiikki on usein j\u00e4rk\u00e4lem\u00e4ist\u00e4 ja \u00e4\u00e4rimm\u00e4isen intensiivist\u00e4. Kappaleet saattavat olla koko levyn mittaisia, eiv\u00e4tk\u00e4 totutut jazzin kuuntelemisen tavat aina auta. Toisaalta h\u00e4nen pianonsoittonsa kohoaa v\u00e4lill\u00e4 selitt\u00e4m\u00e4tt\u00f6m\u00e4lt\u00e4 tuntuvalle tasolle, jossa energia ja lyyrisyys yhtyv\u00e4t. Taylor loi oman, t\u00e4ysin uniikin maailmansa, jossa kuuntelijalla riitt\u00e4\u00e4 tutkittavaa, l\u00f6ydett\u00e4v\u00e4\u00e4. Ja elett\u00e4v\u00e4\u00e4, sill\u00e4 Taylorin musiikki vaatii aikansa.<\/p>\n\n\n\n<figure class=\"wp-block-image aligncenter is-style-default\"><img data-recalc-dims=\"1\" loading=\"lazy\" decoding=\"async\" width=\"640\" height=\"480\" src=\"https:\/\/i0.wp.com\/www.valonkuvia.fi\/blogi\/wp-content\/uploads\/2018\/04\/taylor_levyt.jpg?resize=640%2C480\" alt=\"\" class=\"wp-image-12339\" srcset=\"https:\/\/i0.wp.com\/www.valonkuvia.fi\/blogi\/wp-content\/uploads\/2018\/04\/taylor_levyt.jpg?w=640&amp;ssl=1 640w, https:\/\/i0.wp.com\/www.valonkuvia.fi\/blogi\/wp-content\/uploads\/2018\/04\/taylor_levyt.jpg?resize=426%2C320&amp;ssl=1 426w\" sizes=\"auto, (max-width: 640px) 100vw, 640px\" \/><\/figure>\n\n\n\n<h4 class=\"wp-block-heading\">Lue lis\u00e4\u00e4:<\/h4>\n\n\n\n<p><a href=\"https:\/\/www.nytimes.com\/2018\/04\/06\/obituaries\/cecil-taylor-dead.html\">Cecil Taylor, Pianist Who Defied Jazz Orthodoxy, Is Dead at 89<\/a>; <strong>Ben Ratliffin<\/strong> muistokirjoitus ja l\u00e4pileikkaus Taylorin urasta New York Timesissa<br><a href=\"https:\/\/ethaniverson.com\/2018\/04\/05\/the-world-of-cecil-taylor\/\">The World of Cecil Taylor<\/a>; <strong>Ethan Iversonin<\/strong> muistosanat<br><a href=\"https:\/\/youtu.be\/wU0EXOnsqgE\">Gary Giddins- Backstage Interview on Cecil Taylor<\/a>; jazzkriitikko <strong>Gary Giddins<\/strong> avaa Taylorin musiikkia mielenkiintoisessa haastattelussa (video).<\/p>\n\n\n\n<h4 class=\"wp-block-heading\">Cecil Taylor &#8211; Free Improvisation #3<\/h4>\n\n\n\n<p>Pianosoolo vuodelta 1981, elokuvasta \u201d<em>Imagine The Sound<\/em>&#8221;<\/p>\n\n\n\n<p><iframe loading=\"lazy\" src=\"https:\/\/www.youtube.com\/embed\/EstPgi4eMe4\" width=\"560\" height=\"315\" frameborder=\"0\" allowfullscreen=\"allowfullscreen\"><\/iframe><\/p>\n","protected":false},"excerpt":{"rendered":"<p>Amerikkalainen pianisti Cecil Taylor kuoli 5.4.2018 89-vuotiaana. Taylor tunnettiin \u00e4\u00e4rimm\u00e4isen tinkim\u00e4tt\u00f6m\u00e4n\u00e4 oman tiensa kulkijana, joka ei koskaan tehnyt taiteensa kanssa kompromisseja. Vaikka Taylor soitti ensimm\u00e4isill\u00e4, 1950-luvun j\u00e4lkipuoliskolla ilmestyneill\u00e4, levyill\u00e4\u00e4n my\u00f6s standardikappaleita, k\u00e4sitteli h\u00e4n niit\u00e4kin omalla ainutlaatuisella ja uuttaluovalla tavallaan. Taylorin debyyttilevy \u201dJazz Advance\u201d (1956) on Brian Mortonin mukaan radikaali ja sen tulkinnat veitsenter\u00e4vi\u00e4 sek\u00e4 syv\u00e4n [&hellip;]<\/p>\n","protected":false},"author":1,"featured_media":12334,"comment_status":"open","ping_status":"open","sticky":false,"template":"","format":"standard","meta":{"ngg_post_thumbnail":0,"_jetpack_memberships_contains_paid_content":false,"footnotes":"","jetpack_publicize_message":"","jetpack_publicize_feature_enabled":true,"jetpack_social_post_already_shared":true,"jetpack_social_options":{"image_generator_settings":{"template":"highway","default_image_id":0,"font":"","enabled":false},"version":2}},"categories":[3],"tags":[20,82,96,67,346,41,59],"class_list":["post-12332","post","type-post","status-publish","format-standard","has-post-thumbnail","hentry","category-jazz","tag-amerikkalainen-jazz","tag-cecil-taylor","tag-free-jazz","tag-in-memoriam","tag-klassikot","tag-piano","tag-video"],"jetpack_publicize_connections":[],"jetpack_featured_media_url":"https:\/\/i0.wp.com\/www.valonkuvia.fi\/blogi\/wp-content\/uploads\/2018\/04\/Cecil_Taylor_by_Peter_Gannushkin-04-copy.jpg?fit=1224%2C918&ssl=1","jetpack_likes_enabled":false,"jetpack_sharing_enabled":true,"_links":{"self":[{"href":"https:\/\/www.valonkuvia.fi\/blogi\/wp-json\/wp\/v2\/posts\/12332","targetHints":{"allow":["GET"]}}],"collection":[{"href":"https:\/\/www.valonkuvia.fi\/blogi\/wp-json\/wp\/v2\/posts"}],"about":[{"href":"https:\/\/www.valonkuvia.fi\/blogi\/wp-json\/wp\/v2\/types\/post"}],"author":[{"embeddable":true,"href":"https:\/\/www.valonkuvia.fi\/blogi\/wp-json\/wp\/v2\/users\/1"}],"replies":[{"embeddable":true,"href":"https:\/\/www.valonkuvia.fi\/blogi\/wp-json\/wp\/v2\/comments?post=12332"}],"version-history":[{"count":30,"href":"https:\/\/www.valonkuvia.fi\/blogi\/wp-json\/wp\/v2\/posts\/12332\/revisions"}],"predecessor-version":[{"id":22901,"href":"https:\/\/www.valonkuvia.fi\/blogi\/wp-json\/wp\/v2\/posts\/12332\/revisions\/22901"}],"wp:featuredmedia":[{"embeddable":true,"href":"https:\/\/www.valonkuvia.fi\/blogi\/wp-json\/wp\/v2\/media\/12334"}],"wp:attachment":[{"href":"https:\/\/www.valonkuvia.fi\/blogi\/wp-json\/wp\/v2\/media?parent=12332"}],"wp:term":[{"taxonomy":"category","embeddable":true,"href":"https:\/\/www.valonkuvia.fi\/blogi\/wp-json\/wp\/v2\/categories?post=12332"},{"taxonomy":"post_tag","embeddable":true,"href":"https:\/\/www.valonkuvia.fi\/blogi\/wp-json\/wp\/v2\/tags?post=12332"}],"curies":[{"name":"wp","href":"https:\/\/api.w.org\/{rel}","templated":true}]}}