{"id":12408,"date":"2018-04-21T12:59:24","date_gmt":"2018-04-21T09:59:24","guid":{"rendered":"http:\/\/www.valonkuvia.fi\/blogi\/?p=12408"},"modified":"2023-03-31T10:45:48","modified_gmt":"2023-03-31T07:45:48","slug":"kari-ikonen-trio-wind-frost-radiation-ozella-music-2018","status":"publish","type":"post","link":"https:\/\/www.valonkuvia.fi\/blogi\/kari-ikonen-trio-wind-frost-radiation-ozella-music-2018\/","title":{"rendered":"Kari Ikonen Trio: Wind, Frost &#038; Radiation (Ozella Music, 2018)"},"content":{"rendered":"\n<figure class=\"wp-block-image is-style-default\"><img data-recalc-dims=\"1\" loading=\"lazy\" decoding=\"async\" width=\"852\" height=\"568\" src=\"https:\/\/i0.wp.com\/www.valonkuvia.fi\/blogi\/wp-content\/uploads\/2018\/04\/Kari_Ikonen_Helsinki2014-852x568.jpg?resize=852%2C568\" alt=\"\" class=\"wp-image-12409\" srcset=\"https:\/\/i0.wp.com\/www.valonkuvia.fi\/blogi\/wp-content\/uploads\/2018\/04\/Kari_Ikonen_Helsinki2014.jpg?resize=852%2C568&amp;ssl=1 852w, https:\/\/i0.wp.com\/www.valonkuvia.fi\/blogi\/wp-content\/uploads\/2018\/04\/Kari_Ikonen_Helsinki2014.jpg?resize=426%2C284&amp;ssl=1 426w, https:\/\/i0.wp.com\/www.valonkuvia.fi\/blogi\/wp-content\/uploads\/2018\/04\/Kari_Ikonen_Helsinki2014.jpg?resize=768%2C512&amp;ssl=1 768w, https:\/\/i0.wp.com\/www.valonkuvia.fi\/blogi\/wp-content\/uploads\/2018\/04\/Kari_Ikonen_Helsinki2014.jpg?resize=600%2C400&amp;ssl=1 600w, https:\/\/i0.wp.com\/www.valonkuvia.fi\/blogi\/wp-content\/uploads\/2018\/04\/Kari_Ikonen_Helsinki2014.jpg?w=1772&amp;ssl=1 1772w\" sizes=\"auto, (max-width: 852px) 100vw, 852px\" \/><\/figure>\n\n\n\n<p>Pianisti <strong>Kari Ikosen<\/strong> trio on onnistunut l\u00e4hes mahdottomassa teht\u00e4v\u00e4ss\u00e4. Se nimitt\u00e4in on pystynyt luomaan itselleen sellaisen oman soundin, jolla se erottuu lukuisten muiden taitavien pianotriojen joukosta ja erottuu nimenomaan edukseen.<\/p>\n\n\n\n<p>Trion persoonallinen ilme tiivistyy vaikkapa yhtyeen kolmannen levyn raidalla \u201d<em>Beatemente<\/em>\u201d. Ikosen surumielisess\u00e4 melodiassa ja improvisaatiossa soi jazzin ja klassisen lis\u00e4ksi aavistus salaper\u00e4ist\u00e4 it\u00e4\u00e4. Trion soundin ainesosia ovat viel\u00e4 ripaus preparoitua pianoa, trion uuden basistin <strong>Olli Rantalan<\/strong> kirkas jousisointi sek\u00e4 <strong>Markku Ounaskarin<\/strong> aikaa ja tilaa j\u00e4sent\u00e4v\u00e4 rumpujen soitto.<\/p>\n\n\n\n<p>Albumilla on tietenkin my\u00f6s muita kohokohtia. T\u0161ernobylin alueen aavekaupungin mukaan nimetty \u201d<em>Pripyat<\/em>\u201d ja armenialaisen <strong>Aram Hat\u0161aturjanin<\/strong> \u201d<em>Waltz<\/em>\u201d sarjasta \u201d<em>Naamiaiset<\/em>&#8221; jatkavat \u201d<em>Beatementen<\/em>\u201d tasapainottelua syv\u00e4n melankolian ja kirkkaan valoisuuden v\u00e4lill\u00e4. <\/p>\n\n\n\n<figure class=\"wp-block-image aligncenter size-medium wp-image-12420 is-style-default\"><img data-recalc-dims=\"1\" loading=\"lazy\" decoding=\"async\" width=\"266\" height=\"426\" src=\"https:\/\/i0.wp.com\/www.valonkuvia.fi\/blogi\/wp-content\/uploads\/2018\/04\/shepherdessother00meynrich_0019-1-266x426.jpg?resize=266%2C426\" alt=\"\" class=\"wp-image-12420\" srcset=\"https:\/\/i0.wp.com\/www.valonkuvia.fi\/blogi\/wp-content\/uploads\/2018\/04\/shepherdessother00meynrich_0019-1.jpg?resize=266%2C426&amp;ssl=1 266w, https:\/\/i0.wp.com\/www.valonkuvia.fi\/blogi\/wp-content\/uploads\/2018\/04\/shepherdessother00meynrich_0019-1.jpg?w=478&amp;ssl=1 478w\" sizes=\"auto, (max-width: 266px) 100vw, 266px\" \/><figcaption class=\"wp-element-caption\">The Roaring Frost ilmestyi alunperin vuonna 1913 kirjassa The Shepherdess, and other verses.<\/figcaption><\/figure>\n\n\n\n<p>Ikosella on ollut mukava tapana tehd\u00e4 uusia versioita omista s\u00e4vellyksist\u00e4\u00e4n. Nyt uuden tulkinnan saa Karikko-yhtyeen ensimm\u00e4iselt\u00e4 levylt\u00e4 (Karikko, Fiasko Records, 2001) per\u00e4isin oleva \u201d<em>Kuru<\/em>\u201d. Ensimm\u00e4isen version sopraanosaksofonin, s\u00e4hk\u00f6kitaran ja pianon soinnit pelkistyv\u00e4t jousella soitetun basson ja pianon dialogiksi. <\/p>\n\n\n\n<p>Laulaja <strong>Mia Simanainen<\/strong> vierailee raidalla \u201d<em>The Roaring Frost<\/em>\u201d, joka perustuu englantilaisen kirjailijan <strong><a href=\"https:\/\/en.wikipedia.org\/wiki\/Alice_Meynell\">Alice Meynellin<\/a><\/strong> (1847-1922) tekstiin. Pelkistetyn vahva runo j\u00e4tt\u00e4\u00e4 j\u00e4lkeen kysymysmerkins\u00e4. My\u00f6sk\u00e4\u00e4n Ikosen hieno albumi ei avaudu suoralta k\u00e4delt\u00e4, ei tyhjene yhdell\u00e4 kuuntelulla, vaan j\u00e4tt\u00e4\u00e4 kuulijalle vahvan halun palata sen pariin uudestaan. <\/p>\n\n\n\n<p>Kari Ikosen kolme pianotriolevy\u00e4 ovat varmasti er\u00e4s suomalaisen jazzin hienoimmista kokonaisuuksista. Siisp\u00e4 on selv\u00e4\u00e4, ett\u00e4 \u201d<em>Wind, Frost &amp; Radiation<\/em>\u201d p\u00e4\u00e4see t\u00e4m\u00e4n vuoden kuuntelusuositusten joukkoon  -listalle.<\/p>\n\n\n\n<p><strong>Kari Ikonen Trio<\/strong>: Wind, Frost &amp; Radiation (Ozella Music, 2018)<br>\n<em>Kari Ikonen, piano, Olli Rantala, basso, Markku Ounaskari, rummut<\/em><\/p>\n\n\n\n<figure class=\"wp-block-image aligncenter is-style-default\"><img data-recalc-dims=\"1\" loading=\"lazy\" decoding=\"async\" width=\"426\" height=\"382\" src=\"https:\/\/i0.wp.com\/www.valonkuvia.fi\/blogi\/wp-content\/uploads\/2018\/04\/windfrostradiation-ikonen3-426x382.jpg?resize=426%2C382\" alt=\"\" class=\"wp-image-12412\" srcset=\"https:\/\/i0.wp.com\/www.valonkuvia.fi\/blogi\/wp-content\/uploads\/2018\/04\/windfrostradiation-ikonen3.jpg?resize=426%2C382&amp;ssl=1 426w, https:\/\/i0.wp.com\/www.valonkuvia.fi\/blogi\/wp-content\/uploads\/2018\/04\/windfrostradiation-ikonen3.jpg?resize=768%2C688&amp;ssl=1 768w, https:\/\/i0.wp.com\/www.valonkuvia.fi\/blogi\/wp-content\/uploads\/2018\/04\/windfrostradiation-ikonen3.jpg?resize=852%2C763&amp;ssl=1 852w, https:\/\/i0.wp.com\/www.valonkuvia.fi\/blogi\/wp-content\/uploads\/2018\/04\/windfrostradiation-ikonen3.jpg?w=1614&amp;ssl=1 1614w\" sizes=\"auto, (max-width: 426px) 100vw, 426px\" \/><\/figure>\n","protected":false},"excerpt":{"rendered":"<p>Pianisti Kari Ikosen trio on onnistunut l\u00e4hes mahdottomassa teht\u00e4v\u00e4ss\u00e4. Se nimitt\u00e4in on pystynyt luomaan itselleen sellaisen oman soundin, jolla se erottuu lukuisten muiden taitavien pianotriojen joukosta ja erottuu nimenomaan edukseen. Trion persoonallinen ilme tiivistyy vaikkapa yhtyeen kolmannen levyn raidalla \u201dBeatemente\u201d. Ikosen surumielisess\u00e4 melodiassa ja improvisaatiossa soi jazzin ja klassisen lis\u00e4ksi aavistus salaper\u00e4ist\u00e4 it\u00e4\u00e4. Trion soundin [&hellip;]<\/p>\n","protected":false},"author":1,"featured_media":0,"comment_status":"open","ping_status":"open","sticky":false,"template":"","format":"standard","meta":{"ngg_post_thumbnail":0,"_jetpack_memberships_contains_paid_content":false,"footnotes":"","jetpack_publicize_message":"","jetpack_publicize_feature_enabled":true,"jetpack_social_post_already_shared":true,"jetpack_social_options":{"image_generator_settings":{"template":"highway","default_image_id":0,"font":"","enabled":false},"version":2}},"categories":[3],"tags":[50,13,192,274,528,41,319,40,18],"class_list":["post-12408","post","type-post","status-publish","format-standard","hentry","category-jazz","tag-basso","tag-jazzlevyt-2","tag-kari-ikonen","tag-markku-ounaskari","tag-olli-rantala","tag-piano","tag-pianotrio","tag-rummut","tag-suomalainen-jazz"],"jetpack_publicize_connections":[],"jetpack_featured_media_url":"","jetpack_likes_enabled":false,"jetpack_sharing_enabled":true,"_links":{"self":[{"href":"https:\/\/www.valonkuvia.fi\/blogi\/wp-json\/wp\/v2\/posts\/12408","targetHints":{"allow":["GET"]}}],"collection":[{"href":"https:\/\/www.valonkuvia.fi\/blogi\/wp-json\/wp\/v2\/posts"}],"about":[{"href":"https:\/\/www.valonkuvia.fi\/blogi\/wp-json\/wp\/v2\/types\/post"}],"author":[{"embeddable":true,"href":"https:\/\/www.valonkuvia.fi\/blogi\/wp-json\/wp\/v2\/users\/1"}],"replies":[{"embeddable":true,"href":"https:\/\/www.valonkuvia.fi\/blogi\/wp-json\/wp\/v2\/comments?post=12408"}],"version-history":[{"count":15,"href":"https:\/\/www.valonkuvia.fi\/blogi\/wp-json\/wp\/v2\/posts\/12408\/revisions"}],"predecessor-version":[{"id":22548,"href":"https:\/\/www.valonkuvia.fi\/blogi\/wp-json\/wp\/v2\/posts\/12408\/revisions\/22548"}],"wp:attachment":[{"href":"https:\/\/www.valonkuvia.fi\/blogi\/wp-json\/wp\/v2\/media?parent=12408"}],"wp:term":[{"taxonomy":"category","embeddable":true,"href":"https:\/\/www.valonkuvia.fi\/blogi\/wp-json\/wp\/v2\/categories?post=12408"},{"taxonomy":"post_tag","embeddable":true,"href":"https:\/\/www.valonkuvia.fi\/blogi\/wp-json\/wp\/v2\/tags?post=12408"}],"curies":[{"name":"wp","href":"https:\/\/api.w.org\/{rel}","templated":true}]}}