{"id":12462,"date":"2018-05-08T22:02:04","date_gmt":"2018-05-08T19:02:04","guid":{"rendered":"http:\/\/www.valonkuvia.fi\/blogi\/?p=12462"},"modified":"2023-03-31T22:13:08","modified_gmt":"2023-03-31T19:13:08","slug":"lassy-moves","status":"publish","type":"post","link":"https:\/\/www.valonkuvia.fi\/blogi\/lassy-moves\/","title":{"rendered":"Lassy: Moves (Membran, 2018)"},"content":{"rendered":"\n<figure class=\"wp-block-image aligncenter size-large wp-image-12463 is-style-default\"><img data-recalc-dims=\"1\" loading=\"lazy\" decoding=\"async\" width=\"852\" height=\"568\" src=\"https:\/\/i0.wp.com\/www.valonkuvia.fi\/blogi\/wp-content\/uploads\/2018\/05\/Timo_Lassy_Raahe_2016-852x568.jpg?resize=852%2C568\" alt=\"\" class=\"wp-image-12463\" srcset=\"https:\/\/i0.wp.com\/www.valonkuvia.fi\/blogi\/wp-content\/uploads\/2018\/05\/Timo_Lassy_Raahe_2016.jpg?resize=852%2C568&amp;ssl=1 852w, https:\/\/i0.wp.com\/www.valonkuvia.fi\/blogi\/wp-content\/uploads\/2018\/05\/Timo_Lassy_Raahe_2016.jpg?resize=426%2C284&amp;ssl=1 426w, https:\/\/i0.wp.com\/www.valonkuvia.fi\/blogi\/wp-content\/uploads\/2018\/05\/Timo_Lassy_Raahe_2016.jpg?resize=768%2C512&amp;ssl=1 768w, https:\/\/i0.wp.com\/www.valonkuvia.fi\/blogi\/wp-content\/uploads\/2018\/05\/Timo_Lassy_Raahe_2016.jpg?resize=600%2C400&amp;ssl=1 600w, https:\/\/i0.wp.com\/www.valonkuvia.fi\/blogi\/wp-content\/uploads\/2018\/05\/Timo_Lassy_Raahe_2016.jpg?w=900&amp;ssl=1 900w\" sizes=\"auto, (max-width: 852px) 100vw, 852px\" \/><figcaption class=\"wp-element-caption\">Timo Lassy, Raahen Rantajatsit 2016<\/figcaption><\/figure>\n\n\n\n<p><strong>Timo Lassyn<\/strong> tuore \u201d<em>Moves<\/em>\u201d on h\u00e4nen t\u00e4h\u00e4n menness\u00e4 suurisuuntaisin ty\u00f6ns\u00e4, vinyyliversiona komeaksi tuplaksi levitt\u00e4ytyv\u00e4 albumi. Kymmenvuotisjuhlaansa viett\u00e4v\u00e4n vakiokokoonpanon, Timo Lassy Bandin, lis\u00e4ksi levyll\u00e4 soittaa joukko vieraita, joista kahdeksasta vaskisoittajasta koottu Ricky-Tick Big Band Brass on n\u00e4ytt\u00e4vin ja kuuluvin. Muita vieraita ovat saksofonisti <strong>Eero Koivistoinen<\/strong> kahdella raidalla sek\u00e4 laulajat <strong>Joyce Elaine-Yuille<\/strong> ja <strong>Paleface<\/strong> kumpikin omilla soolokappaleillaan.<\/p>\n\n\n\n<p>Ensikuulemalta voimakkaimmin esille nousevat juuri kappaleet, joilla Ricky-Tick Big Bandin puhaltajat soittavat <strong>Valtteri Laurell P\u00f6yh\u00f6sen<\/strong> sovittamia vaskiosuuksia. Avausraita \u201d<em>Q&amp;A<\/em>\u201d vie ajatuksia Coltranen suuntaa ja \u201d<em>Northern Express<\/em>\u201d svengaa v\u00e4kev\u00e4sti. Digeliuksen <strong>Emu Lehtisen<\/strong> muistolle omistettu \u201d<em>Lashes<\/em>\u201d kirjoittaa vaikuttavan muistokirjoituksen, yht\u00e4 aikaa vahvan ja surumielisen. \u201d<em>Elegy for a Free Spirit<\/em>\u201d on P\u00f6yh\u00f6sen s\u00e4velt\u00e4m\u00e4 klassinen jazzballadi, joka kunnioittaa puolestaan <strong>Henrik Otto Donnerin<\/strong> muistoa.<\/p>\n\n\n\n<p>Uusilla kuuntelukerroilla esille nousevat jo levyn muutkin kappaleet. Eero Koivistoinen on mukana sek\u00e4 omalla kappaleellaan \u201d<em>Casa de Ferro<\/em>\u201d ett\u00e4 Lassyn s\u00e4vellyksell\u00e4 \u201d<em>E71<\/em>\u201d, jonka nimi viittaa Koivistoisen ik\u00e4\u00e4n levytysaikaan. Kahden tenoristin johdolla yhtye soittaa intensiivisesti ja tunkeutuu kohti jazzin lujaa ydint\u00e4.<\/p>\n\n\n\n<p>Toki Timo Lassy Band toimii omana itsen\u00e4\u00e4n ilman vieraita. Nimikappaleella \u201d<em>Moves<\/em>\u201d kuullaan j\u00e4nnitt\u00e4v\u00e4n moniulotteinen pianosoolo, kaipauksen t\u00e4yteinen balladi \u201d<em>Love Spirit<\/em>\u201d keinahtelee lempe\u00e4sti, \u201d<em>Adriatic<\/em>\u201d kiit\u00e4\u00e4 kepe\u00e4sti ja M\u00e4kysen \u201d<em>Sundown At Sunset<\/em>\u201d hiippailee illanh\u00e4myn tunnelmissa ennen.<\/p>\n\n\n\n<p>Laulusolistien t\u00e4hditt\u00e4m\u00e4t kappaleet j\u00e4\u00e4v\u00e4t itselleni hieman t\u00e4ytekappaleiksi. Joyce Elaine-Yuillen laulama \u201d<em>Harlem\u00b4s Way<\/em>\u201d on ilman muuta p\u00e4tev\u00e4\u00e4 souljazzia. Sen sijaan Palefacen osuus p\u00e4\u00e4t\u00f6sraidalla \u201d<em>Trouble<\/em>\u201d ei ainakaan minun kohdallani toimi loppuhuipennuksena, mik\u00e4 saattaa olla paitsi makuasia my\u00f6s sukupolvikysymys. Kaiken kaikkiaan \u201d<em>Moves<\/em>\u201d on eritt\u00e4in kyps\u00e4 ja monipuolinen levytys, Lassyn uran t\u00e4h\u00e4nastinen p\u00e4\u00e4teos.<\/p>\n\n\n\n<p>\u201d<em>Moves<\/em>\u201d siirtyy tietenkin muiden kuuntelusuositusten joukkoon  -listalle.<\/p>\n\n\n\n<p><strong>Timo Lassy<\/strong>: Moves (Membran, 2018)<br><em>Timo Lassy, tenorisaksofoni, Georgios Kontrafouris, piano, kosketinsoittimet, Antti L\u00f6tj\u00f6nen, basso, Teppo M\u00e4kynen, rummut, Abdissa Assefa, ly\u00f6m\u00e4soittimet, Ricky-Tick Big Band Brass johtajanaan Valtteri Laurell P\u00f6yh\u00f6nen, Eero Koivistoinen, tenorisaksofoni, Joyce Elaine-Yuille, Paleface, laulu<\/em><\/p>\n\n\n\n<figure class=\"wp-block-image aligncenter is-style-default\"><img data-recalc-dims=\"1\" loading=\"lazy\" decoding=\"async\" width=\"426\" height=\"426\" src=\"https:\/\/i0.wp.com\/www.valonkuvia.fi\/blogi\/wp-content\/uploads\/2018\/05\/Timo_Lassy_Moves-426x426.jpg?resize=426%2C426\" alt=\"\" class=\"wp-image-12468\" srcset=\"https:\/\/i0.wp.com\/www.valonkuvia.fi\/blogi\/wp-content\/uploads\/2018\/05\/Timo_Lassy_Moves.jpg?resize=426%2C426&amp;ssl=1 426w, https:\/\/i0.wp.com\/www.valonkuvia.fi\/blogi\/wp-content\/uploads\/2018\/05\/Timo_Lassy_Moves.jpg?resize=150%2C150&amp;ssl=1 150w, https:\/\/i0.wp.com\/www.valonkuvia.fi\/blogi\/wp-content\/uploads\/2018\/05\/Timo_Lassy_Moves.jpg?resize=100%2C100&amp;ssl=1 100w, https:\/\/i0.wp.com\/www.valonkuvia.fi\/blogi\/wp-content\/uploads\/2018\/05\/Timo_Lassy_Moves.jpg?resize=50%2C50&amp;ssl=1 50w, https:\/\/i0.wp.com\/www.valonkuvia.fi\/blogi\/wp-content\/uploads\/2018\/05\/Timo_Lassy_Moves.jpg?w=640&amp;ssl=1 640w\" sizes=\"auto, (max-width: 426px) 100vw, 426px\" \/><\/figure>\n","protected":false},"excerpt":{"rendered":"<p>Timo Lassyn tuore \u201dMoves\u201d on h\u00e4nen t\u00e4h\u00e4n menness\u00e4 suurisuuntaisin ty\u00f6ns\u00e4, vinyyliversiona komeaksi tuplaksi levitt\u00e4ytyv\u00e4 albumi. Kymmenvuotisjuhlaansa viett\u00e4v\u00e4n vakiokokoonpanon, Timo Lassy Bandin, lis\u00e4ksi levyll\u00e4 soittaa joukko vieraita, joista kahdeksasta vaskisoittajasta koottu Ricky-Tick Big Band Brass on n\u00e4ytt\u00e4vin ja kuuluvin. Muita vieraita ovat saksofonisti Eero Koivistoinen kahdella raidalla sek\u00e4 laulajat Joyce Elaine-Yuille ja Paleface kumpikin omilla soolokappaleillaan. [&hellip;]<\/p>\n","protected":false},"author":1,"featured_media":0,"comment_status":"open","ping_status":"open","sticky":false,"template":"","format":"standard","meta":{"ngg_post_thumbnail":0,"_jetpack_memberships_contains_paid_content":false,"footnotes":"","jetpack_publicize_message":"","jetpack_publicize_feature_enabled":true,"jetpack_social_post_already_shared":true,"jetpack_social_options":{"image_generator_settings":{"template":"highway","default_image_id":0,"font":"","enabled":false},"version":2}},"categories":[3],"tags":[13,23,18,120],"class_list":["post-12462","post","type-post","status-publish","format-standard","hentry","category-jazz","tag-jazzlevyt-2","tag-saksofoni","tag-suomalainen-jazz","tag-timo-lassy"],"jetpack_publicize_connections":[],"jetpack_featured_media_url":"","jetpack_likes_enabled":false,"jetpack_sharing_enabled":true,"_links":{"self":[{"href":"https:\/\/www.valonkuvia.fi\/blogi\/wp-json\/wp\/v2\/posts\/12462","targetHints":{"allow":["GET"]}}],"collection":[{"href":"https:\/\/www.valonkuvia.fi\/blogi\/wp-json\/wp\/v2\/posts"}],"about":[{"href":"https:\/\/www.valonkuvia.fi\/blogi\/wp-json\/wp\/v2\/types\/post"}],"author":[{"embeddable":true,"href":"https:\/\/www.valonkuvia.fi\/blogi\/wp-json\/wp\/v2\/users\/1"}],"replies":[{"embeddable":true,"href":"https:\/\/www.valonkuvia.fi\/blogi\/wp-json\/wp\/v2\/comments?post=12462"}],"version-history":[{"count":13,"href":"https:\/\/www.valonkuvia.fi\/blogi\/wp-json\/wp\/v2\/posts\/12462\/revisions"}],"predecessor-version":[{"id":22556,"href":"https:\/\/www.valonkuvia.fi\/blogi\/wp-json\/wp\/v2\/posts\/12462\/revisions\/22556"}],"wp:attachment":[{"href":"https:\/\/www.valonkuvia.fi\/blogi\/wp-json\/wp\/v2\/media?parent=12462"}],"wp:term":[{"taxonomy":"category","embeddable":true,"href":"https:\/\/www.valonkuvia.fi\/blogi\/wp-json\/wp\/v2\/categories?post=12462"},{"taxonomy":"post_tag","embeddable":true,"href":"https:\/\/www.valonkuvia.fi\/blogi\/wp-json\/wp\/v2\/tags?post=12462"}],"curies":[{"name":"wp","href":"https:\/\/api.w.org\/{rel}","templated":true}]}}