{"id":12894,"date":"2018-09-16T15:33:54","date_gmt":"2018-09-16T12:33:54","guid":{"rendered":"http:\/\/www.valonkuvia.fi\/blogi\/?p=12894"},"modified":"2023-04-02T16:41:26","modified_gmt":"2023-04-02T13:41:26","slug":"phronesis-we-are-all","status":"publish","type":"post","link":"https:\/\/www.valonkuvia.fi\/blogi\/phronesis-we-are-all\/","title":{"rendered":"Phronesis: We Are All (Edition Records, 2018)"},"content":{"rendered":"\n<figure class=\"wp-block-image aligncenter size-large wp-image-12896 is-style-default\"><img data-recalc-dims=\"1\" loading=\"lazy\" decoding=\"async\" width=\"852\" height=\"852\" src=\"https:\/\/i0.wp.com\/www.valonkuvia.fi\/blogi\/wp-content\/uploads\/2018\/09\/Phronesis_0642_MedRes_Credit-Peter-van-Breukelen-sq-1024x1024-852x852.jpg?resize=852%2C852\" alt=\"\" class=\"wp-image-12896\"\/><figcaption class=\"wp-element-caption\">Phronesis. Kuva: Peter van Breukelen<\/figcaption><\/figure>\n\n\n\n<p>Vuonna 2005 perustettu Phronesis-trio on julkaissut nyt kahdeksannen levyns\u00e4, joka on samalla viides brittil\u00e4isell\u00e4 Edition Records -merkill\u00e4. Viime vuonna ilmestynyt &#8221;<em>The Behemoth<\/em>\u201d oli yhteisty\u00f6 saksalaisen Frankfurt Radio Big Bandin kanssa. Uudella levyll\u00e4\u00e4n Phronesis palaa j\u00e4lleen pelk\u00e4n trion voimin.<\/p>\n\n\n\n<p>Aiemmilta levyilt\u00e4 tuttuun tapaan yhtye jakaa vastuun s\u00e4vellyksist\u00e4 tasan, siis jokainen trion j\u00e4sen on saanut levylle kaksi s\u00e4vellyst\u00e4. My\u00f6s musiikillisesti trio jatkaa tutusti vahvaa ja aika vakavaa linjaansa. Trio soittaa tarkasti yhteen kuin el\u00e4v\u00e4 organismi, jonka sykkiv\u00e4ss\u00e4 aineenvaihdunnassa jokaisella j\u00e4senell\u00e4 on oma elint\u00e4rke\u00e4 roolinsa.<\/p>\n\n\n\n<p>Trion soitto pursuaa energiaa kuin vuolaasti vapaana virtaava vesi. Jopa pinnalta katsoen levollisiin suvantokohtiinkin on patoutunut valtavasti voimaa, joka vain odottaa purkautumista arvaamattomiin suuntiin.&nbsp;Rumpali <strong>Anton Egerin<\/strong> s\u00e4vellys &#8221;<em>The Tree Did Not Die<\/em>\u201d poikkeaa s\u00e4hk\u00f6isill\u00e4 efekteill\u00e4\u00e4n trion muuten t\u00e4ysin akustisesta musiikista. Kuullaanko siin\u00e4 kuullaan esimakua trion tulevasta sointimaailmasta?<\/p>\n\n\n\n<p>&#8221;<em>We Are All<\/em>\u201d julkaistaa vinyylilevyn\u00e4, cd:n\u00e4 ja digitaalisesti. Eri versioilla on erilaiset levykannet, jotka kuitenkin muistuttavat toisiaan idealtaan. Ne tukevat trion ajatusta levyn teemasta eli kaiken luonnon yhteydest\u00e4 ja ihmisen vastuusta maapallon hyvinvoinnista. Vaikka kompleksinen instrumentaalimusiikki ei suoraa p\u00e4\u00e4t\u00e4 julista sanomaansa (onneksi), antaa yhtyeen saumaton ty\u00f6skentely toki kauniin esimerkin inhimillisest\u00e4 yhteistoiminnasta hienoimmillaan.<\/p>\n\n\n\n<p>Phronesis kuuluu nykyjazzin pianotriojen k\u00e4rkijoukkoon ja niinp\u00e4 &#8221;<em>We Are All<\/em>\u201d p\u00e4\u00e4see tietenkin Valon kuvia -blogin t\u00e4m\u00e4n vuoden kuuntelusuositusten joukkoon eli  -listalle.<\/p>\n\n\n\n<p><strong>Phronesis<\/strong>: We Are All (Edition Records, 2018)<br><em>Jasper H\u00f8jby, basso, Ivo Naeme, piano, Anton Eger, rummut<\/em><\/p>\n\n\n\n<figure class=\"wp-block-gallery has-nested-images columns-3 is-cropped wp-block-gallery-2 is-layout-flex wp-block-gallery-is-layout-flex\">\n\n\n\n\n\n\n\n\n\n<\/figure>\n\n\n\n<h4 class=\"wp-block-heading\">Videolla levyn avausraita \u201dOne of Us&#8221;<\/h4>\n\n\n\n<p><iframe loading=\"lazy\" src=\"https:\/\/www.youtube.com\/embed\/leP1i43dZjo\" width=\"560\" height=\"315\" frameborder=\"0\" allowfullscreen=\"allowfullscreen\"><\/iframe><\/p>\n","protected":false},"excerpt":{"rendered":"<p>Vuonna 2005 perustettu Phronesis-trio on julkaissut nyt kahdeksannen levyns\u00e4, joka on samalla viides brittil\u00e4isell\u00e4 Edition Records -merkill\u00e4. Viime vuonna ilmestynyt &#8221;The Behemoth\u201d oli yhteisty\u00f6 saksalaisen Frankfurt Radio Big Bandin kanssa. Uudella levyll\u00e4\u00e4n Phronesis palaa j\u00e4lleen pelk\u00e4n trion voimin. Aiemmilta levyilt\u00e4 tuttuun tapaan yhtye jakaa vastuun s\u00e4vellyksist\u00e4 tasan, siis jokainen trion j\u00e4sen on saanut levylle kaksi [&hellip;]<\/p>\n","protected":false},"author":1,"featured_media":0,"comment_status":"open","ping_status":"open","sticky":false,"template":"","format":"standard","meta":{"ngg_post_thumbnail":0,"_jetpack_memberships_contains_paid_content":false,"footnotes":"","jetpack_publicize_message":"","jetpack_publicize_feature_enabled":true,"jetpack_social_post_already_shared":true,"jetpack_social_options":{"image_generator_settings":{"template":"highway","default_image_id":0,"font":"","enabled":false},"version":2}},"categories":[3],"tags":[50,296,80,13,292,41,40],"class_list":["post-12894","post","type-post","status-publish","format-standard","hentry","category-jazz","tag-basso","tag-edition-records","tag-eurooppalainen-jazz","tag-jazzlevyt-2","tag-phronesis","tag-piano","tag-rummut"],"jetpack_publicize_connections":[],"jetpack_featured_media_url":"","jetpack_likes_enabled":false,"jetpack_sharing_enabled":true,"_links":{"self":[{"href":"https:\/\/www.valonkuvia.fi\/blogi\/wp-json\/wp\/v2\/posts\/12894","targetHints":{"allow":["GET"]}}],"collection":[{"href":"https:\/\/www.valonkuvia.fi\/blogi\/wp-json\/wp\/v2\/posts"}],"about":[{"href":"https:\/\/www.valonkuvia.fi\/blogi\/wp-json\/wp\/v2\/types\/post"}],"author":[{"embeddable":true,"href":"https:\/\/www.valonkuvia.fi\/blogi\/wp-json\/wp\/v2\/users\/1"}],"replies":[{"embeddable":true,"href":"https:\/\/www.valonkuvia.fi\/blogi\/wp-json\/wp\/v2\/comments?post=12894"}],"version-history":[{"count":11,"href":"https:\/\/www.valonkuvia.fi\/blogi\/wp-json\/wp\/v2\/posts\/12894\/revisions"}],"predecessor-version":[{"id":22893,"href":"https:\/\/www.valonkuvia.fi\/blogi\/wp-json\/wp\/v2\/posts\/12894\/revisions\/22893"}],"wp:attachment":[{"href":"https:\/\/www.valonkuvia.fi\/blogi\/wp-json\/wp\/v2\/media?parent=12894"}],"wp:term":[{"taxonomy":"category","embeddable":true,"href":"https:\/\/www.valonkuvia.fi\/blogi\/wp-json\/wp\/v2\/categories?post=12894"},{"taxonomy":"post_tag","embeddable":true,"href":"https:\/\/www.valonkuvia.fi\/blogi\/wp-json\/wp\/v2\/tags?post=12894"}],"curies":[{"name":"wp","href":"https:\/\/api.w.org\/{rel}","templated":true}]}}