{"id":12946,"date":"2018-10-08T15:10:57","date_gmt":"2018-10-08T12:10:57","guid":{"rendered":"http:\/\/www.valonkuvia.fi\/blogi\/?p=12946"},"modified":"2023-03-31T22:22:46","modified_gmt":"2023-03-31T19:22:46","slug":"jazzia-ilosaaressa","status":"publish","type":"post","link":"https:\/\/www.valonkuvia.fi\/blogi\/jazzia-ilosaaressa\/","title":{"rendered":"Jazzia Ilosaaressa! &#8211; hieno kolmen b\u00e4ndin kokonaisuus"},"content":{"rendered":"\n<figure class=\"wp-block-image aligncenter size-full wp-image-12954 is-style-default\"><img data-recalc-dims=\"1\" loading=\"lazy\" decoding=\"async\" width=\"640\" height=\"427\" src=\"https:\/\/i0.wp.com\/www.valonkuvia.fi\/blogi\/wp-content\/uploads\/2018\/10\/ilosaari1-1.jpg?resize=640%2C427\" alt=\"\" class=\"wp-image-12954\" srcset=\"https:\/\/i0.wp.com\/www.valonkuvia.fi\/blogi\/wp-content\/uploads\/2018\/10\/ilosaari1-1.jpg?w=640&amp;ssl=1 640w, https:\/\/i0.wp.com\/www.valonkuvia.fi\/blogi\/wp-content\/uploads\/2018\/10\/ilosaari1-1.jpg?resize=426%2C284&amp;ssl=1 426w, https:\/\/i0.wp.com\/www.valonkuvia.fi\/blogi\/wp-content\/uploads\/2018\/10\/ilosaari1-1.jpg?resize=600%2C400&amp;ssl=1 600w\" sizes=\"auto, (max-width: 640px) 100vw, 640px\" \/><figcaption class=\"wp-element-caption\">Mopo &#8211; Linda Fredriksson, Eero Tikkanen, Eeti Nieminen<\/figcaption><\/figure>\n\n\n\n<p>Jazzkerho-76 on varmaankin Suomen aktiivisin jazzyhdistys, joka on jo vuosien ajan tarjonnut s\u00e4\u00e4nn\u00f6llisesti ja laajasti musiikkia Joensuun jazzyleis\u00f6lle. K\u00e4rsiv\u00e4llisell\u00e4 ja pitk\u00e4j\u00e4nteisell\u00e4 ty\u00f6ll\u00e4 Jazzkerho-76 on onnistunut l\u00f6yt\u00e4m\u00e4\u00e4n toimintatavan, joka tavoittaa riitt\u00e4v\u00e4n yleis\u00f6m\u00e4\u00e4r\u00e4n ja s\u00e4ilytt\u00e4\u00e4 samalla ohjelmiston korkean taiteellisen tason.<\/p>\n\n\n\n<p>T\u00e4st\u00e4 el\u00e4v\u00e4n\u00e4 todisteena kuultiin yhdistyksen syksyn p\u00e4\u00e4tapahtuma Ilosaaren Kerubin salissa 6.10.2018. Ohjelmaan oli harkiten valittu kolme aivan erilaista yhtyett\u00e4, joiden noin tunnin mittaisista konserteista rakentui kuulijan kannalta antoisa draaman kaari.<\/p>\n\n\n\n<p>Illan aloitti Mopo-trio, joka esitti levyilt\u00e4\u00e4n tuttuja kappaleita. Mopo nivoo intesiiviseen esitykseens\u00e4 rosoista r\u00e4v\u00e4kkyytt\u00e4 (ehk\u00e4 sit\u00e4 yhtyeeseen liitetty\u00e4 &#8221;<em>punkjazzia<\/em>\u201d) ja musiikillista huumoria, joka on toki hauskoja kappaleiden nimi\u00e4 syv\u00e4llisemp\u00e4\u00e4 tapaa katsella maailmaa. Yh\u00e4 kypsemp\u00e4\u00e4n ilmaisuun ylt\u00e4v\u00e4 Mopo astuu rohkeasti altaan syv\u00e4\u00e4n p\u00e4\u00e4h\u00e4n ja soittaa yh\u00e4 vahvempaa jazzia, jossa kaikki trion j\u00e4senet p\u00e4\u00e4sev\u00e4t loistamaan solisteina.<\/p>\n\n\n\n<figure class=\"wp-block-image aligncenter size-full wp-image-12951 is-style-default\"><img data-recalc-dims=\"1\" loading=\"lazy\" decoding=\"async\" width=\"640\" height=\"427\" src=\"https:\/\/i0.wp.com\/www.valonkuvia.fi\/blogi\/wp-content\/uploads\/2018\/10\/ilosaari2.jpg?resize=640%2C427\" alt=\"\" class=\"wp-image-12951\" srcset=\"https:\/\/i0.wp.com\/www.valonkuvia.fi\/blogi\/wp-content\/uploads\/2018\/10\/ilosaari2.jpg?w=640&amp;ssl=1 640w, https:\/\/i0.wp.com\/www.valonkuvia.fi\/blogi\/wp-content\/uploads\/2018\/10\/ilosaari2.jpg?resize=426%2C284&amp;ssl=1 426w, https:\/\/i0.wp.com\/www.valonkuvia.fi\/blogi\/wp-content\/uploads\/2018\/10\/ilosaari2.jpg?resize=600%2C400&amp;ssl=1 600w\" sizes=\"auto, (max-width: 640px) 100vw, 640px\" \/><figcaption class=\"wp-element-caption\">Signe &#8211; Josefiina Vannesluoma, Riikka Ker\u00e4nen, Kaisa M\u00e4ensivu, Selma Savolainen<\/figcaption><\/figure>\n\n\n\n<p>Lauluyhtye Signe oli minulle uusi tuttavuus, joka heti siirtyi ehdottomasti seurattavien nimien joukkoon. Kvartetin moniulotteinen esitys yhdisti vesiv\u00e4rin kuulaita sointeja, kansanmusiikin yksinkertaisen kauniita s\u00e4velmi\u00e4, perinteisempi\u00e4 lauluyhtyejazzin keinoja ja antiikin lyriikan tekstej\u00e4. <strong>Kaisa M\u00e4ensivun<\/strong> kontrabasso toi mukanaan matalien \u00e4\u00e4nten tukea ja jazzin henke\u00e4.<\/p>\n\n\n\n<p>Illan p\u00e4\u00e4tteeksi kuultiin saksofonisti <strong>Joonatan Raution<\/strong> johtama kunnianosoitus oman saksofonigenren luoneelle <strong>Michael Breckerille<\/strong>. Juonnossaan Rautio kertoi, ett\u00e4 h\u00e4nt\u00e4 jo kauan kutsuttu \u201d<em>Suomen Rekkeriksi<\/em>. Niinp\u00e4 suora Breckerin s\u00e4vellyksiin keskittyv\u00e4 tribuuttiprojekti oli lopulta t\u00e4ysin luonteva ajatus. Kotimaan huippuvirtuooseista koottu kvartetti n\u00e4yttikin sitten vastustamattomasti, kuinka valtavalla energialla ladattua voimajazzia soitetaan.<\/p>\n\n\n\n<figure class=\"wp-block-image aligncenter size-full wp-image-12956 is-style-default\"><img data-recalc-dims=\"1\" loading=\"lazy\" decoding=\"async\" width=\"640\" height=\"427\" src=\"https:\/\/i0.wp.com\/www.valonkuvia.fi\/blogi\/wp-content\/uploads\/2018\/10\/ilosaari3.jpg?resize=640%2C427\" alt=\"\" class=\"wp-image-12956\" srcset=\"https:\/\/i0.wp.com\/www.valonkuvia.fi\/blogi\/wp-content\/uploads\/2018\/10\/ilosaari3.jpg?w=640&amp;ssl=1 640w, https:\/\/i0.wp.com\/www.valonkuvia.fi\/blogi\/wp-content\/uploads\/2018\/10\/ilosaari3.jpg?resize=426%2C284&amp;ssl=1 426w, https:\/\/i0.wp.com\/www.valonkuvia.fi\/blogi\/wp-content\/uploads\/2018\/10\/ilosaari3.jpg?resize=600%2C400&amp;ssl=1 600w\" sizes=\"auto, (max-width: 640px) 100vw, 640px\" \/><figcaption class=\"wp-element-caption\">Music of Michael Brecker &#8211; Jukkis Uotila, Joonatan Rautio, Timo Hirvonen, Varre Vartiainen, Jussi Lehtonen<\/figcaption><\/figure>\n\n\n\n<p>N\u00e4in ilta kaartui Mopon v\u00e4lill\u00e4 free jazzin kielell\u00e4 soitetusta rutistuksesta Signen kamarimusiikillisen laulamusiikin kautta Raution ja kumppaneiden fuusiojazzilla ja funkilla maustettuun svengiin. Onnistunut kokonaisuus oli onnistuneen ohjelmasuunnittelun riemuvoitto.<\/p>\n\n\n\n<p><strong>Lis\u00e4tietoja<\/strong>: <a href=\"http:\/\/jazzkerho-76.fi\">Jazzkerho-76<\/a>, yhdistyksen nettisivut<\/p>\n","protected":false},"excerpt":{"rendered":"<p>Jazzkerho-76 on varmaankin Suomen aktiivisin jazzyhdistys, joka on jo vuosien ajan tarjonnut s\u00e4\u00e4nn\u00f6llisesti ja laajasti musiikkia Joensuun jazzyleis\u00f6lle. K\u00e4rsiv\u00e4llisell\u00e4 ja pitk\u00e4j\u00e4nteisell\u00e4 ty\u00f6ll\u00e4 Jazzkerho-76 on onnistunut l\u00f6yt\u00e4m\u00e4\u00e4n toimintatavan, joka tavoittaa riitt\u00e4v\u00e4n yleis\u00f6m\u00e4\u00e4r\u00e4n ja s\u00e4ilytt\u00e4\u00e4 samalla ohjelmiston korkean taiteellisen tason. T\u00e4st\u00e4 el\u00e4v\u00e4n\u00e4 todisteena kuultiin yhdistyksen syksyn p\u00e4\u00e4tapahtuma Ilosaaren Kerubin salissa 6.10.2018. Ohjelmaan oli harkiten valittu kolme aivan [&hellip;]<\/p>\n","protected":false},"author":1,"featured_media":0,"comment_status":"open","ping_status":"open","sticky":false,"template":"","format":"standard","meta":{"ngg_post_thumbnail":0,"_jetpack_memberships_contains_paid_content":false,"footnotes":"","jetpack_publicize_message":"","jetpack_publicize_feature_enabled":true,"jetpack_social_post_already_shared":true,"jetpack_social_options":{"image_generator_settings":{"template":"highway","default_image_id":0,"font":"","enabled":false},"version":2}},"categories":[3],"tags":[550,561,672,19,539,514,256,549,18],"class_list":["post-12946","post","type-post","status-publish","format-standard","hentry","category-jazz","tag-brecker","tag-festivaaliraportti","tag-jazzkerho-76","tag-jazzkonsertti","tag-joensuu","tag-joonatan-rautio","tag-mopo","tag-signe","tag-suomalainen-jazz"],"jetpack_publicize_connections":[],"jetpack_featured_media_url":"","jetpack_likes_enabled":false,"jetpack_sharing_enabled":true,"_links":{"self":[{"href":"https:\/\/www.valonkuvia.fi\/blogi\/wp-json\/wp\/v2\/posts\/12946","targetHints":{"allow":["GET"]}}],"collection":[{"href":"https:\/\/www.valonkuvia.fi\/blogi\/wp-json\/wp\/v2\/posts"}],"about":[{"href":"https:\/\/www.valonkuvia.fi\/blogi\/wp-json\/wp\/v2\/types\/post"}],"author":[{"embeddable":true,"href":"https:\/\/www.valonkuvia.fi\/blogi\/wp-json\/wp\/v2\/users\/1"}],"replies":[{"embeddable":true,"href":"https:\/\/www.valonkuvia.fi\/blogi\/wp-json\/wp\/v2\/comments?post=12946"}],"version-history":[{"count":17,"href":"https:\/\/www.valonkuvia.fi\/blogi\/wp-json\/wp\/v2\/posts\/12946\/revisions"}],"predecessor-version":[{"id":22574,"href":"https:\/\/www.valonkuvia.fi\/blogi\/wp-json\/wp\/v2\/posts\/12946\/revisions\/22574"}],"wp:attachment":[{"href":"https:\/\/www.valonkuvia.fi\/blogi\/wp-json\/wp\/v2\/media?parent=12946"}],"wp:term":[{"taxonomy":"category","embeddable":true,"href":"https:\/\/www.valonkuvia.fi\/blogi\/wp-json\/wp\/v2\/categories?post=12946"},{"taxonomy":"post_tag","embeddable":true,"href":"https:\/\/www.valonkuvia.fi\/blogi\/wp-json\/wp\/v2\/tags?post=12946"}],"curies":[{"name":"wp","href":"https:\/\/api.w.org\/{rel}","templated":true}]}}