{"id":13103,"date":"2018-11-19T11:15:15","date_gmt":"2018-11-19T09:15:15","guid":{"rendered":"http:\/\/www.valonkuvia.fi\/blogi\/?p=13103"},"modified":"2023-03-31T22:27:58","modified_gmt":"2023-03-31T19:27:58","slug":"jan-persson-1943-2018","status":"publish","type":"post","link":"https:\/\/www.valonkuvia.fi\/blogi\/jan-persson-1943-2018\/","title":{"rendered":"Jan Persson (1943 &#8211; 2018)"},"content":{"rendered":"\n<figure class=\"wp-block-image aligncenter is-style-default\"><a href=\"https:\/\/i0.wp.com\/www.valonkuvia.fi\/blogi\/wp-content\/uploads\/2018\/11\/APC_0129.jpg\"><img data-recalc-dims=\"1\" loading=\"lazy\" decoding=\"async\" width=\"640\" height=\"481\" src=\"https:\/\/i0.wp.com\/www.valonkuvia.fi\/blogi\/wp-content\/uploads\/2018\/11\/APC_0129.jpg?resize=640%2C481\" alt=\"\" class=\"wp-image-13105\" srcset=\"https:\/\/i0.wp.com\/www.valonkuvia.fi\/blogi\/wp-content\/uploads\/2018\/11\/APC_0129.jpg?w=640&amp;ssl=1 640w, https:\/\/i0.wp.com\/www.valonkuvia.fi\/blogi\/wp-content\/uploads\/2018\/11\/APC_0129.jpg?resize=426%2C320&amp;ssl=1 426w\" sizes=\"auto, (max-width: 640px) 100vw, 640px\" \/><\/a><figcaption class=\"wp-element-caption\">Miles Davis 1964. Kuva: Jan Persson<\/figcaption><\/figure>\n\n\n\n<p>Tanskalainen valokuvaaja <strong>Jan Persson<\/strong> kuoli 15.11.2018. Persson tuli tunnetuksi erityisesti jazzkuvaajana. H\u00e4n aloitti jazzmuusikoiden kuvaamisen 1960-luvun alussa K\u00f6\u00f6penhaminassa, jossa oli tuolloin hyvin vilkas jazzkentt\u00e4. Kaupungissa asui ja esiintyi my\u00f6s paljon amerikkalaisia muusikoita. Pitk\u00e4n kuvajournalistin uransa aikana h\u00e4n kuvasi sek\u00e4 kansainv\u00e4lisille jazzlehdille ett\u00e4 sanoma- ja aikakauslehdille.<\/p>\n\n\n\n<p>Perssonin tallensi sek\u00e4 jazzin ett\u00e4 rockin suuria nimi\u00e4. H\u00e4nen kuvistaan on julkaistu useita kirjoja ja h\u00e4n mukana my\u00f6s jazzkuvauksen erikoisteoksissa. Persson sai vuonna 2004 merkitt\u00e4v\u00e4n tanskalaisen Ben Webster -palkinnon ansoistaan jazzin dokumentoijana. Perssonin 15000 kuvan arkisto on tallennettu Aalborgin yliopiston arkistoon ja kokoelman nettiversioon kaikki voivat tutustua.<\/p>\n\n\n\n<p><strong>Katso kuvia<\/strong>: The Jan Persson Jazz Collection &#8211; Perssonin kuva-arkisto Aalborgin yliopistossa on digitalisoitu kaikkien katseltavaksi. <strong>Huomio!<\/strong> Sivu ei n\u00e4yt\u00e4 toimivan, maaliskuu 2020.<\/p>\n","protected":false},"excerpt":{"rendered":"<p>Tanskalainen valokuvaaja Jan Persson kuoli 15.11.2018. Persson tuli tunnetuksi erityisesti jazzkuvaajana. H\u00e4n aloitti jazzmuusikoiden kuvaamisen 1960-luvun alussa K\u00f6\u00f6penhaminassa, jossa oli tuolloin hyvin vilkas jazzkentt\u00e4. Kaupungissa asui ja esiintyi my\u00f6s paljon amerikkalaisia muusikoita. Pitk\u00e4n kuvajournalistin uransa aikana h\u00e4n kuvasi sek\u00e4 kansainv\u00e4lisille jazzlehdille ett\u00e4 sanoma- ja aikakauslehdille. Perssonin tallensi sek\u00e4 jazzin ett\u00e4 rockin suuria nimi\u00e4. H\u00e4nen kuvistaan [&hellip;]<\/p>\n","protected":false},"author":1,"featured_media":0,"comment_status":"open","ping_status":"open","sticky":false,"template":"","format":"standard","meta":{"ngg_post_thumbnail":0,"_jetpack_memberships_contains_paid_content":false,"footnotes":"","jetpack_publicize_message":"","jetpack_publicize_feature_enabled":true,"jetpack_social_post_already_shared":true,"jetpack_social_options":{"image_generator_settings":{"template":"highway","default_image_id":0,"font":"","enabled":false},"version":2}},"categories":[3,10],"tags":[67,52],"class_list":["post-13103","post","type-post","status-publish","format-standard","hentry","category-jazz","category-valokuvaus","tag-in-memoriam","tag-mustavalkoiset-valokuvat"],"jetpack_publicize_connections":[],"jetpack_featured_media_url":"","jetpack_likes_enabled":false,"jetpack_sharing_enabled":true,"_links":{"self":[{"href":"https:\/\/www.valonkuvia.fi\/blogi\/wp-json\/wp\/v2\/posts\/13103","targetHints":{"allow":["GET"]}}],"collection":[{"href":"https:\/\/www.valonkuvia.fi\/blogi\/wp-json\/wp\/v2\/posts"}],"about":[{"href":"https:\/\/www.valonkuvia.fi\/blogi\/wp-json\/wp\/v2\/types\/post"}],"author":[{"embeddable":true,"href":"https:\/\/www.valonkuvia.fi\/blogi\/wp-json\/wp\/v2\/users\/1"}],"replies":[{"embeddable":true,"href":"https:\/\/www.valonkuvia.fi\/blogi\/wp-json\/wp\/v2\/comments?post=13103"}],"version-history":[{"count":7,"href":"https:\/\/www.valonkuvia.fi\/blogi\/wp-json\/wp\/v2\/posts\/13103\/revisions"}],"predecessor-version":[{"id":22582,"href":"https:\/\/www.valonkuvia.fi\/blogi\/wp-json\/wp\/v2\/posts\/13103\/revisions\/22582"}],"wp:attachment":[{"href":"https:\/\/www.valonkuvia.fi\/blogi\/wp-json\/wp\/v2\/media?parent=13103"}],"wp:term":[{"taxonomy":"category","embeddable":true,"href":"https:\/\/www.valonkuvia.fi\/blogi\/wp-json\/wp\/v2\/categories?post=13103"},{"taxonomy":"post_tag","embeddable":true,"href":"https:\/\/www.valonkuvia.fi\/blogi\/wp-json\/wp\/v2\/tags?post=13103"}],"curies":[{"name":"wp","href":"https:\/\/api.w.org\/{rel}","templated":true}]}}