{"id":13228,"date":"2018-12-09T18:21:44","date_gmt":"2018-12-09T16:21:44","guid":{"rendered":"http:\/\/www.valonkuvia.fi\/blogi\/?p=13228"},"modified":"2023-03-31T22:30:24","modified_gmt":"2023-03-31T19:30:24","slug":"kuva-ja-noin-sata-sanaa-26-kaksoisvalotus","status":"publish","type":"post","link":"https:\/\/www.valonkuvia.fi\/blogi\/kuva-ja-noin-sata-sanaa-26-kaksoisvalotus\/","title":{"rendered":"Kuva ja noin sata sanaa 26 &#8211; kaksoisvalotus"},"content":{"rendered":"\n<figure class=\"wp-block-image aligncenter size-large wp-image-13229 is-style-default\"><img data-recalc-dims=\"1\" loading=\"lazy\" decoding=\"async\" width=\"852\" height=\"479\" src=\"https:\/\/i0.wp.com\/www.valonkuvia.fi\/blogi\/wp-content\/uploads\/2018\/12\/facebook2018_12-852x479.jpg?resize=852%2C479\" alt=\"\" class=\"wp-image-13229\" srcset=\"https:\/\/i0.wp.com\/www.valonkuvia.fi\/blogi\/wp-content\/uploads\/2018\/12\/facebook2018_12.jpg?resize=852%2C479&amp;ssl=1 852w, https:\/\/i0.wp.com\/www.valonkuvia.fi\/blogi\/wp-content\/uploads\/2018\/12\/facebook2018_12.jpg?resize=426%2C240&amp;ssl=1 426w, https:\/\/i0.wp.com\/www.valonkuvia.fi\/blogi\/wp-content\/uploads\/2018\/12\/facebook2018_12.jpg?resize=768%2C432&amp;ssl=1 768w, https:\/\/i0.wp.com\/www.valonkuvia.fi\/blogi\/wp-content\/uploads\/2018\/12\/facebook2018_12.jpg?w=1500&amp;ssl=1 1500w\" sizes=\"auto, (max-width: 852px) 100vw, 852px\" \/><figcaption class=\"wp-element-caption\">Kaksoisvalotus<\/figcaption><\/figure>\n\n\n\n<p>Monissa digitaalisissa kameroissa on k\u00e4tev\u00e4 p\u00e4\u00e4llekk\u00e4isvalotuksen mahdollisuus, jota olen jonkin verran kokeillut aiemmin jazzkuvissani, (katso esimerkiksi \u201d<em><a href=\"http:\/\/www.valonkuvia.fi\/blogi\/mats-gustafsson-kaksoisvalotus\/\">Mats Gustafsson<\/a><\/em>&#8221;). K\u00e4ytin nyt kameran toimintoa kuvaamalla kaksoisvalotuksina kaupunkimaisemia harmaana talvip\u00e4iv\u00e4n\u00e4 Tornion Seminaarinkadulla.<\/p>\n\n\n\n<p>Saman efektin saa aikaan toki kuvank\u00e4sittelyohjelmallakin. Halusin kuitenkin yhdist\u00e4\u00e4 kuvat jo heti kamerassa. Olin m\u00e4\u00e4r\u00e4nnyt itselleni s\u00e4\u00e4nn\u00f6n, jonka mukaan molemmat kuvat piti kuvata suurin piirtein samoilta jalansijoilta.<\/p>\n\n\n\n<p>N\u00e4in syntyi esill\u00e4 oleva kaksoisvalotus. Kuvasin ensin katun\u00e4kym\u00e4n vesitornin juurelta ja yhdistin siihen toisen kuvan itse tornista. Kaksoisvalotuksen sommittelu sujuu mukavasti kameran takan\u00e4yt\u00f6n avulla. Muokkasin kuvan lopuksi viel\u00e4 mustavalkoiseksi kuvank\u00e4sittelyohjelmalla.<\/p>\n\n\n\n<p>Katso my\u00f6s kolmen kuvan sarja samasta aiheesta Instagramista: <a href=\"https:\/\/www.instagram.com\/p\/BrKZiuxBJhn\/?utm_source=ig_web_copy_link\">Tornion vesitorni<\/a>.<\/p>\n","protected":false},"excerpt":{"rendered":"<p>Monissa digitaalisissa kameroissa on k\u00e4tev\u00e4 p\u00e4\u00e4llekk\u00e4isvalotuksen mahdollisuus, jota olen jonkin verran kokeillut aiemmin jazzkuvissani, (katso esimerkiksi \u201dMats Gustafsson&#8221;). K\u00e4ytin nyt kameran toimintoa kuvaamalla kaksoisvalotuksina kaupunkimaisemia harmaana talvip\u00e4iv\u00e4n\u00e4 Tornion Seminaarinkadulla. Saman efektin saa aikaan toki kuvank\u00e4sittelyohjelmallakin. Halusin kuitenkin yhdist\u00e4\u00e4 kuvat jo heti kamerassa. Olin m\u00e4\u00e4r\u00e4nnyt itselleni s\u00e4\u00e4nn\u00f6n, jonka mukaan molemmat kuvat piti kuvata suurin piirtein samoilta [&hellip;]<\/p>\n","protected":false},"author":1,"featured_media":0,"comment_status":"open","ping_status":"open","sticky":false,"template":"","format":"standard","meta":{"ngg_post_thumbnail":0,"_jetpack_memberships_contains_paid_content":false,"footnotes":"","jetpack_publicize_message":"","jetpack_publicize_feature_enabled":true,"jetpack_social_post_already_shared":true,"jetpack_social_options":{"image_generator_settings":{"template":"highway","default_image_id":0,"font":"","enabled":false},"version":2}},"categories":[10],"tags":[381,150,36,52,47],"class_list":["post-13228","post","type-post","status-publish","format-standard","hentry","category-valokuvaus","tag-kaksoisvalotus","tag-kuva-ja-noin-sata-sanaa","tag-maisema","tag-mustavalkoiset-valokuvat","tag-tornio"],"jetpack_publicize_connections":[],"jetpack_featured_media_url":"","jetpack_likes_enabled":false,"jetpack_sharing_enabled":true,"_links":{"self":[{"href":"https:\/\/www.valonkuvia.fi\/blogi\/wp-json\/wp\/v2\/posts\/13228","targetHints":{"allow":["GET"]}}],"collection":[{"href":"https:\/\/www.valonkuvia.fi\/blogi\/wp-json\/wp\/v2\/posts"}],"about":[{"href":"https:\/\/www.valonkuvia.fi\/blogi\/wp-json\/wp\/v2\/types\/post"}],"author":[{"embeddable":true,"href":"https:\/\/www.valonkuvia.fi\/blogi\/wp-json\/wp\/v2\/users\/1"}],"replies":[{"embeddable":true,"href":"https:\/\/www.valonkuvia.fi\/blogi\/wp-json\/wp\/v2\/comments?post=13228"}],"version-history":[{"count":7,"href":"https:\/\/www.valonkuvia.fi\/blogi\/wp-json\/wp\/v2\/posts\/13228\/revisions"}],"predecessor-version":[{"id":22587,"href":"https:\/\/www.valonkuvia.fi\/blogi\/wp-json\/wp\/v2\/posts\/13228\/revisions\/22587"}],"wp:attachment":[{"href":"https:\/\/www.valonkuvia.fi\/blogi\/wp-json\/wp\/v2\/media?parent=13228"}],"wp:term":[{"taxonomy":"category","embeddable":true,"href":"https:\/\/www.valonkuvia.fi\/blogi\/wp-json\/wp\/v2\/categories?post=13228"},{"taxonomy":"post_tag","embeddable":true,"href":"https:\/\/www.valonkuvia.fi\/blogi\/wp-json\/wp\/v2\/tags?post=13228"}],"curies":[{"name":"wp","href":"https:\/\/api.w.org\/{rel}","templated":true}]}}