{"id":13600,"date":"2019-05-20T17:58:01","date_gmt":"2019-05-20T14:58:01","guid":{"rendered":"http:\/\/www.valonkuvia.fi\/blogi\/?p=13600"},"modified":"2023-03-31T22:50:06","modified_gmt":"2023-03-31T19:50:06","slug":"terkel-norgaard-with-ralph-alessi","status":"publish","type":"post","link":"https:\/\/www.valonkuvia.fi\/blogi\/terkel-norgaard-with-ralph-alessi\/","title":{"rendered":"Terkel N\u00f8rgaard: With Ralph Alessi (We Jazz Records, 2019) &#8211; pieni mestariteos"},"content":{"rendered":"\n<figure class=\"wp-block-image aligncenter size-full wp-image-13601 is-style-default\"><img data-recalc-dims=\"1\" loading=\"lazy\" decoding=\"async\" width=\"640\" height=\"427\" src=\"https:\/\/i0.wp.com\/www.valonkuvia.fi\/blogi\/wp-content\/uploads\/2019\/05\/181017_terkel_noergaard_0042_sh_low-e1558364104359.jpg?resize=640%2C427\" alt=\"\" class=\"wp-image-13601\"\/><figcaption class=\"wp-element-caption\">Terkel N\u00f8rgaard. Kuva: Tommy Frost<\/figcaption><\/figure>\n\n\n\n<p>Kuten jo tanskalaisen rumpalin ja s\u00e4velt\u00e4j\u00e4n <strong>Terkel N\u00f8rgaardin<\/strong> tuoreen albumin nimest\u00e4 voi p\u00e4\u00e4tell\u00e4 on amerikkalainen trumpetisti <strong>Ralph Alessi<\/strong> albumin keskeinen rakennuspalikka. Esimerkiksi pianisti <strong>Uri Cainen<\/strong> ja saksofonisti <strong>Steve Colemanin<\/strong> yhtyeiss\u00e4 vaikuttanut Alessi on julkaissut my\u00f6s lukuisia soololevyj\u00e4 vuodesta 1999 l\u00e4htien. ECM on julkaissut Alessin kolme viimeisint\u00e4 albumia, joista uusin \u201c<em><a href=\"https:\/\/www.ecmrecords.com\/catalogue\/1542275038\">Imaginary Friends<\/a><\/em>\u201d ilmestyi t\u00e4m\u00e4n vuoden alussa.<\/p>\n\n\n\n<p>Ralph Alessi kuuluu niiden nykyjazzin trumpetistien joukkoon, joiden pid\u00e4ttyv\u00e4 sointi juontaa juurensa <strong>Miles Davisin<\/strong> musiikkiin. Alessi on siis samaa sukua vaikkapa <strong>Dave Douglasin<\/strong> tai <strong>Kenny Wheelerin<\/strong> kanssa. Alessinkin tekninen taidokkuus ilmenee mieluummin emotionaalisesti koskettavana ja hauraana soundina kuin loistavana virtuositeettina.<\/p>\n\n\n\n<p>Alessin vahvan panoksen lis\u00e4ksi my\u00f6s N\u00f8rgaardin hienot s\u00e4vellykset tekev\u00e4t vaikutuksen. N\u00f8rgaard kirjoitti ensin suhteellisen nopeaan tahtiin kaikkiaan 21 s\u00e4vellysluonnosta, joista h\u00e4n jalosti levylle p\u00e4\u00e4tyneet seitsem\u00e4n kappaletta. Lyyrinen ja \u00e4\u00e4nenpainoiltaan hillitty albumi on tiivis ja kaikesta turhasta riisuttu sarjamainen kokonaisuus, jonka yksitt\u00e4iset raidat tuovat koko ajan esille uusia vivahteita ja n\u00e4k\u00f6kulmia.<\/p>\n\n\n\n<p>Esimerkiksi \u201c<em>thirteen<\/em>\u201d avautuu trumpetin ja rumpujen j\u00e4ntev\u00e4n\u00e4 vuoropuheluna, johon piano ja basso liittyv\u00e4t mukaan vasta aivan ennen tehokasta lopetusta. \u201c<em>ten<\/em>\u201d on kuin pieni kansanlaulu, jonka melodia kieppuu trumpetin k\u00e4sittelyss\u00e4 ja levyn p\u00e4\u00e4tt\u00e4v\u00e4 \u201c<em>twelve<\/em>\u201d on harras, jopa virsim\u00e4inen lopetus kauniille levylle.<\/p>\n\n\n\n<p>We Jazz Recordsille Terkel N\u00f8rgaard on erinomainen l\u00f6yt\u00f6 ja \u201c<em>With Alessilla<\/em>\u201d levymerkki jatkaa onnistuneesti ulkomaisen jazzin julkaisemista. Pieni mestariteos kuuluu t\u00e4m\u00e4n vuoden hienoimpien uutuuksien joukkoon ja .<\/p>\n\n\n\n<p><strong>Terkel N\u00f8rgaard<\/strong>: With Ralph Alessi (We Jazz Records, 2019)<br><em>Terkel N\u00f8rgaard, rummut, Ralph Alessi, trumpetti, S\u00f8ren Gemmer, piano, Jesper Thorn, basso <\/em><\/p>\n\n\n\n<figure class=\"wp-block-image aligncenter is-style-default\"><img data-recalc-dims=\"1\" loading=\"lazy\" decoding=\"async\" width=\"426\" height=\"426\" src=\"https:\/\/i0.wp.com\/www.valonkuvia.fi\/blogi\/wp-content\/uploads\/2019\/05\/terkelnorgaard-426x426.jpg?resize=426%2C426\" alt=\"\" class=\"wp-image-13602\"\/><\/figure>\n","protected":false},"excerpt":{"rendered":"<p>Kuten jo tanskalaisen rumpalin ja s\u00e4velt\u00e4j\u00e4n Terkel N\u00f8rgaardin tuoreen albumin nimest\u00e4 voi p\u00e4\u00e4tell\u00e4 on amerikkalainen trumpetisti Ralph Alessi albumin keskeinen rakennuspalikka. Esimerkiksi pianisti Uri Cainen ja saksofonisti Steve Colemanin yhtyeiss\u00e4 vaikuttanut Alessi on julkaissut my\u00f6s lukuisia soololevyj\u00e4 vuodesta 1999 l\u00e4htien. ECM on julkaissut Alessin kolme viimeisint\u00e4 albumia, joista uusin \u201cImaginary Friends\u201d ilmestyi t\u00e4m\u00e4n vuoden alussa. [&hellip;]<\/p>\n","protected":false},"author":1,"featured_media":0,"comment_status":"open","ping_status":"open","sticky":false,"template":"","format":"standard","meta":{"ngg_post_thumbnail":0,"_jetpack_memberships_contains_paid_content":false,"footnotes":"","jetpack_publicize_message":"","jetpack_publicize_feature_enabled":true,"jetpack_social_post_already_shared":true,"jetpack_social_options":{"image_generator_settings":{"template":"highway","default_image_id":0,"font":"","enabled":false},"version":2}},"categories":[3],"tags":[20,80,13,612,613,42,148],"class_list":["post-13600","post","type-post","status-publish","format-standard","hentry","category-jazz","tag-amerikkalainen-jazz","tag-eurooppalainen-jazz","tag-jazzlevyt-2","tag-ralph-alessi","tag-terkel-norgaard","tag-trumpetti","tag-we-jazz"],"jetpack_publicize_connections":[],"jetpack_featured_media_url":"","jetpack_likes_enabled":false,"jetpack_sharing_enabled":true,"_links":{"self":[{"href":"https:\/\/www.valonkuvia.fi\/blogi\/wp-json\/wp\/v2\/posts\/13600","targetHints":{"allow":["GET"]}}],"collection":[{"href":"https:\/\/www.valonkuvia.fi\/blogi\/wp-json\/wp\/v2\/posts"}],"about":[{"href":"https:\/\/www.valonkuvia.fi\/blogi\/wp-json\/wp\/v2\/types\/post"}],"author":[{"embeddable":true,"href":"https:\/\/www.valonkuvia.fi\/blogi\/wp-json\/wp\/v2\/users\/1"}],"replies":[{"embeddable":true,"href":"https:\/\/www.valonkuvia.fi\/blogi\/wp-json\/wp\/v2\/comments?post=13600"}],"version-history":[{"count":4,"href":"https:\/\/www.valonkuvia.fi\/blogi\/wp-json\/wp\/v2\/posts\/13600\/revisions"}],"predecessor-version":[{"id":22605,"href":"https:\/\/www.valonkuvia.fi\/blogi\/wp-json\/wp\/v2\/posts\/13600\/revisions\/22605"}],"wp:attachment":[{"href":"https:\/\/www.valonkuvia.fi\/blogi\/wp-json\/wp\/v2\/media?parent=13600"}],"wp:term":[{"taxonomy":"category","embeddable":true,"href":"https:\/\/www.valonkuvia.fi\/blogi\/wp-json\/wp\/v2\/categories?post=13600"},{"taxonomy":"post_tag","embeddable":true,"href":"https:\/\/www.valonkuvia.fi\/blogi\/wp-json\/wp\/v2\/tags?post=13600"}],"curies":[{"name":"wp","href":"https:\/\/api.w.org\/{rel}","templated":true}]}}