{"id":13621,"date":"2019-06-01T20:17:50","date_gmt":"2019-06-01T17:17:50","guid":{"rendered":"http:\/\/www.valonkuvia.fi\/blogi\/?p=13621"},"modified":"2023-04-02T15:30:31","modified_gmt":"2023-04-02T12:30:31","slug":"poimintoja-1-paul-motian-bill-evans-jmt-music-1990","status":"publish","type":"post","link":"https:\/\/www.valonkuvia.fi\/blogi\/poimintoja-1-paul-motian-bill-evans-jmt-music-1990\/","title":{"rendered":"Levyhyllyst\u00e4 1 &#8211; Paul Motian: Bill Evans (JMT Music, 1990)"},"content":{"rendered":"\n<figure class=\"wp-block-image aligncenter is-style-default\"><img data-recalc-dims=\"1\" loading=\"lazy\" decoding=\"async\" width=\"640\" height=\"437\" src=\"https:\/\/i0.wp.com\/www.valonkuvia.fi\/blogi\/wp-content\/uploads\/2019\/06\/poimintoja-kansi.jpg?resize=640%2C437\" alt=\"\" class=\"wp-image-13623\" srcset=\"https:\/\/i0.wp.com\/www.valonkuvia.fi\/blogi\/wp-content\/uploads\/2019\/06\/poimintoja-kansi.jpg?w=640&amp;ssl=1 640w, https:\/\/i0.wp.com\/www.valonkuvia.fi\/blogi\/wp-content\/uploads\/2019\/06\/poimintoja-kansi.jpg?resize=426%2C291&amp;ssl=1 426w\" sizes=\"auto, (max-width: 640px) 100vw, 640px\" \/><\/figure>\n\n\n\n<blockquote class=\"wp-block-quote is-style-default is-layout-flow wp-block-quote-is-layout-flow\">\n<p>Uusien levyjen jatkuva virta uhkaa haudata unohduksiin menneiden vuosien hienot levytykset. Siksi aloitan blogissa uuden sarjan \u201cLevyhyllyst\u00e4\u201d, jossa silloin t\u00e4ll\u00f6in nostan esille vanhoja suosikkejani ja liit\u00e4n mukaan my\u00f6s lyhyen, noin sadan sanan mittaisen, luonnehdinnan. Valitsen poimintoihin cd-julkaisuja (on niill\u00e4 viel\u00e4 arvoa), sill\u00e4 vinyylilevyj\u00e4 esittelen (silloin t\u00e4ll\u00f6in niit\u00e4kin) <a href=\"https:\/\/www.valonkuvia.fi\/blogi\/jazzjutut\/vinyylin-viehatys\/\">\u201cVinyylin vieh\u00e4tys\u201d -sarjassa<\/a>.<\/p>\n<\/blockquote>\n\n\n\n<p>Rumpali <strong>Paul Motian<\/strong> jos kuka oli oikea henkil\u00f6 levytt\u00e4m\u00e4\u00e4n kunnianosoituksen pianisti <strong>Bill Evansille<\/strong>. Soittihan Motian vuosia (1958-1964) Evansin legendaarisessa triossa, joka oli er\u00e4s nykyaikaisen pianotrion kulmakivi\u00e4. Motianin kvartetti levytti albuminsa toukokuussa 1990 ja saksalainen <a href=\"https:\/\/en.m.wikipedia.org\/wiki\/JMT_Records\">JMT Records<\/a> julkaisi levyn viel\u00e4 samana vuonna.<\/p>\n\n\n\n<p>Levyll\u00e4 on yhdeks\u00e4n Evansin s\u00e4vellyst\u00e4, joista kvartetti loihtii niin kevyet versiot, ett\u00e4 <strong>Joe Lovanon<\/strong> tenori ja <strong>Bill Frisellin<\/strong> kitara tuntuvat suorastaan leijuvan painottomasti vapaana. Hienoja esimerkkej\u00e4 t\u00e4ydellisen tasapainoiselta levylt\u00e4 ovat svengaavat \u201c<em>Show-Type Tune<\/em>\u201d ja \u201c<em>34 Skidoo<\/em>\u201d ja lempe\u00e4n melankoliset balladit \u201c<em>Turn Out The Stars<\/em>\u201d ja \u201c<em>Time Remembered<\/em>\u201d. Basisti <strong>Marc Johnson<\/strong> kantaa musiikkia aktiivisesti ja yhtyeenjohtajan kevyt, jopa hapuilevan omintakeinen soittotyyli viimeistelee albumin vieh\u00e4tt\u00e4v\u00e4n ilmeen.<\/p>\n\n\n\n<p><strong>Paul Motian<\/strong>: Bill Evans (JMT Records, 1990)<br><em>Joe Lovano, tenorisaksofoni, Bill Frisell, kitara, Marc Johnson, basso, Paul Motian, rummut<\/em><\/p>\n\n\n\n<figure class=\"wp-block-image aligncenter is-style-default\"><img data-recalc-dims=\"1\" loading=\"lazy\" decoding=\"async\" width=\"426\" height=\"426\" src=\"https:\/\/i0.wp.com\/www.valonkuvia.fi\/blogi\/wp-content\/uploads\/2019\/06\/paulmotian_billevans-426x426.jpg?resize=426%2C426\" alt=\"\" class=\"wp-image-13624\" srcset=\"https:\/\/i0.wp.com\/www.valonkuvia.fi\/blogi\/wp-content\/uploads\/2019\/06\/paulmotian_billevans.jpg?resize=426%2C426&amp;ssl=1 426w, https:\/\/i0.wp.com\/www.valonkuvia.fi\/blogi\/wp-content\/uploads\/2019\/06\/paulmotian_billevans.jpg?resize=150%2C150&amp;ssl=1 150w, https:\/\/i0.wp.com\/www.valonkuvia.fi\/blogi\/wp-content\/uploads\/2019\/06\/paulmotian_billevans.jpg?resize=100%2C100&amp;ssl=1 100w, https:\/\/i0.wp.com\/www.valonkuvia.fi\/blogi\/wp-content\/uploads\/2019\/06\/paulmotian_billevans.jpg?resize=50%2C50&amp;ssl=1 50w, https:\/\/i0.wp.com\/www.valonkuvia.fi\/blogi\/wp-content\/uploads\/2019\/06\/paulmotian_billevans.jpg?w=450&amp;ssl=1 450w\" sizes=\"auto, (max-width: 426px) 100vw, 426px\" \/><\/figure>\n\n\n\n<h4 class=\"wp-block-heading\">Turn out the stars<\/h4>\n\n\n\n<p class=\"has-text-align-center\"><iframe loading=\"lazy\" src=\"https:\/\/www.youtube.com\/embed\/r-3EIBtSF7s\" width=\"560\" height=\"315\" frameborder=\"0\" allowfullscreen=\"allowfullscreen\"><\/iframe><\/p>\n","protected":false},"excerpt":{"rendered":"<p>Uusien levyjen jatkuva virta uhkaa haudata unohduksiin menneiden vuosien hienot levytykset. Siksi aloitan blogissa uuden sarjan \u201cLevyhyllyst\u00e4\u201d, jossa silloin t\u00e4ll\u00f6in nostan esille vanhoja suosikkejani ja liit\u00e4n mukaan my\u00f6s lyhyen, noin sadan sanan mittaisen, luonnehdinnan. Valitsen poimintoihin cd-julkaisuja (on niill\u00e4 viel\u00e4 arvoa), sill\u00e4 vinyylilevyj\u00e4 esittelen (silloin t\u00e4ll\u00f6in niit\u00e4kin) \u201cVinyylin vieh\u00e4tys\u201d -sarjassa. Rumpali Paul Motian jos kuka [&hellip;]<\/p>\n","protected":false},"author":1,"featured_media":0,"comment_status":"open","ping_status":"open","sticky":false,"template":"","format":"standard","meta":{"ngg_post_thumbnail":0,"_jetpack_memberships_contains_paid_content":false,"footnotes":"","jetpack_publicize_message":"","jetpack_publicize_feature_enabled":true,"jetpack_social_post_already_shared":true,"jetpack_social_options":{"image_generator_settings":{"template":"highway","default_image_id":0,"font":"","enabled":false},"version":2}},"categories":[3],"tags":[20,264,614,616,615,76],"class_list":["post-13621","post","type-post","status-publish","format-standard","hentry","category-jazz","tag-amerikkalainen-jazz","tag-bill-frisell","tag-joe-lovano","tag-levyhyllysta","tag-marc-johnson","tag-paul-motian"],"jetpack_publicize_connections":[],"jetpack_featured_media_url":"","jetpack_likes_enabled":false,"jetpack_sharing_enabled":true,"_links":{"self":[{"href":"https:\/\/www.valonkuvia.fi\/blogi\/wp-json\/wp\/v2\/posts\/13621","targetHints":{"allow":["GET"]}}],"collection":[{"href":"https:\/\/www.valonkuvia.fi\/blogi\/wp-json\/wp\/v2\/posts"}],"about":[{"href":"https:\/\/www.valonkuvia.fi\/blogi\/wp-json\/wp\/v2\/types\/post"}],"author":[{"embeddable":true,"href":"https:\/\/www.valonkuvia.fi\/blogi\/wp-json\/wp\/v2\/users\/1"}],"replies":[{"embeddable":true,"href":"https:\/\/www.valonkuvia.fi\/blogi\/wp-json\/wp\/v2\/comments?post=13621"}],"version-history":[{"count":18,"href":"https:\/\/www.valonkuvia.fi\/blogi\/wp-json\/wp\/v2\/posts\/13621\/revisions"}],"predecessor-version":[{"id":22873,"href":"https:\/\/www.valonkuvia.fi\/blogi\/wp-json\/wp\/v2\/posts\/13621\/revisions\/22873"}],"wp:attachment":[{"href":"https:\/\/www.valonkuvia.fi\/blogi\/wp-json\/wp\/v2\/media?parent=13621"}],"wp:term":[{"taxonomy":"category","embeddable":true,"href":"https:\/\/www.valonkuvia.fi\/blogi\/wp-json\/wp\/v2\/categories?post=13621"},{"taxonomy":"post_tag","embeddable":true,"href":"https:\/\/www.valonkuvia.fi\/blogi\/wp-json\/wp\/v2\/tags?post=13621"}],"curies":[{"name":"wp","href":"https:\/\/api.w.org\/{rel}","templated":true}]}}