{"id":13970,"date":"2019-06-20T23:24:02","date_gmt":"2019-06-20T20:24:02","guid":{"rendered":"http:\/\/www.valonkuvia.fi\/blogi\/?p=13970"},"modified":"2023-04-01T21:54:56","modified_gmt":"2023-04-01T18:54:56","slug":"timo-lassy-teppo-makynen","status":"publish","type":"post","link":"https:\/\/www.valonkuvia.fi\/blogi\/timo-lassy-teppo-makynen\/","title":{"rendered":"Timo Lassy &#038; Teppo M\u00e4kynen: Timo Lassy &#038; Teppo M\u00e4kynen (We Jazz Records, 2019)"},"content":{"rendered":"\n<figure class=\"wp-block-image aligncenter size-full wp-image-13972 is-style-default\"><img data-recalc-dims=\"1\" loading=\"lazy\" decoding=\"async\" width=\"640\" height=\"320\" src=\"https:\/\/i0.wp.com\/www.valonkuvia.fi\/blogi\/wp-content\/uploads\/2019\/06\/Lassy-Makynen3.jpg?resize=640%2C320\" alt=\"\" class=\"wp-image-13972\" srcset=\"https:\/\/i0.wp.com\/www.valonkuvia.fi\/blogi\/wp-content\/uploads\/2019\/06\/Lassy-Makynen3.jpg?w=640&amp;ssl=1 640w, https:\/\/i0.wp.com\/www.valonkuvia.fi\/blogi\/wp-content\/uploads\/2019\/06\/Lassy-Makynen3.jpg?resize=426%2C213&amp;ssl=1 426w\" sizes=\"auto, (max-width: 640px) 100vw, 640px\" \/><figcaption class=\"wp-element-caption\">Teppo M\u00e4kynen &amp; Timo Lassy @Turku Jazz Festival 2019<\/figcaption><\/figure>\n\n\n\n<p><strong>Timo Lassyn<\/strong> ja <strong>Teppo M\u00e4kysen <\/strong>duolevy seisoo tanakasti kahdella jalalla, viel\u00e4p\u00e4 kahdessa eri mieless\u00e4. Paljon yhdess\u00e4 soittaneiden muusikoiden yhteisty\u00f6 toimii tietenkin saumatta ja n\u00e4in duon molemmat jalat kantavat yht\u00e4lailla vastuunsa kokonaisuuden tasapainosta. Toisaalta levy jakaantuu kahteen tyylillisesti erilaiseen puoliskoon, jotka vinyylilevyll\u00e4 sijoittuvat aivan fyysisesti levyn eri puolille.<\/p>\n\n\n\n<p>Levyn A-puolella kaksikko soittaa akustisesti ja musiikin joukossa viittauksia jazzin perinteeseen. Esimerkiksi levyn avausraita \u201d<em>Fallow<\/em>\u201d ja &#8221;<em>Libertyn<\/em>\u201d molemmat osat viittaavat suoraan <strong>John Coltranen<\/strong> suuntaan. Toinen raita \u201d<em>Goldenrod<\/em>\u201d svengaa kevyemmin, eik\u00e4 mielikuva <strong>Sonny Rollinsista<\/strong> liene aivan v\u00e4\u00e4r\u00e4. Kun \u201d<em>Resolution Blue<\/em>\u201d ja sen abstrakti tilanrakentelu vie ajatukset AACM:n avantgarden suuntaan, on ilmeist\u00e4, ett\u00e4 duon toinen jalka varaa siis jazzin historian tukipylv\u00e4isiin.<\/p>\n\n\n\n<p>B-puolella akustisten instrumenttien soundi laajenee ja s\u00e4hk\u00f6istyy, kun musiikkia maustetaan elektronisen musiikin keinoilla, hienovaraisesti kuten M\u00e4kysen 3TM-triossa. Syntyy sinnik\u00e4st\u00e4 groovea ja leijuvia sointimaisemia eli duon toinen jalka on vahvasti nykymusiikin puolella. Ajattoman ja ajankohtaisen kohtaamisesta syntyy el\u00e4v\u00e4 ja mielenkiintoinen albumi, varmasti er\u00e4s vuoden parhaita julkaisuja.<\/p>\n\n\n\n<p>Itselleni A-puolen t\u00e4ysin akustinen musiikki tuntuu l\u00e4heisemm\u00e4lt\u00e4 kuin B-puoli ja sen s\u00e4hk\u00f6iset s\u00e4vyt. Makuasioista huolimatta koko levy kuuluu tietenkin .<\/p>\n\n\n\n<p><strong>Timo Lassy &amp; Teppo M\u00e4kynen<\/strong>: Timo Lassy &amp; Teppo M\u00e4kynen (We Jazz Records, 2019)<br><em>Timo Lassy, tenorisaksofoni, Teppo M\u00e4kynen, rummut<\/em><\/p>\n\n\n\n<figure class=\"wp-block-image aligncenter is-style-default\"><img data-recalc-dims=\"1\" loading=\"lazy\" decoding=\"async\" width=\"426\" height=\"426\" src=\"https:\/\/i0.wp.com\/www.valonkuvia.fi\/blogi\/wp-content\/uploads\/2019\/06\/lassy-makynen-426x426.jpg?resize=426%2C426\" alt=\"\" class=\"wp-image-13973\"\/><\/figure>\n","protected":false},"excerpt":{"rendered":"<p>Timo Lassyn ja Teppo M\u00e4kysen duolevy seisoo tanakasti kahdella jalalla, viel\u00e4p\u00e4 kahdessa eri mieless\u00e4. Paljon yhdess\u00e4 soittaneiden muusikoiden yhteisty\u00f6 toimii tietenkin saumatta ja n\u00e4in duon molemmat jalat kantavat yht\u00e4lailla vastuunsa kokonaisuuden tasapainosta. Toisaalta levy jakaantuu kahteen tyylillisesti erilaiseen puoliskoon, jotka vinyylilevyll\u00e4 sijoittuvat aivan fyysisesti levyn eri puolille. Levyn A-puolella kaksikko soittaa akustisesti ja musiikin joukossa [&hellip;]<\/p>\n","protected":false},"author":1,"featured_media":0,"comment_status":"open","ping_status":"open","sticky":false,"template":"","format":"standard","meta":{"ngg_post_thumbnail":0,"_jetpack_memberships_contains_paid_content":false,"footnotes":"","jetpack_publicize_message":"","jetpack_publicize_feature_enabled":true,"jetpack_social_post_already_shared":true,"jetpack_social_options":{"image_generator_settings":{"template":"highway","default_image_id":0,"font":"","enabled":false},"version":2}},"categories":[3],"tags":[396,13,40,23,18,88,120,148],"class_list":["post-13970","post","type-post","status-publish","format-standard","hentry","category-jazz","tag-duo","tag-jazzlevyt-2","tag-rummut","tag-saksofoni","tag-suomalainen-jazz","tag-teppo-makynen","tag-timo-lassy","tag-we-jazz"],"jetpack_publicize_connections":[],"jetpack_featured_media_url":"","jetpack_likes_enabled":false,"jetpack_sharing_enabled":true,"_links":{"self":[{"href":"https:\/\/www.valonkuvia.fi\/blogi\/wp-json\/wp\/v2\/posts\/13970","targetHints":{"allow":["GET"]}}],"collection":[{"href":"https:\/\/www.valonkuvia.fi\/blogi\/wp-json\/wp\/v2\/posts"}],"about":[{"href":"https:\/\/www.valonkuvia.fi\/blogi\/wp-json\/wp\/v2\/types\/post"}],"author":[{"embeddable":true,"href":"https:\/\/www.valonkuvia.fi\/blogi\/wp-json\/wp\/v2\/users\/1"}],"replies":[{"embeddable":true,"href":"https:\/\/www.valonkuvia.fi\/blogi\/wp-json\/wp\/v2\/comments?post=13970"}],"version-history":[{"count":9,"href":"https:\/\/www.valonkuvia.fi\/blogi\/wp-json\/wp\/v2\/posts\/13970\/revisions"}],"predecessor-version":[{"id":22613,"href":"https:\/\/www.valonkuvia.fi\/blogi\/wp-json\/wp\/v2\/posts\/13970\/revisions\/22613"}],"wp:attachment":[{"href":"https:\/\/www.valonkuvia.fi\/blogi\/wp-json\/wp\/v2\/media?parent=13970"}],"wp:term":[{"taxonomy":"category","embeddable":true,"href":"https:\/\/www.valonkuvia.fi\/blogi\/wp-json\/wp\/v2\/categories?post=13970"},{"taxonomy":"post_tag","embeddable":true,"href":"https:\/\/www.valonkuvia.fi\/blogi\/wp-json\/wp\/v2\/tags?post=13970"}],"curies":[{"name":"wp","href":"https:\/\/api.w.org\/{rel}","templated":true}]}}