{"id":14051,"date":"2019-07-04T21:37:07","date_gmt":"2019-07-04T18:37:07","guid":{"rendered":"https:\/\/www.valonkuvia.fi\/blogi\/?p=14051"},"modified":"2025-01-19T10:02:42","modified_gmt":"2025-01-19T08:02:42","slug":"joachim-kuhn-die-dreigroschenoper","status":"publish","type":"post","link":"https:\/\/www.valonkuvia.fi\/blogi\/joachim-kuhn-die-dreigroschenoper\/","title":{"rendered":"Levyhyllyst\u00e4 3 &#8211; Joachim K\u00fchn\/Daniel Humair\/Jean-Fran\u00e7ois Jenny-Clark: Die Dreigroschenoper (Verve, 1996)"},"content":{"rendered":"\n<figure class=\"wp-block-image aligncenter is-style-default\"><img data-recalc-dims=\"1\" loading=\"lazy\" decoding=\"async\" width=\"640\" height=\"480\" src=\"https:\/\/i0.wp.com\/www.valonkuvia.fi\/blogi\/wp-content\/uploads\/2019\/07\/jk-dh-jf-jc.jpg?resize=640%2C480&#038;ssl=1\" alt=\"\" class=\"wp-image-14053\" srcset=\"https:\/\/i0.wp.com\/www.valonkuvia.fi\/blogi\/wp-content\/uploads\/2019\/07\/jk-dh-jf-jc.jpg?w=640&amp;ssl=1 640w, https:\/\/i0.wp.com\/www.valonkuvia.fi\/blogi\/wp-content\/uploads\/2019\/07\/jk-dh-jf-jc.jpg?resize=426%2C320&amp;ssl=1 426w\" sizes=\"auto, (max-width: 640px) 100vw, 640px\" \/><\/figure>\n\n\n\n<p>Saksalainen pianisti <strong>Joachim K\u00fchnin<\/strong> tunnetuimpia kokoonpanoja oli 1980- ja 1990-luvuilla toiminut pianotrio yhdess\u00e4 ranskalaisten soittokumppanien, rumpali <strong>Daniel Humairin<\/strong> ja basisti <strong>Jean-Fran\u00e7ois Jenny-Clarkin<\/strong> (1944-1998), kanssa. Jazzin svengi\u00e4 ja klassisen musiikin vaikutteita taitavasti yhdist\u00e4nyt virtuoosimainen trio levytti ensimm\u00e4isen levyns\u00e4 vuonna 1985 ja trion taival p\u00e4\u00e4ttyi Jenny-Clarkin kuolemaan vuonna 1998.<\/p>\n\n\n\n<p>Trion viimeisi\u00e4 levytyksi\u00e4 oli joulukuussa 1995 \u00e4\u00e4nitetty kokoelma <strong>Kurt Weillin<\/strong> \u201d<em>Kolmen pennin oopperaan<\/em>\u201d (1928) s\u00e4velt\u00e4mist\u00e4 lauluista, jotka K\u00fchn sovitti triolleen. Alun perin kabareen ja klassisen musiikin v\u00e4limaastossa liikkunut musiikki taipuu trion k\u00e4sittelyss\u00e4 kauniisti jazziksi. Samalla kolmikko kuitenkin s\u00e4ilytt\u00e4\u00e4 h\u00e4mm\u00e4stytt\u00e4v\u00e4n hienosti el\u00e4v\u00e4n\u00e4 my\u00f6s Weillin s\u00e4velmien hengen. Varsinkin levyn dramaattinen p\u00e4\u00e4t\u00f6s, jazzstandardiksi muotoutunut \u201d<em>Mack the Knife<\/em>\u201d, svengaa villisti.<\/p>\n\n\n\n<p><strong>Joachim K\u00fchn\/Daniel Humair\/Jean-Fran\u00e7ois Jenny-Clark<\/strong>: Die Dreigroschenoper (Verve, 1996)<br><em>Joachim K\u00fchn, piano, Jean-Fran\u00e7ois Jenny-Clark, basso,Daniel Humair, rummut<\/em><\/p>\n\n\n\n<center>* * * * * * * * * * * *<\/center>\n\n\n\n<blockquote class=\"wp-block-quote is-style-default is-layout-flow wp-block-quote-is-layout-flow\">\n<p>Uusien levyjen jatkuva virta uhkaa haudata unohduksiin menneiden vuosien hienot levytykset. Siksi nostan \u201c<a href=\"https:\/\/www.valonkuvia.fi\/blogi\/jazzjutut\/levyhyllysta\/\">Levyhyllyst\u00e4<\/a>\u201d-sarjassa esille vanhoja suosikkejani ja liit\u00e4n mukaan noin sadan sanan mittaisen luonnehdinnan levyist\u00e4. Valitsen poimintoihin cd-julkaisuja, sill\u00e4 vinyylilevyj\u00e4 esittelen <a href=\"https:\/\/www.valonkuvia.fi\/blogi\/jazzjutut\/vinyylin-viehatys\/\">\u201cVinyylin vieh\u00e4tys\u201d<\/a> -sarjassa.<\/p>\n<\/blockquote>\n","protected":false},"excerpt":{"rendered":"<p>Saksalainen pianisti Joachim K\u00fchnin tunnetuimpia kokoonpanoja oli 1980- ja 1990-luvuilla toiminut pianotrio yhdess\u00e4 ranskalaisten soittokumppanien, rumpali Daniel Humairin ja basisti Jean-Fran\u00e7ois Jenny-Clarkin (1944-1998), kanssa. Jazzin svengi\u00e4 ja klassisen musiikin vaikutteita taitavasti yhdist\u00e4nyt virtuoosimainen trio levytti ensimm\u00e4isen levyns\u00e4 vuonna 1985 ja trion taival p\u00e4\u00e4ttyi Jenny-Clarkin kuolemaan vuonna 1998. Trion viimeisi\u00e4 levytyksi\u00e4 oli joulukuussa 1995 \u00e4\u00e4nitetty kokoelma [&hellip;]<\/p>\n","protected":false},"author":1,"featured_media":0,"comment_status":"open","ping_status":"open","sticky":false,"template":"","format":"standard","meta":{"ngg_post_thumbnail":0,"_jetpack_memberships_contains_paid_content":false,"footnotes":"","jetpack_publicize_message":"","jetpack_publicize_feature_enabled":true,"jetpack_social_post_already_shared":true,"jetpack_social_options":{"image_generator_settings":{"template":"highway","default_image_id":0,"font":"","enabled":false},"version":2}},"categories":[3],"tags":[623,80,624,622,621,616,319],"class_list":["post-14051","post","type-post","status-publish","format-standard","hentry","category-jazz","tag-daniel-humair","tag-eurooppalainen-jazz","tag-jean-francois-jenny-clark","tag-joachim-kuhn","tag-kurt-weill","tag-levyhyllysta","tag-pianotrio"],"jetpack_publicize_connections":[],"jetpack_featured_media_url":"","jetpack_likes_enabled":false,"jetpack_sharing_enabled":true,"_links":{"self":[{"href":"https:\/\/www.valonkuvia.fi\/blogi\/wp-json\/wp\/v2\/posts\/14051","targetHints":{"allow":["GET"]}}],"collection":[{"href":"https:\/\/www.valonkuvia.fi\/blogi\/wp-json\/wp\/v2\/posts"}],"about":[{"href":"https:\/\/www.valonkuvia.fi\/blogi\/wp-json\/wp\/v2\/types\/post"}],"author":[{"embeddable":true,"href":"https:\/\/www.valonkuvia.fi\/blogi\/wp-json\/wp\/v2\/users\/1"}],"replies":[{"embeddable":true,"href":"https:\/\/www.valonkuvia.fi\/blogi\/wp-json\/wp\/v2\/comments?post=14051"}],"version-history":[{"count":12,"href":"https:\/\/www.valonkuvia.fi\/blogi\/wp-json\/wp\/v2\/posts\/14051\/revisions"}],"predecessor-version":[{"id":26450,"href":"https:\/\/www.valonkuvia.fi\/blogi\/wp-json\/wp\/v2\/posts\/14051\/revisions\/26450"}],"wp:attachment":[{"href":"https:\/\/www.valonkuvia.fi\/blogi\/wp-json\/wp\/v2\/media?parent=14051"}],"wp:term":[{"taxonomy":"category","embeddable":true,"href":"https:\/\/www.valonkuvia.fi\/blogi\/wp-json\/wp\/v2\/categories?post=14051"},{"taxonomy":"post_tag","embeddable":true,"href":"https:\/\/www.valonkuvia.fi\/blogi\/wp-json\/wp\/v2\/tags?post=14051"}],"curies":[{"name":"wp","href":"https:\/\/api.w.org\/{rel}","templated":true}]}}