{"id":14378,"date":"2019-09-30T14:51:26","date_gmt":"2019-09-30T11:51:26","guid":{"rendered":"https:\/\/www.valonkuvia.fi\/blogi\/?p=14378"},"modified":"2023-04-01T22:00:16","modified_gmt":"2023-04-01T19:00:16","slug":"jazzia-ilosaaressa-2","status":"publish","type":"post","link":"https:\/\/www.valonkuvia.fi\/blogi\/jazzia-ilosaaressa-2\/","title":{"rendered":"Jazzia Ilosaaressa 2019 &#8211; l\u00e4mmin jazz-ilta Joensuussa"},"content":{"rendered":"\n<figure class=\"wp-block-image aligncenter is-style-default\"><a href=\"https:\/\/i0.wp.com\/www.valonkuvia.fi\/blogi\/wp-content\/uploads\/2019\/09\/ilosaari2019_4.jpg?ssl=1\"><img data-recalc-dims=\"1\" loading=\"lazy\" decoding=\"async\" width=\"640\" height=\"360\" src=\"https:\/\/i0.wp.com\/www.valonkuvia.fi\/blogi\/wp-content\/uploads\/2019\/09\/ilosaari2019_4.jpg?resize=640%2C360&#038;ssl=1\" alt=\"\" class=\"wp-image-14383\" srcset=\"https:\/\/i0.wp.com\/www.valonkuvia.fi\/blogi\/wp-content\/uploads\/2019\/09\/ilosaari2019_4.jpg?w=640&amp;ssl=1 640w, https:\/\/i0.wp.com\/www.valonkuvia.fi\/blogi\/wp-content\/uploads\/2019\/09\/ilosaari2019_4.jpg?resize=426%2C240&amp;ssl=1 426w\" sizes=\"auto, (max-width: 640px) 100vw, 640px\" \/><\/a><figcaption class=\"wp-element-caption\">Pope Puolitaival Nordic4: Jussi Fredriksson, piano, Jori Huhtala, basso, Pope Puolitaival, tenorisaksofoni, Jonatan Sarikoski, rummut<\/figcaption><\/figure>\n\n\n\n<p>Joensuun virke\u00e4n jazzsyksyn er\u00e4\u00e4ksi kohokohdaksi rakennettu &#8221;<em>Jazzia Ilosaaressa<\/em>&#8221; -konsertti (28.9.2019) esitteli kuulijoille <a href=\"https:\/\/www.valonkuvia.fi\/blogi\/jazzia-ilosaaressa\/\">viime syksyst\u00e4<\/a> tuttuun tapaan kolmen kotimaisen yhtyeen paketin. Onnistuneen illan aloitti pianisti <strong>Jussi Fredrikssonin<\/strong> trio, joka soitti kahdelta levylt\u00e4\u00e4n poimittuja kappaleita. Suurin osa musiikista oli per\u00e4isin tuoreimmalta \u201c<em>!<\/em>\u201d-levylt\u00e4, esimerkkein\u00e4 rauhallisesti hiippaileva \u201c<em>Spy<\/em>\u201d ja energinen \u201c<em>Action<\/em>\u201d. Ensimm\u00e4iselt\u00e4 levylt\u00e4 \u201c<em>?<\/em>\u201d ohjelmassa oli koiran kanssa lenkkeilyst\u00e4 innoituksen saanut rento \u201c<em>Uuno Walk<\/em>\u201d. (Jos trio viel\u00e4 julkaisee kolmannen levyn, voisi kysymysmerkin ja huutomerkin j\u00e4lkeen vuorossa olla synteesin\u00e4 ajatusviiva, \u201c<em>&#8211;<\/em>\u201d.)<\/p>\n\n\n\n<figure class=\"wp-block-image aligncenter is-style-default\"><a href=\"https:\/\/i0.wp.com\/www.valonkuvia.fi\/blogi\/wp-content\/uploads\/2019\/09\/ilosaari2019_3.jpg?ssl=1\"><img data-recalc-dims=\"1\" loading=\"lazy\" decoding=\"async\" width=\"640\" height=\"427\" src=\"https:\/\/i0.wp.com\/www.valonkuvia.fi\/blogi\/wp-content\/uploads\/2019\/09\/ilosaari2019_3.jpg?resize=640%2C427&#038;ssl=1\" alt=\"\" class=\"wp-image-14382\" srcset=\"https:\/\/i0.wp.com\/www.valonkuvia.fi\/blogi\/wp-content\/uploads\/2019\/09\/ilosaari2019_3.jpg?w=640&amp;ssl=1 640w, https:\/\/i0.wp.com\/www.valonkuvia.fi\/blogi\/wp-content\/uploads\/2019\/09\/ilosaari2019_3.jpg?resize=426%2C284&amp;ssl=1 426w\" sizes=\"auto, (max-width: 640px) 100vw, 640px\" \/><\/a><figcaption class=\"wp-element-caption\">Jussi Fredriksson<\/figcaption><\/figure>\n\n\n\n<p>Trio punoi s\u00e4vellyksist\u00e4 samaan aikaan sek\u00e4 hyvin spontaaneilta ett\u00e4 hallituilta kuulostavia versioita. Oli ilo todistaa omin l\u00e4hiet\u00e4isyydelt\u00e4 kolmen taitavan muusikon, Fredrikssonin lis\u00e4ksi basisti <strong>Jori Huhtala<\/strong> ja rumpali <strong>Mika Kallio<\/strong>, taiteellista luomisty\u00f6t\u00e4 ja herk\u00e4sti reagoivaa kommunikaatiota.<\/p>\n\n\n\n<figure class=\"wp-block-image aligncenter is-style-default\"><a href=\"https:\/\/i0.wp.com\/www.valonkuvia.fi\/blogi\/wp-content\/uploads\/2019\/09\/ilosaari2019_5.jpg?ssl=1\"><img data-recalc-dims=\"1\" loading=\"lazy\" decoding=\"async\" width=\"640\" height=\"427\" src=\"https:\/\/i0.wp.com\/www.valonkuvia.fi\/blogi\/wp-content\/uploads\/2019\/09\/ilosaari2019_5.jpg?resize=640%2C427&#038;ssl=1\" alt=\"\" class=\"wp-image-14392\" srcset=\"https:\/\/i0.wp.com\/www.valonkuvia.fi\/blogi\/wp-content\/uploads\/2019\/09\/ilosaari2019_5.jpg?w=640&amp;ssl=1 640w, https:\/\/i0.wp.com\/www.valonkuvia.fi\/blogi\/wp-content\/uploads\/2019\/09\/ilosaari2019_5.jpg?resize=426%2C284&amp;ssl=1 426w\" sizes=\"auto, (max-width: 640px) 100vw, 640px\" \/><\/a><figcaption class=\"wp-element-caption\">Pope Puolitaival<\/figcaption><\/figure>\n\n\n\n<p>Fredriksson ja Huhtala palasivat tauon j\u00e4lkeen takaisin lavalle, kun saksofonisti <strong>Pope Puolitaival<\/strong> toi Nordic4-yhtyeens\u00e4 esitt\u00e4m\u00e4\u00e4n materiaalia ensimm\u00e4iselt\u00e4 levylt\u00e4\u00e4n \u201c<em>Northern Resonance<\/em>\u201d (Flame Jazz Records, 2019). Rumpaliksi vaihtui <strong>Jonatan Sarikoski<\/strong>. Musiikin tyylilaji ei kuitenkaan varsinaisesti vaihtunut, sill\u00e4 my\u00f6s Puolitaipaleen kvartetti edustaa modernia, s\u00e4vellysten ja improvisaation vuorovaikutuksen varaan j\u00e4nnittyv\u00e4\u00e4 jazzia.<\/p>\n\n\n\n<p>Pohjoismaisen jazzin lis\u00e4ksi linkki my\u00f6s amerikkalaiseen jazziin on selv\u00e4, mink\u00e4 vahvistivat hauska <strong>Sonny Rollinsiin<\/strong> viittaava kalypso \u201c<em>Sonny from Kaustinen<\/em>\u201d tai levyn ulkopuolelta ohjelmaan p\u00e4\u00e4ssyt kimurantti bebop-teema \u201c<em>D\u00e4g\u00e4d\u00e4g\u00e4<\/em>\u201d (ehk\u00e4 se nimi kirjoitetaan noin). Kerubi-klubin l\u00e4mmin tunnelma innoitti yhtyeen intensiiviseen ja vahvasti svengaavaan esitykseen.<\/p>\n\n\n\n<figure class=\"wp-block-image aligncenter is-style-default\"><a href=\"https:\/\/i0.wp.com\/www.valonkuvia.fi\/blogi\/wp-content\/uploads\/2019\/09\/ilosaari2019_1.jpg?ssl=1\"><img data-recalc-dims=\"1\" loading=\"lazy\" decoding=\"async\" width=\"640\" height=\"427\" src=\"https:\/\/i0.wp.com\/www.valonkuvia.fi\/blogi\/wp-content\/uploads\/2019\/09\/ilosaari2019_1.jpg?resize=640%2C427&#038;ssl=1\" alt=\"\" class=\"wp-image-14380\" srcset=\"https:\/\/i0.wp.com\/www.valonkuvia.fi\/blogi\/wp-content\/uploads\/2019\/09\/ilosaari2019_1.jpg?w=640&amp;ssl=1 640w, https:\/\/i0.wp.com\/www.valonkuvia.fi\/blogi\/wp-content\/uploads\/2019\/09\/ilosaari2019_1.jpg?resize=426%2C284&amp;ssl=1 426w\" sizes=\"auto, (max-width: 640px) 100vw, 640px\" \/><\/a><figcaption class=\"wp-element-caption\">Ismaila San\u00e9<\/figcaption><\/figure>\n\n\n\n<p>Illan p\u00e4\u00e4tteeksi Senegalista l\u00e4ht\u00f6isin oleva laulaja ja ly\u00f6m\u00e4soittaja <strong>Ismaila San\u00e9<\/strong> ja h\u00e4nen 7-henkinen Sa\u00efsba-yhtyeens\u00e4 vaihtoivat selke\u00e4sti tyylilajia. Sa\u00efsban afrojazz vangitsi syv\u00e4ll\u00e4 groovellaan ja sen v\u00e4lit\u00f6n esitys huipensi koko illan. Mieleen j\u00e4iv\u00e4t hypnoottinen poljento, yhtyeenjohtajan voimakas laulu, <strong>Mamadou Ndoyen<\/strong> sabar-rummut sek\u00e4 <strong>Kari Ikosen<\/strong> ja <strong>Mika Myll\u00e4rin<\/strong> jazzsoolot.<\/p>\n\n\n\n<figure class=\"wp-block-image aligncenter is-style-default\"><a href=\"https:\/\/i0.wp.com\/www.valonkuvia.fi\/blogi\/wp-content\/uploads\/2019\/09\/ilosaari2019_2.jpg?ssl=1\"><img data-recalc-dims=\"1\" loading=\"lazy\" decoding=\"async\" width=\"640\" height=\"427\" src=\"https:\/\/i0.wp.com\/www.valonkuvia.fi\/blogi\/wp-content\/uploads\/2019\/09\/ilosaari2019_2.jpg?resize=640%2C427&#038;ssl=1\" alt=\"\" class=\"wp-image-14381\" srcset=\"https:\/\/i0.wp.com\/www.valonkuvia.fi\/blogi\/wp-content\/uploads\/2019\/09\/ilosaari2019_2.jpg?w=640&amp;ssl=1 640w, https:\/\/i0.wp.com\/www.valonkuvia.fi\/blogi\/wp-content\/uploads\/2019\/09\/ilosaari2019_2.jpg?resize=426%2C284&amp;ssl=1 426w\" sizes=\"auto, (max-width: 640px) 100vw, 640px\" \/><\/a><figcaption class=\"wp-element-caption\">Mamadou Ndoye<\/figcaption><\/figure>\n\n\n\n<p>Jazzkerho-76:n puheenjohtaja <strong>Jari Hytti<\/strong> kertoi konsertin alussa, ett\u00e4 &#8221;<em>Jazzia Ilosaaressa<\/em>&#8221; j\u00e4rjestettiin t\u00e4llaisena nyt viimeist\u00e4 kertaa. Ensi syksylle on suunnitteilla useamman p\u00e4iv\u00e4n tapahtuma, mik\u00e4 tarkoittanee siis festivaalia. Lis\u00e4ksi Hytti paljasti, ett\u00e4 7.3.2020 Joensuussa on luvassa yhdistyksen historian merkitt\u00e4vin ulkomaisen esiintyj\u00e4n vierailu. Se on tietenkin hyvin paljon luvattu, kun tiet\u00e4\u00e4 yhdistyksen laajan konserttitarjonnan vuosien varrella. J\u00e4\u00e4mme kiinnostuneina odottamaan lis\u00e4tietoja.<\/p>\n\n\n\n<figure class=\"wp-block-image aligncenter is-style-default\"><a href=\"https:\/\/i0.wp.com\/www.valonkuvia.fi\/blogi\/wp-content\/uploads\/2019\/09\/ilosaari2019_6.jpg?ssl=1\"><img data-recalc-dims=\"1\" loading=\"lazy\" decoding=\"async\" width=\"640\" height=\"427\" src=\"https:\/\/i0.wp.com\/www.valonkuvia.fi\/blogi\/wp-content\/uploads\/2019\/09\/ilosaari2019_6.jpg?resize=640%2C427&#038;ssl=1\" alt=\"\" class=\"wp-image-14394\" srcset=\"https:\/\/i0.wp.com\/www.valonkuvia.fi\/blogi\/wp-content\/uploads\/2019\/09\/ilosaari2019_6.jpg?w=640&amp;ssl=1 640w, https:\/\/i0.wp.com\/www.valonkuvia.fi\/blogi\/wp-content\/uploads\/2019\/09\/ilosaari2019_6.jpg?resize=426%2C284&amp;ssl=1 426w\" sizes=\"auto, (max-width: 640px) 100vw, 640px\" \/><\/a><figcaption class=\"wp-element-caption\">Jazzkerho-76:n puheenjohtaja Jari Hytti<\/figcaption><\/figure>\n\n\n\n<p><strong>Lis\u00e4tietoja<\/strong>: <a href=\"http:\/\/jazzkerho-76.fi\">Jazzkerho-76<\/a><\/p>\n","protected":false},"excerpt":{"rendered":"<p>Joensuun virke\u00e4n jazzsyksyn er\u00e4\u00e4ksi kohokohdaksi rakennettu &#8221;Jazzia Ilosaaressa&#8221; -konsertti (28.9.2019) esitteli kuulijoille viime syksyst\u00e4 tuttuun tapaan kolmen kotimaisen yhtyeen paketin. Onnistuneen illan aloitti pianisti Jussi Fredrikssonin trio, joka soitti kahdelta levylt\u00e4\u00e4n poimittuja kappaleita. Suurin osa musiikista oli per\u00e4isin tuoreimmalta \u201c!\u201d-levylt\u00e4, esimerkkein\u00e4 rauhallisesti hiippaileva \u201cSpy\u201d ja energinen \u201cAction\u201d. Ensimm\u00e4iselt\u00e4 levylt\u00e4 \u201c?\u201d ohjelmassa oli koiran kanssa lenkkeilyst\u00e4 [&hellip;]<\/p>\n","protected":false},"author":1,"featured_media":0,"comment_status":"open","ping_status":"open","sticky":false,"template":"","format":"standard","meta":{"ngg_post_thumbnail":0,"_jetpack_memberships_contains_paid_content":false,"footnotes":"","jetpack_publicize_message":"","jetpack_publicize_feature_enabled":true,"jetpack_social_post_already_shared":true,"jetpack_social_options":{"image_generator_settings":{"template":"highway","default_image_id":0,"font":"","enabled":false},"version":2}},"categories":[3],"tags":[561,643,672,19,15,539,123,642,18],"class_list":["post-14378","post","type-post","status-publish","format-standard","hentry","category-jazz","tag-festivaaliraportti","tag-ismaila-sane","tag-jazzkerho-76","tag-jazzkonsertti","tag-jazztapahtumat","tag-joensuu","tag-jussi-fredriksson","tag-pope-puolitaival","tag-suomalainen-jazz"],"jetpack_publicize_connections":[],"jetpack_featured_media_url":"","jetpack_likes_enabled":false,"jetpack_sharing_enabled":true,"_links":{"self":[{"href":"https:\/\/www.valonkuvia.fi\/blogi\/wp-json\/wp\/v2\/posts\/14378","targetHints":{"allow":["GET"]}}],"collection":[{"href":"https:\/\/www.valonkuvia.fi\/blogi\/wp-json\/wp\/v2\/posts"}],"about":[{"href":"https:\/\/www.valonkuvia.fi\/blogi\/wp-json\/wp\/v2\/types\/post"}],"author":[{"embeddable":true,"href":"https:\/\/www.valonkuvia.fi\/blogi\/wp-json\/wp\/v2\/users\/1"}],"replies":[{"embeddable":true,"href":"https:\/\/www.valonkuvia.fi\/blogi\/wp-json\/wp\/v2\/comments?post=14378"}],"version-history":[{"count":16,"href":"https:\/\/www.valonkuvia.fi\/blogi\/wp-json\/wp\/v2\/posts\/14378\/revisions"}],"predecessor-version":[{"id":22629,"href":"https:\/\/www.valonkuvia.fi\/blogi\/wp-json\/wp\/v2\/posts\/14378\/revisions\/22629"}],"wp:attachment":[{"href":"https:\/\/www.valonkuvia.fi\/blogi\/wp-json\/wp\/v2\/media?parent=14378"}],"wp:term":[{"taxonomy":"category","embeddable":true,"href":"https:\/\/www.valonkuvia.fi\/blogi\/wp-json\/wp\/v2\/categories?post=14378"},{"taxonomy":"post_tag","embeddable":true,"href":"https:\/\/www.valonkuvia.fi\/blogi\/wp-json\/wp\/v2\/tags?post=14378"}],"curies":[{"name":"wp","href":"https:\/\/api.w.org\/{rel}","templated":true}]}}