{"id":14438,"date":"2019-10-19T22:49:44","date_gmt":"2019-10-19T19:49:44","guid":{"rendered":"https:\/\/www.valonkuvia.fi\/blogi\/?p=14438"},"modified":"2023-04-02T15:23:17","modified_gmt":"2023-04-02T12:23:17","slug":"bowman-trio-persistence","status":"publish","type":"post","link":"https:\/\/www.valonkuvia.fi\/blogi\/bowman-trio-persistence\/","title":{"rendered":"Bowman Trio: Persistence (We Jazz, 2019) &#8211; syksyisi\u00e4 tunnelmia"},"content":{"rendered":"\n<figure class=\"wp-block-image aligncenter is-style-default\"><a href=\"https:\/\/i0.wp.com\/www.valonkuvia.fi\/blogi\/wp-content\/uploads\/2019\/10\/tomi-nikku.jpg?ssl=1\"><img data-recalc-dims=\"1\" loading=\"lazy\" decoding=\"async\" width=\"640\" height=\"427\" src=\"https:\/\/i0.wp.com\/www.valonkuvia.fi\/blogi\/wp-content\/uploads\/2019\/10\/tomi-nikku.jpg?resize=640%2C427&#038;ssl=1\" alt=\"\" class=\"wp-image-14442\" srcset=\"https:\/\/i0.wp.com\/www.valonkuvia.fi\/blogi\/wp-content\/uploads\/2019\/10\/tomi-nikku.jpg?w=640&amp;ssl=1 640w, https:\/\/i0.wp.com\/www.valonkuvia.fi\/blogi\/wp-content\/uploads\/2019\/10\/tomi-nikku.jpg?resize=426%2C284&amp;ssl=1 426w\" sizes=\"auto, (max-width: 640px) 100vw, 640px\" \/><\/a><figcaption class=\"wp-element-caption\">Tomi Nikku &#8211; Turku Jazz Festival 2018. Nikku soitti Turussa Max Zenger Maxxxtet -yhtyeess\u00e4.<\/figcaption><\/figure>\n\n\n\n<p>\u00c4skett\u00e4in kuuntelin ruotsalaisen saksofonistin <strong><a href=\"https:\/\/www.valonkuvia.fi\/blogi\/svensk-standard\/\">Fredrik Nordstr\u00f6min<\/a><\/strong> johtamaa trioa ja samalla havaitsin, ett\u00e4 saksofonivetoisia trioja on ollut jazzissa runsaasti <strong>Sonny Rollinsin<\/strong> huippuajoista 1950-luvun lopulta l\u00e4htien. Nyt kun levysoittimessa on soinut Bowman Trion toinen albumi &#8221;<em>Persistence<\/em>&#8221;, en saanut suoralta k\u00e4delt\u00e4 mieleeni montaakaan trumpettitrioa (en laske t\u00e4h\u00e4n mukaan \u00e4sken kuuntelemaani <a href=\"https:\/\/www.valonkuvia.fi\/blogi\/jukka-eskola-soul-trio-steamy\/\">Jukka Eskola Soul Trioa<\/a>, joka urkurin kaksoisroolin takia kuulostaa pikemminkin kvartetilta).<\/p>\n\n\n\n<p>Levyhylly\u00e4 ja hakukonetta selattuani trioja sent\u00e4\u00e4n l\u00f6ytyi, trumpetisteina esimerkiksi <strong>Don Cherry<\/strong>, <strong>Tomasz Sta\u0144ko<\/strong> ja <strong>Avishai Cohen<\/strong>. (Katso my\u00f6s soittolista postauksen lopusta.) Trumpetin, basson ja rumpujen triot n\u00e4ytt\u00e4v\u00e4t liikkuvan yleens\u00e4 free jazzin, avant garden ja kokeellisen musiikin maisemissa. My\u00f6s Bowman Trio asettuu luontevasti t\u00e4m\u00e4n joukon jatkeeksi.<\/p>\n\n\n\n<p>Levyll\u00e4 on yhdeks\u00e4n kappaletta, joista rumpali <strong>Sami Nummela<\/strong> on s\u00e4velt\u00e4nyt kahdeksan ja trumpetisti <strong>Tomi Nikku<\/strong> yhden. Bowman Trion musiikillisen ilmeen ytimess\u00e4 ovat tummanpuhuvat ja surumielisyyteen taipuvat s\u00e4velm\u00e4t, joita Nikku ahdistuneen ilmaisuvoimaisella trumpetilla tulkitsee. Hyvi\u00e4 esimerkkej\u00e4 ovat mm. \u201c<em>Badwater<\/em>\u201d, \u201c<em>M\u00e4 en jaksa<\/em>\u201d ja \u201c<em>Mac Elliot<\/em>\u201d. Trion tavassa k\u00e4sitell\u00e4 materiaaliaan on jotain samanlaista pohdiskelevaa kypsyytt\u00e4 kuin Sta\u0144kon musiikissa.<\/p>\n\n\n\n<p>Eip\u00e4 ole siis ihme, ett\u00e4 kohta kolmekymppiset muusikot p\u00e4\u00e4tt\u00e4v\u00e4t levyns\u00e4 viipyilev\u00e4\u00e4n balladiin \u201c<em>Sista sommardagen<\/em>\u201d. Siin\u00e4 Bowman Trio ei kirmaa nuoruuden innossa kes\u00e4lomalle tai juhli juhannuksena keskiy\u00f6n aurinkoa, vaan valitsee aiheekseen loppuun k\u00e4\u00e4ntyv\u00e4n kes\u00e4n ja suuntaa katseen syksyn lohdullisiin ruskatunnelmiin.<\/p>\n\n\n\n<p>Vinyylilevyn puolen tunnin mittaan mahdutettu albumi on yhten\u00e4inen kokonaisuus ja trio on vakavalla linjallaan johdonmukainen. Leikkisyys v\u00e4l\u00e4ht\u00e4\u00e4 vain hetken ajan \u201c<em>My Horsen<\/em>\u201d melodiassa, mieless\u00e4ni jopa vilkutuksena Rollinsin \u201c<em>Way Out West<\/em>\u201d -levyn villin l\u00e4nnen suuntaan. Sellaisia hetki\u00e4 olisi voinut mahduttaa levylle useammankin.<\/p>\n\n\n\n<p>Lis\u00e4sin &#8221;Persistencen&#8221; vuoden 2019 kuuntelusuosituksiin: .<\/p>\n\n\n\n<p><strong>Bowman Trio<\/strong>: Persistence (We Jazz, 2019)<br><em>Tomi Nikku, trumpetti, Joonas Tuuri, basso, Sami Nummela, rummut<\/em><\/p>\n\n\n\n<figure class=\"wp-block-image aligncenter is-style-default\"><a href=\"https:\/\/i0.wp.com\/www.valonkuvia.fi\/blogi\/wp-content\/uploads\/2019\/10\/bowmantrio.jpg?ssl=1\"><img data-recalc-dims=\"1\" loading=\"lazy\" decoding=\"async\" width=\"426\" height=\"426\" src=\"https:\/\/i0.wp.com\/www.valonkuvia.fi\/blogi\/wp-content\/uploads\/2019\/10\/bowmantrio.jpg?resize=426%2C426&#038;ssl=1\" alt=\"\" class=\"wp-image-14443\" srcset=\"https:\/\/i0.wp.com\/www.valonkuvia.fi\/blogi\/wp-content\/uploads\/2019\/10\/bowmantrio.jpg?resize=426%2C426&amp;ssl=1 426w, https:\/\/i0.wp.com\/www.valonkuvia.fi\/blogi\/wp-content\/uploads\/2019\/10\/bowmantrio.jpg?resize=150%2C150&amp;ssl=1 150w, https:\/\/i0.wp.com\/www.valonkuvia.fi\/blogi\/wp-content\/uploads\/2019\/10\/bowmantrio.jpg?resize=100%2C100&amp;ssl=1 100w, https:\/\/i0.wp.com\/www.valonkuvia.fi\/blogi\/wp-content\/uploads\/2019\/10\/bowmantrio.jpg?resize=50%2C50&amp;ssl=1 50w, https:\/\/i0.wp.com\/www.valonkuvia.fi\/blogi\/wp-content\/uploads\/2019\/10\/bowmantrio.jpg?w=500&amp;ssl=1 500w\" sizes=\"auto, (max-width: 426px) 100vw, 426px\" \/><\/a><\/figure>\n\n\n\n<h4 class=\"wp-block-heading\">Trumpetti + basso + rummut<\/h4>\n\n\n\n<p class=\"has-text-align-center\"><iframe loading=\"lazy\" class=\"aligncenter\" src=\"https:\/\/open.spotify.com\/embed\/playlist\/4cZHOVJRGuDzg7bIdSdUSB\" width=\"300\" height=\"380\" frameborder=\"0\"><\/iframe><\/p>\n","protected":false},"excerpt":{"rendered":"<p>\u00c4skett\u00e4in kuuntelin ruotsalaisen saksofonistin Fredrik Nordstr\u00f6min johtamaa trioa ja samalla havaitsin, ett\u00e4 saksofonivetoisia trioja on ollut jazzissa runsaasti Sonny Rollinsin huippuajoista 1950-luvun lopulta l\u00e4htien. Nyt kun levysoittimessa on soinut Bowman Trion toinen albumi &#8221;Persistence&#8221;, en saanut suoralta k\u00e4delt\u00e4 mieleeni montaakaan trumpettitrioa (en laske t\u00e4h\u00e4n mukaan \u00e4sken kuuntelemaani Jukka Eskola Soul Trioa, joka urkurin kaksoisroolin takia [&hellip;]<\/p>\n","protected":false},"author":1,"featured_media":0,"comment_status":"open","ping_status":"open","sticky":false,"template":"","format":"standard","meta":{"ngg_post_thumbnail":0,"_jetpack_memberships_contains_paid_content":false,"footnotes":"","jetpack_publicize_message":"","jetpack_publicize_feature_enabled":true,"jetpack_social_post_already_shared":true,"jetpack_social_options":{"image_generator_settings":{"template":"highway","default_image_id":0,"font":"","enabled":false},"version":2}},"categories":[3],"tags":[50,13,652,23,650,179,18,651,42,148],"class_list":["post-14438","post","type-post","status-publish","format-standard","hentry","category-jazz","tag-basso","tag-jazzlevyt-2","tag-joonas-tuuri","tag-saksofoni","tag-sami-nummela","tag-soittolista","tag-suomalainen-jazz","tag-tomi-nikku","tag-trumpetti","tag-we-jazz"],"jetpack_publicize_connections":[],"jetpack_featured_media_url":"","jetpack_likes_enabled":false,"jetpack_sharing_enabled":true,"_links":{"self":[{"href":"https:\/\/www.valonkuvia.fi\/blogi\/wp-json\/wp\/v2\/posts\/14438","targetHints":{"allow":["GET"]}}],"collection":[{"href":"https:\/\/www.valonkuvia.fi\/blogi\/wp-json\/wp\/v2\/posts"}],"about":[{"href":"https:\/\/www.valonkuvia.fi\/blogi\/wp-json\/wp\/v2\/types\/post"}],"author":[{"embeddable":true,"href":"https:\/\/www.valonkuvia.fi\/blogi\/wp-json\/wp\/v2\/users\/1"}],"replies":[{"embeddable":true,"href":"https:\/\/www.valonkuvia.fi\/blogi\/wp-json\/wp\/v2\/comments?post=14438"}],"version-history":[{"count":21,"href":"https:\/\/www.valonkuvia.fi\/blogi\/wp-json\/wp\/v2\/posts\/14438\/revisions"}],"predecessor-version":[{"id":22869,"href":"https:\/\/www.valonkuvia.fi\/blogi\/wp-json\/wp\/v2\/posts\/14438\/revisions\/22869"}],"wp:attachment":[{"href":"https:\/\/www.valonkuvia.fi\/blogi\/wp-json\/wp\/v2\/media?parent=14438"}],"wp:term":[{"taxonomy":"category","embeddable":true,"href":"https:\/\/www.valonkuvia.fi\/blogi\/wp-json\/wp\/v2\/categories?post=14438"},{"taxonomy":"post_tag","embeddable":true,"href":"https:\/\/www.valonkuvia.fi\/blogi\/wp-json\/wp\/v2\/tags?post=14438"}],"curies":[{"name":"wp","href":"https:\/\/api.w.org\/{rel}","templated":true}]}}