{"id":14464,"date":"2019-11-01T19:00:22","date_gmt":"2019-11-01T17:00:22","guid":{"rendered":"http:\/\/bit.ly\/34pbaEf"},"modified":"2023-04-01T22:04:09","modified_gmt":"2023-04-01T19:04:09","slug":"riitta-paakki-yrjo-2019","status":"publish","type":"post","link":"https:\/\/www.valonkuvia.fi\/blogi\/riitta-paakki-yrjo-2019\/","title":{"rendered":"Pianisti Riitta Paakille Jazzliiton Yrj\u00f6-palkinto 2019"},"content":{"rendered":"\n<figure class=\"wp-block-image aligncenter is-style-default\"><a href=\"https:\/\/i0.wp.com\/www.valonkuvia.fi\/blogi\/wp-content\/uploads\/2015\/12\/riitta_paakki.jpg?ssl=1\"><img data-recalc-dims=\"1\" loading=\"lazy\" decoding=\"async\" width=\"852\" height=\"568\" src=\"https:\/\/i0.wp.com\/www.valonkuvia.fi\/blogi\/wp-content\/uploads\/2015\/12\/riitta_paakki.jpg?resize=852%2C568&#038;ssl=1\" alt=\"\" class=\"wp-image-10178\" srcset=\"https:\/\/i0.wp.com\/www.valonkuvia.fi\/blogi\/wp-content\/uploads\/2015\/12\/riitta_paakki.jpg?resize=852%2C568&amp;ssl=1 852w, https:\/\/i0.wp.com\/www.valonkuvia.fi\/blogi\/wp-content\/uploads\/2015\/12\/riitta_paakki.jpg?resize=426%2C284&amp;ssl=1 426w, https:\/\/i0.wp.com\/www.valonkuvia.fi\/blogi\/wp-content\/uploads\/2015\/12\/riitta_paakki.jpg?resize=768%2C512&amp;ssl=1 768w, https:\/\/i0.wp.com\/www.valonkuvia.fi\/blogi\/wp-content\/uploads\/2015\/12\/riitta_paakki.jpg?resize=600%2C400&amp;ssl=1 600w, https:\/\/i0.wp.com\/www.valonkuvia.fi\/blogi\/wp-content\/uploads\/2015\/12\/riitta_paakki.jpg?w=1500&amp;ssl=1 1500w\" sizes=\"auto, (max-width: 852px) 100vw, 852px\" \/><\/a><figcaption class=\"wp-element-caption\">Riitta Paakki soitti trionsa kanssa Joensuussa syksyll\u00e4 2015<\/figcaption><\/figure>\n\n\n\n<p>Pianisti <b>Riitta Paakki<\/b> on luonut vaikuttavan uran kotimaisen jazzin huipulla.&nbsp;H\u00e4nen hienostunut pianisminsa kumpuaa jazzmusiikin traditioista; svengaavaa ja persoonallista ilmaisua leimaa vaivattomuus ja leikkisyys.<\/p>\n\n\n\n<p>Erityisesti 1960-luvun Blue Note -ilmaisuun syventynyt Riitta Paakki (s. 1971) on Suomen ensimm\u00e4inen taiteellisen tohtorintutkinnon suorittanut jazzpianisti. Musiikin tekemisen lis\u00e4ksi h\u00e4n opettaa Sibelius-Akatemiassa. Viisi albumia omalla nimell\u00e4\u00e4n julkaissut pianisti tunnetaan pitk\u00e4j\u00e4nteisest\u00e4 ty\u00f6st\u00e4\u00e4n trionsa ja nyky\u00e4\u00e4n my\u00f6s kvartettinsa kanssa. Kvartetin ensimm\u00e4inen levytys oli vuoden 2018 Live at Koko Jazz Club, joka julkaistiin my\u00f6s Japanissa. Riitta Paakki Quartet esiintyy Suomen Jazzliiton laajalla kiertueella 5.\u201316.11.2019.<\/p>\n\n\n\n<p>Yrj\u00f6-palkinto on vuosittain vaihtuvan taiteilijan tilausteos. T\u00e4n\u00e4 vuonna taiteilijana toimi vuonna 1986 syntynyt helsinkil\u00e4inen taitelija <b>Anita Naukkarinen<\/b>. Suurikokoisista, leikkisist\u00e4 \u00f6ljyv\u00e4rit\u00f6ist\u00e4\u00e4n tunnettu Naukkarinen oli toinen vuonna 2018 julkistetun presidentti <b>Sauli Niinist\u00f6n<\/b> muotokuvan tuottajista. Riitta Paakille tehty Occur (\u00f6ljyv\u00e4ri kankaalle, 2019) syntyi Paakin musiikkia kuunnellessa: &#8221;Musiikista koin muotoutuvan kankaalle herkkyyden, melankolian ja positiivisen rytmin j\u00e4lkien vuorottelua&#8221;, Naukkarinen kuvailee.<\/p>\n\n\n\n<p>Jazzliitto on my\u00f6nt\u00e4nyt vuodesta 1988 asti my\u00f6s harkinnanvaraista Andania-palkintoa pitk\u00e4aikaisesta ja ansiokkaasta ty\u00f6st\u00e4 suomalaisen jazzin hyv\u00e4ksi. Tunnustuksen sai t\u00e4n\u00e4 vuonna Ylell\u00e4 pitk\u00e4n uran (1980\u20132015) jazztuottajana tehnyt <b>Veli-Pekka Heinonen<\/b>. Nyt jo el\u00e4kkeelle j\u00e4\u00e4nyt Heinonen aloitti jazzin parissa 1970-luvun Turussa muusikkona ja toimittajana ja vaikutti Jazzliiton hallituksessa vuosina 1976\u20131982.<\/p>\n\n\n\n<p>Nyt 16:tta kertaa jaettu palkinto on nimetty S\/S Andania -laivan mukaan, jolla ensimm\u00e4iset jazzmuusikot saapuivat Helsinkiin vuonna 1926.<\/p>\n\n\n\n<p>Ylen Jazzradio jakoi tapahtumassa my\u00f6s Varjo-Yrj\u00f6-palkinnon ty\u00f6st\u00e4 jazzkulttuurin hyv\u00e4ksi. Palkinnon vastaanotti t\u00e4n\u00e4 vuonna <b>Jyrki Laiho<\/b>, joka on el\u00e4v\u00f6itt\u00e4nyt Porin jazzel\u00e4m\u00e4\u00e4 ja esitellyt my\u00f6s marginaalista jazzia muun muassa Validi Karkia -liveklubillaan ja levy-yhti\u00f6 Karkia Mistika Recordsin julkaisuilla. Varjo-Yrj\u00f6-palkinto jaettiin nyt 17. kertaa.&nbsp;<\/p>\n\n\n\n<p>Tunnustukset jaettiin Tampereella Tullikamarin Pakkahuoneella 1.11.2019 osana Suomen Jazzliiton Valtakunnallisten Jazzp\u00e4ivien ja Tampere Jazz Happeningin ohjelmistoa.<\/p>\n\n\n\n<p><strong>Teksti<\/strong>: Suomen Jazzliitto<\/p>\n","protected":false},"excerpt":{"rendered":"<p>Pianisti Riitta Paakki on luonut vaikuttavan uran kotimaisen jazzin huipulla.&nbsp;H\u00e4nen hienostunut pianisminsa kumpuaa jazzmusiikin traditioista; svengaavaa ja persoonallista ilmaisua leimaa vaivattomuus ja leikkisyys. Erityisesti 1960-luvun Blue Note -ilmaisuun syventynyt Riitta Paakki (s. 1971) on Suomen ensimm\u00e4inen taiteellisen tohtorintutkinnon suorittanut jazzpianisti. Musiikin tekemisen lis\u00e4ksi h\u00e4n opettaa Sibelius-Akatemiassa. Viisi albumia omalla nimell\u00e4\u00e4n julkaissut pianisti tunnetaan pitk\u00e4j\u00e4nteisest\u00e4 ty\u00f6st\u00e4\u00e4n [&hellip;]<\/p>\n","protected":false},"author":1,"featured_media":0,"comment_status":"open","ping_status":"open","sticky":false,"template":"","format":"standard","meta":{"ngg_post_thumbnail":0,"_jetpack_memberships_contains_paid_content":false,"footnotes":"","jetpack_publicize_message":"","jetpack_publicize_feature_enabled":true,"jetpack_social_post_already_shared":true,"jetpack_social_options":{"image_generator_settings":{"template":"highway","default_image_id":0,"font":"","enabled":false},"version":2}},"categories":[3],"tags":[653,18,219,54],"class_list":["post-14464","post","type-post","status-publish","format-standard","hentry","category-jazz","tag-piano-riitta-paakki","tag-suomalainen-jazz","tag-tampere-jazz-happening","tag-yrjo-palkinto"],"jetpack_publicize_connections":[],"jetpack_featured_media_url":"","jetpack_likes_enabled":false,"jetpack_sharing_enabled":true,"_links":{"self":[{"href":"https:\/\/www.valonkuvia.fi\/blogi\/wp-json\/wp\/v2\/posts\/14464","targetHints":{"allow":["GET"]}}],"collection":[{"href":"https:\/\/www.valonkuvia.fi\/blogi\/wp-json\/wp\/v2\/posts"}],"about":[{"href":"https:\/\/www.valonkuvia.fi\/blogi\/wp-json\/wp\/v2\/types\/post"}],"author":[{"embeddable":true,"href":"https:\/\/www.valonkuvia.fi\/blogi\/wp-json\/wp\/v2\/users\/1"}],"replies":[{"embeddable":true,"href":"https:\/\/www.valonkuvia.fi\/blogi\/wp-json\/wp\/v2\/comments?post=14464"}],"version-history":[{"count":8,"href":"https:\/\/www.valonkuvia.fi\/blogi\/wp-json\/wp\/v2\/posts\/14464\/revisions"}],"predecessor-version":[{"id":22642,"href":"https:\/\/www.valonkuvia.fi\/blogi\/wp-json\/wp\/v2\/posts\/14464\/revisions\/22642"}],"wp:attachment":[{"href":"https:\/\/www.valonkuvia.fi\/blogi\/wp-json\/wp\/v2\/media?parent=14464"}],"wp:term":[{"taxonomy":"category","embeddable":true,"href":"https:\/\/www.valonkuvia.fi\/blogi\/wp-json\/wp\/v2\/categories?post=14464"},{"taxonomy":"post_tag","embeddable":true,"href":"https:\/\/www.valonkuvia.fi\/blogi\/wp-json\/wp\/v2\/tags?post=14464"}],"curies":[{"name":"wp","href":"https:\/\/api.w.org\/{rel}","templated":true}]}}