{"id":15076,"date":"2020-01-19T23:15:32","date_gmt":"2020-01-19T21:15:32","guid":{"rendered":"https:\/\/www.valonkuvia.fi\/blogi\/?p=15076"},"modified":"2023-04-01T22:06:47","modified_gmt":"2023-04-01T19:06:47","slug":"pablo-held-ascent","status":"publish","type":"post","link":"https:\/\/www.valonkuvia.fi\/blogi\/pablo-held-ascent\/","title":{"rendered":"Pablo Held: Ascent (Edition Records, 2020)"},"content":{"rendered":"\n<figure class=\"wp-block-image aligncenter is-style-default\"><a href=\"https:\/\/i0.wp.com\/www.valonkuvia.fi\/blogi\/wp-content\/uploads\/2020\/01\/Pablo-Held-Nelson-Veras-Credit-DaveStapleton-0652-1.jpg?ssl=1\"><img data-recalc-dims=\"1\" loading=\"lazy\" decoding=\"async\" width=\"640\" height=\"427\" src=\"https:\/\/i0.wp.com\/www.valonkuvia.fi\/blogi\/wp-content\/uploads\/2020\/01\/Pablo-Held-Nelson-Veras-Credit-DaveStapleton-0652-1.jpg?resize=640%2C427&#038;ssl=1\" alt=\"\" class=\"wp-image-15082\" srcset=\"https:\/\/i0.wp.com\/www.valonkuvia.fi\/blogi\/wp-content\/uploads\/2020\/01\/Pablo-Held-Nelson-Veras-Credit-DaveStapleton-0652-1.jpg?w=640&amp;ssl=1 640w, https:\/\/i0.wp.com\/www.valonkuvia.fi\/blogi\/wp-content\/uploads\/2020\/01\/Pablo-Held-Nelson-Veras-Credit-DaveStapleton-0652-1.jpg?resize=426%2C284&amp;ssl=1 426w\" sizes=\"auto, (max-width: 640px) 100vw, 640px\" \/><\/a><figcaption class=\"wp-element-caption\">Nelson Veras, Robert Landrefmann, Pablo Held, Jonas Burgwinkel. Kuva: Dave Stapleton<\/figcaption><\/figure>\n\n\n\n<p>Saksalaisen Pablo Held Trion uusin levy \u201c<em>Ascent<\/em>\u201d on jo yhtyeen yhdestoista albumi. Kun aloin kuunnella sit\u00e4, huomasin pian, ett\u00e4 musiikin sis\u00e4lle olikin yll\u00e4tt\u00e4v\u00e4n vaikeaa p\u00e4\u00e4st\u00e4. Soittamisen korkea taso toki oli ilmeist\u00e4 heti ensi kuulemalta, sill\u00e4 jo vuodesta 2006 yhdess\u00e4 soittanut yhtye el\u00e4\u00e4, hengitt\u00e4\u00e4 ja soi j\u00e4ntev\u00e4sti yhteen\u00e4 instrumenttina.<\/p>\n\n\n\n<p>Sen sijaan <strong>Pablo Heldin<\/strong> \u00e4lylliset s\u00e4vellykset tuntuivat pit\u00e4v\u00e4n et\u00e4isyytt\u00e4, vaikka yhtye kuitenkin soittaa suorastaan intensiivisell\u00e4 otteella. Erityisesti rumpali <strong>Jonas Burgwinkel<\/strong> on rytmin ja energian ilmeik\u00e4s moottori. Usean kuuntelukerran j\u00e4lkeen sain musiikista lujemman otteen juuri t\u00e4m\u00e4n j\u00e4nnitteen n\u00e4k\u00f6kulmasta ja aloin v\u00e4hitellen pit\u00e4\u00e4 levyst\u00e4.<\/p>\n\n\n\n<p>Pablo Held Trio on usein tehnyt yhteisty\u00f6t\u00e4 muiden muusikoiden kanssa, Esimerkiksi vuonna 2014 ilmestyneell\u00e4 levyll\u00e4 \u201c<em>The Trio Meets John Scofield<\/em>\u201d (Pirouet Records) trio laajeni kvartetiksi. My\u00f6s \u201c<em>Ascent<\/em>\u201d on kvartettilevy, jolla kitaraa soittaa brasilialainen <strong>Nelson Veras<\/strong>. H\u00e4n on solistina virtuoosi, jonka akustinen kitara kietoutuu tiukasti yhteen pianon kanssa tai v\u00e4ritt\u00e4\u00e4 kokonaisuutta hienovaraisen pienill\u00e4 eleill\u00e4. Mukana ovat my\u00f6s laulaja <strong>Veronika Morscher<\/strong> ja klarinetisti <strong>Jeremy Viner<\/strong>. He ovat kuitenkin sivuosissa ja tuovat lis\u00e4efektej\u00e4 vain kolmelle kappaleelle.<\/p>\n\n\n\n<p>Pablo Held on s\u00e4velt\u00e4nyt viisi levyn yhdeks\u00e4st\u00e4 kappaleesta. Kuivakkaan viile\u00e4t s\u00e4vellykset vaativat minulta siis useamman kuuntelukerran, mutta lopulta kyll\u00e4 palkitsivat yrityksen. Heldin omista s\u00e4vellyksist\u00e4 mieleen j\u00e4i erityisesti avausraita \u201c<em>Unlocking Mechanism<\/em>\u201d, jonka mutkikkaan ja pitk\u00e4n teeman j\u00e4lkeen esiin kuoriutuvat elastisen grooven kannattelevat piano- ja kitarasoolot.<\/p>\n\n\n\n<p>Pablo Held on kiinnostunut k\u00e4ytt\u00e4m\u00e4\u00e4n klassista musiikkia jazzyhtyeen improvisaatioiden raaka-aineena. Esimerkiksi vuonna 2015 julkaistu levy \u201c<em>Recondita Armonia<\/em>\u201d (Pirouet Records) koostui pelk\u00e4st\u00e4\u00e4n klassisista s\u00e4vellyksist\u00e4. Nyt \u201c<em>Ascentilla<\/em>\u201d yhtye tulkitsee <strong>Federico Mompouta<\/strong> (\u201c<em>Musica Callada #24<\/em>\u201d) ja <strong>Sergei Rahmaninovia<\/strong> (\u201c<em>Excerpt from Piano Concerto #4<\/em>\u201d), jotka molemmat tuovat albumille annoksen melodista l\u00e4mp\u00f6\u00e4.<\/p>\n\n\n\n<p>Varsinkin kahdeksan minuuttiin kurkottuva Mompou-versio antaa sek\u00e4 pianolle ett\u00e4 kitaralle runsaasti hyvin k\u00e4ytetty\u00e4 soolotilaa ja my\u00f6s basisti <strong>Robert Landfermann<\/strong> p\u00e4\u00e4see ansaitusti esille solistina. Levyn viimeinen niitti on <strong>Thelonious Monkin<\/strong> s\u00e4h\u00e4kk\u00e4 \u201c<em>52nd Street Theme<\/em>\u201d, jonka minuutin mittainen versio naulaa albumin napakasti p\u00e4\u00e4t\u00f6kseens\u00e4.<\/p>\n\n\n\n<p>Levy on mukana  -listalla, johon kokoan vuoden 2020 aikana kiinnostavia uusia jazzlevyj\u00e4.<\/p>\n\n\n\n<p><strong>Pablo Held<\/strong>: Ascent (Edition Records, 2020)<br><em>Pablo Held, piano, Robert Landfermann, basso, Jonas Burgwinkel, rummut, Nelson Veras, kitara + Veronika Morscher, laulu, Jeremy Viner, klarinetti<\/em><\/p>\n\n\n\n<figure class=\"wp-block-image aligncenter is-style-default\"><a href=\"https:\/\/i0.wp.com\/www.valonkuvia.fi\/blogi\/wp-content\/uploads\/2020\/01\/ascent.jpg?ssl=1\"><img data-recalc-dims=\"1\" loading=\"lazy\" decoding=\"async\" width=\"426\" height=\"426\" src=\"https:\/\/i0.wp.com\/www.valonkuvia.fi\/blogi\/wp-content\/uploads\/2020\/01\/ascent.jpg?resize=426%2C426&#038;ssl=1\" alt=\"\" class=\"wp-image-15079\" srcset=\"https:\/\/i0.wp.com\/www.valonkuvia.fi\/blogi\/wp-content\/uploads\/2020\/01\/ascent.jpg?resize=426%2C426&amp;ssl=1 426w, https:\/\/i0.wp.com\/www.valonkuvia.fi\/blogi\/wp-content\/uploads\/2020\/01\/ascent.jpg?resize=852%2C852&amp;ssl=1 852w, https:\/\/i0.wp.com\/www.valonkuvia.fi\/blogi\/wp-content\/uploads\/2020\/01\/ascent.jpg?resize=150%2C150&amp;ssl=1 150w, https:\/\/i0.wp.com\/www.valonkuvia.fi\/blogi\/wp-content\/uploads\/2020\/01\/ascent.jpg?resize=768%2C768&amp;ssl=1 768w, https:\/\/i0.wp.com\/www.valonkuvia.fi\/blogi\/wp-content\/uploads\/2020\/01\/ascent.jpg?resize=100%2C100&amp;ssl=1 100w, https:\/\/i0.wp.com\/www.valonkuvia.fi\/blogi\/wp-content\/uploads\/2020\/01\/ascent.jpg?resize=50%2C50&amp;ssl=1 50w, https:\/\/i0.wp.com\/www.valonkuvia.fi\/blogi\/wp-content\/uploads\/2020\/01\/ascent.jpg?w=1200&amp;ssl=1 1200w\" sizes=\"auto, (max-width: 426px) 100vw, 426px\" \/><\/a><\/figure>\n","protected":false},"excerpt":{"rendered":"<p>Saksalaisen Pablo Held Trion uusin levy \u201cAscent\u201d on jo yhtyeen yhdestoista albumi. Kun aloin kuunnella sit\u00e4, huomasin pian, ett\u00e4 musiikin sis\u00e4lle olikin yll\u00e4tt\u00e4v\u00e4n vaikeaa p\u00e4\u00e4st\u00e4. Soittamisen korkea taso toki oli ilmeist\u00e4 heti ensi kuulemalta, sill\u00e4 jo vuodesta 2006 yhdess\u00e4 soittanut yhtye el\u00e4\u00e4, hengitt\u00e4\u00e4 ja soi j\u00e4ntev\u00e4sti yhteen\u00e4 instrumenttina. Sen sijaan Pablo Heldin \u00e4lylliset s\u00e4vellykset tuntuivat [&hellip;]<\/p>\n","protected":false},"author":1,"featured_media":0,"comment_status":"open","ping_status":"open","sticky":false,"template":"","format":"standard","meta":{"ngg_post_thumbnail":0,"_jetpack_memberships_contains_paid_content":false,"footnotes":"","jetpack_publicize_message":"","jetpack_publicize_feature_enabled":true,"jetpack_social_post_already_shared":true,"jetpack_social_options":{"image_generator_settings":{"template":"highway","default_image_id":0,"font":"","enabled":false},"version":2}},"categories":[3],"tags":[296,80,13,820,49,675,674,41,819],"class_list":["post-15076","post","type-post","status-publish","format-standard","hentry","category-jazz","tag-edition-records","tag-eurooppalainen-jazz","tag-jazzlevyt-2","tag-jonas-burgwinkel","tag-kitara","tag-nelson-veras","tag-pablo-held","tag-piano","tag-robert-landfermann"],"jetpack_publicize_connections":[],"jetpack_featured_media_url":"","jetpack_likes_enabled":false,"jetpack_sharing_enabled":true,"_links":{"self":[{"href":"https:\/\/www.valonkuvia.fi\/blogi\/wp-json\/wp\/v2\/posts\/15076","targetHints":{"allow":["GET"]}}],"collection":[{"href":"https:\/\/www.valonkuvia.fi\/blogi\/wp-json\/wp\/v2\/posts"}],"about":[{"href":"https:\/\/www.valonkuvia.fi\/blogi\/wp-json\/wp\/v2\/types\/post"}],"author":[{"embeddable":true,"href":"https:\/\/www.valonkuvia.fi\/blogi\/wp-json\/wp\/v2\/users\/1"}],"replies":[{"embeddable":true,"href":"https:\/\/www.valonkuvia.fi\/blogi\/wp-json\/wp\/v2\/comments?post=15076"}],"version-history":[{"count":12,"href":"https:\/\/www.valonkuvia.fi\/blogi\/wp-json\/wp\/v2\/posts\/15076\/revisions"}],"predecessor-version":[{"id":22649,"href":"https:\/\/www.valonkuvia.fi\/blogi\/wp-json\/wp\/v2\/posts\/15076\/revisions\/22649"}],"wp:attachment":[{"href":"https:\/\/www.valonkuvia.fi\/blogi\/wp-json\/wp\/v2\/media?parent=15076"}],"wp:term":[{"taxonomy":"category","embeddable":true,"href":"https:\/\/www.valonkuvia.fi\/blogi\/wp-json\/wp\/v2\/categories?post=15076"},{"taxonomy":"post_tag","embeddable":true,"href":"https:\/\/www.valonkuvia.fi\/blogi\/wp-json\/wp\/v2\/tags?post=15076"}],"curies":[{"name":"wp","href":"https:\/\/api.w.org\/{rel}","templated":true}]}}