{"id":15216,"date":"2020-02-18T18:19:44","date_gmt":"2020-02-18T16:19:44","guid":{"rendered":"https:\/\/www.valonkuvia.fi\/blogi\/?p=15216"},"modified":"2023-04-01T22:11:24","modified_gmt":"2023-04-01T19:11:24","slug":"jon-christensen-1943-2020","status":"publish","type":"post","link":"https:\/\/www.valonkuvia.fi\/blogi\/jon-christensen-1943-2020\/","title":{"rendered":"Jon Christensen (1943 &#8211; 2020)"},"content":{"rendered":"\n<figure class=\"wp-block-image aligncenter is-style-default\"><a href=\"https:\/\/i0.wp.com\/www.valonkuvia.fi\/blogi\/wp-content\/uploads\/2020\/02\/Jon-Christensen_HG.jpg?ssl=1\"><img data-recalc-dims=\"1\" loading=\"lazy\" decoding=\"async\" width=\"640\" height=\"427\" src=\"https:\/\/i0.wp.com\/www.valonkuvia.fi\/blogi\/wp-content\/uploads\/2020\/02\/Jon-Christensen_HG-e1582041345618.jpg?resize=640%2C427&#038;ssl=1\" alt=\"\" class=\"wp-image-15217\"\/><\/a><figcaption class=\"wp-element-caption\">Jon Christensen. Kuva: Hreinn Gudlaugsson<\/figcaption><\/figure>\n\n\n\n<p>Norjalainen rumpali <strong>Jon Christensen<\/strong> kuoli 18.2.2020 76-vuotiaana. Itseoppinut rumpali sai korkeakoulutuksensa 1960-luvulla Oslon jazzklubeilla, joilla tuohon aikaan vieraili usein amerikkalaisia huippumuusikoita solisteina. H\u00e4n kuului <strong>Jan Garbarekin<\/strong>, <strong>Arild Andersenin<\/strong> ja <strong>Terje Rypdalin<\/strong> kanssa nuorten jazzmuusikkojen joukkoon, joka nosti norjalaisen jazzin maailmanmaineeseen.<\/p>\n\n\n\n<p>Kaikki nelj\u00e4 norjalaista ovat olleet my\u00f6s kiinte\u00e4 osa ECM-levymerkin historiaa. Vuonna 1970 Christensen oli mukana Garbarekin ensimm\u00e4isell\u00e4 ECM-levyll\u00e4 &#8221;<em>Afric Pepperbird<\/em>&#8221;. Sen j\u00e4lkeen Christensenist\u00e4 tuli ECM:n vakiorumpali, joka esiintyi yli 70 ECM-albumilla, mm. <strong>Charles Lloydin<\/strong>, <strong>Keith Jarrettin<\/strong>, <strong>Bobo Stensonin<\/strong> ja <strong>Enrico Ravan<\/strong> levyill\u00e4. Omia yhtyeit\u00e4 Christensen ei johtanut, vaan tarjosi luovan, tarkkaan kuunteluun perustuvan v\u00e4h\u00e4eleisen soittotyylins\u00e4 muiden muusikoiden tueksi.<\/p>\n\n\n\n<p>Kuulin Christenseni\u00e4 konsertissa vain kerran, kun h\u00e4n esiintyi Torniossa Kalottjazz &amp; Blues -festivaaleilla. H\u00e4n soitti muistaakseni basisti <strong>Palle Danielssonin<\/strong> festivaalia kokoamassa kutsuyhtyeess\u00e4 vuonna 1997. Jo t\u00e4st\u00e4 konserttiin viritt\u00e4ytymisest\u00e4 j\u00e4i minulle mieleen vahva muistikuva, jonka my\u00f6hemmin kirjasin Pohjolan Sanomissa julkaistuun kolumniin &#8221;<em><a href=\"https:\/\/www.valonkuvia.fi\/blogi\/jazzjutut\/2002-2\/rummut-ja-svengi\/\">Rummut ja svengi<\/a><\/em>&#8221;:<\/p>\n\n\n\n<blockquote class=\"wp-block-quote is-style-default is-layout-flow wp-block-quote-is-layout-flow\">\n<p>Seurasin lavan takana, kun yhtye ennen esiintymist\u00e4 teki viimeisi\u00e4 s\u00e4\u00e4t\u00f6j\u00e4 \u00e4\u00e4nentoistoa varten. Muu yhtye soitteli jotakin ja Christensen kiristeli viel\u00e4 ruuveja rummuistaan. Sitten h\u00e4n otti rumpukapulan k\u00e4teens\u00e4 ja l\u00f6i muutaman kerran symbaaliin. Nuo puolihuolimattomalta vaikuttaneet ly\u00f6nnit muuttivat koko b\u00e4ndin soinnin, kohottivat yhtyeen jollekin korkeammalle tasolle ja harjoittelusta tuli musiikkia.<\/p>\n\n\n\n<p>Jon Christensen on niit\u00e4 rumpaleita, joille t\u00e4rkeint\u00e4 ei ole soittaa mahdollisimman paljon ja lujaa, vaan niukasti ja oikeaan aikaan. H\u00e4nen rumpujensa sointi ja v\u00e4h\u00e4eleinen soittotapansa ovat tunnistettavissa levyilt\u00e4kin.<\/p>\n<\/blockquote>\n\n\n\n<p><strong>Keith Jarrett European Quartet 1974<\/strong><br>Keith Jarrettin ns. eurooppalaisessa kvartetissa soittivat Jan Garbarek, Palle Danielsson ja Jon Christensen. Taltionti on Hannoverista vuodelta 1974.<\/p>\n\n\n\n<center><iframe loading=\"lazy\" src=\"https:\/\/www.youtube.com\/embed\/P06iM-UGi3s\" width=\"560\" height=\"315\" frameborder=\"0\" allowfullscreen=\"allowfullscreen\"><\/iframe><\/center>\n\n\n\n<p><strong>Soittolistalla Christensenin ECM-levytyksi\u00e4:<\/strong><\/p>\n\n\n\n<center><iframe loading=\"lazy\" src=\"https:\/\/open.spotify.com\/embed\/playlist\/3K7PikKTj36XDMfjVtgE4c\" width=\"500\" height=\"400\" frameborder=\"0\"><\/iframe><\/center>\n","protected":false},"excerpt":{"rendered":"<p>Norjalainen rumpali Jon Christensen kuoli 18.2.2020 76-vuotiaana. Itseoppinut rumpali sai korkeakoulutuksensa 1960-luvulla Oslon jazzklubeilla, joilla tuohon aikaan vieraili usein amerikkalaisia huippumuusikoita solisteina. H\u00e4n kuului Jan Garbarekin, Arild Andersenin ja Terje Rypdalin kanssa nuorten jazzmuusikkojen joukkoon, joka nosti norjalaisen jazzin maailmanmaineeseen. Kaikki nelj\u00e4 norjalaista ovat olleet my\u00f6s kiinte\u00e4 osa ECM-levymerkin historiaa. Vuonna 1970 Christensen oli mukana [&hellip;]<\/p>\n","protected":false},"author":1,"featured_media":0,"comment_status":"open","ping_status":"open","sticky":false,"template":"","format":"standard","meta":{"ngg_post_thumbnail":0,"_jetpack_memberships_contains_paid_content":false,"footnotes":"","jetpack_publicize_message":"","jetpack_publicize_feature_enabled":true,"jetpack_social_post_already_shared":true,"jetpack_social_options":{"image_generator_settings":{"template":"highway","default_image_id":0,"font":"","enabled":false},"version":2}},"categories":[3],"tags":[97,80,67,692,40,179,59],"class_list":["post-15216","post","type-post","status-publish","format-standard","hentry","category-jazz","tag-ecm","tag-eurooppalainen-jazz","tag-in-memoriam","tag-jon-christensen","tag-rummut","tag-soittolista","tag-video"],"jetpack_publicize_connections":[],"jetpack_featured_media_url":"","jetpack_likes_enabled":false,"jetpack_sharing_enabled":true,"_links":{"self":[{"href":"https:\/\/www.valonkuvia.fi\/blogi\/wp-json\/wp\/v2\/posts\/15216","targetHints":{"allow":["GET"]}}],"collection":[{"href":"https:\/\/www.valonkuvia.fi\/blogi\/wp-json\/wp\/v2\/posts"}],"about":[{"href":"https:\/\/www.valonkuvia.fi\/blogi\/wp-json\/wp\/v2\/types\/post"}],"author":[{"embeddable":true,"href":"https:\/\/www.valonkuvia.fi\/blogi\/wp-json\/wp\/v2\/users\/1"}],"replies":[{"embeddable":true,"href":"https:\/\/www.valonkuvia.fi\/blogi\/wp-json\/wp\/v2\/comments?post=15216"}],"version-history":[{"count":13,"href":"https:\/\/www.valonkuvia.fi\/blogi\/wp-json\/wp\/v2\/posts\/15216\/revisions"}],"predecessor-version":[{"id":22660,"href":"https:\/\/www.valonkuvia.fi\/blogi\/wp-json\/wp\/v2\/posts\/15216\/revisions\/22660"}],"wp:attachment":[{"href":"https:\/\/www.valonkuvia.fi\/blogi\/wp-json\/wp\/v2\/media?parent=15216"}],"wp:term":[{"taxonomy":"category","embeddable":true,"href":"https:\/\/www.valonkuvia.fi\/blogi\/wp-json\/wp\/v2\/categories?post=15216"},{"taxonomy":"post_tag","embeddable":true,"href":"https:\/\/www.valonkuvia.fi\/blogi\/wp-json\/wp\/v2\/tags?post=15216"}],"curies":[{"name":"wp","href":"https:\/\/api.w.org\/{rel}","templated":true}]}}