{"id":15294,"date":"2020-03-06T18:13:07","date_gmt":"2020-03-06T16:13:07","guid":{"rendered":"https:\/\/www.valonkuvia.fi\/blogi\/?p=15294"},"modified":"2023-04-01T22:12:19","modified_gmt":"2023-04-01T19:12:19","slug":"leo-2008-2020","status":"publish","type":"post","link":"https:\/\/www.valonkuvia.fi\/blogi\/leo-2008-2020\/","title":{"rendered":"Leo (2008 &#8211; 2020)"},"content":{"rendered":"\n<figure class=\"wp-block-image aligncenter is-style-default\"><a href=\"https:\/\/i0.wp.com\/www.valonkuvia.fi\/blogi\/wp-content\/uploads\/2020\/03\/image.jpeg?ssl=1\"><img data-recalc-dims=\"1\" loading=\"lazy\" decoding=\"async\" width=\"852\" height=\"852\" src=\"https:\/\/i0.wp.com\/www.valonkuvia.fi\/blogi\/wp-content\/uploads\/2020\/03\/image.jpeg?resize=852%2C852&#038;ssl=1\" alt=\"\" class=\"wp-image-15295\" srcset=\"https:\/\/i0.wp.com\/www.valonkuvia.fi\/blogi\/wp-content\/uploads\/2020\/03\/image.jpeg?resize=852%2C852&amp;ssl=1 852w, https:\/\/i0.wp.com\/www.valonkuvia.fi\/blogi\/wp-content\/uploads\/2020\/03\/image.jpeg?resize=426%2C426&amp;ssl=1 426w, https:\/\/i0.wp.com\/www.valonkuvia.fi\/blogi\/wp-content\/uploads\/2020\/03\/image.jpeg?resize=150%2C150&amp;ssl=1 150w, https:\/\/i0.wp.com\/www.valonkuvia.fi\/blogi\/wp-content\/uploads\/2020\/03\/image.jpeg?resize=768%2C768&amp;ssl=1 768w, https:\/\/i0.wp.com\/www.valonkuvia.fi\/blogi\/wp-content\/uploads\/2020\/03\/image.jpeg?resize=100%2C100&amp;ssl=1 100w, https:\/\/i0.wp.com\/www.valonkuvia.fi\/blogi\/wp-content\/uploads\/2020\/03\/image.jpeg?resize=50%2C50&amp;ssl=1 50w, https:\/\/i0.wp.com\/www.valonkuvia.fi\/blogi\/wp-content\/uploads\/2020\/03\/image.jpeg?w=960&amp;ssl=1 960w\" sizes=\"auto, (max-width: 852px) 100vw, 852px\" \/><\/a><\/figure>\n\n\n\n<p>Leo oli kodinvaihtajakoira. Meille se tuli kev\u00e4\u00e4ll\u00e4 2015 jo kolmanteen kotiinsa yhdess\u00e4 kaverinsa Eikan kanssa. Eikka kuoli kes\u00e4ll\u00e4 2016, mutta Leo ehti asua meill\u00e4 l\u00e4hes puolet el\u00e4m\u00e4st\u00e4\u00e4n. Pieni koira j\u00e4tti j\u00e4lkeens\u00e4 paljon hyvi\u00e4 muistoja.<\/p>\n","protected":false},"excerpt":{"rendered":"<p>Leo oli kodinvaihtajakoira. Meille se tuli kev\u00e4\u00e4ll\u00e4 2015 jo kolmanteen kotiinsa yhdess\u00e4 kaverinsa Eikan kanssa. Eikka kuoli kes\u00e4ll\u00e4 2016, mutta Leo ehti asua meill\u00e4 l\u00e4hes puolet el\u00e4m\u00e4st\u00e4\u00e4n. Pieni koira j\u00e4tti j\u00e4lkeens\u00e4 paljon hyvi\u00e4 muistoja.<\/p>\n","protected":false},"author":1,"featured_media":0,"comment_status":"open","ping_status":"open","sticky":false,"template":"","format":"standard","meta":{"ngg_post_thumbnail":0,"_jetpack_memberships_contains_paid_content":false,"footnotes":"","jetpack_publicize_message":"","jetpack_publicize_feature_enabled":true,"jetpack_social_post_already_shared":true,"jetpack_social_options":{"image_generator_settings":{"template":"highway","default_image_id":0,"font":"","enabled":false},"version":2}},"categories":[10],"tags":[67,700],"class_list":["post-15294","post","type-post","status-publish","format-standard","hentry","category-valokuvaus","tag-in-memoriam","tag-koira"],"jetpack_publicize_connections":[],"jetpack_featured_media_url":"","jetpack_likes_enabled":false,"jetpack_sharing_enabled":true,"_links":{"self":[{"href":"https:\/\/www.valonkuvia.fi\/blogi\/wp-json\/wp\/v2\/posts\/15294","targetHints":{"allow":["GET"]}}],"collection":[{"href":"https:\/\/www.valonkuvia.fi\/blogi\/wp-json\/wp\/v2\/posts"}],"about":[{"href":"https:\/\/www.valonkuvia.fi\/blogi\/wp-json\/wp\/v2\/types\/post"}],"author":[{"embeddable":true,"href":"https:\/\/www.valonkuvia.fi\/blogi\/wp-json\/wp\/v2\/users\/1"}],"replies":[{"embeddable":true,"href":"https:\/\/www.valonkuvia.fi\/blogi\/wp-json\/wp\/v2\/comments?post=15294"}],"version-history":[{"count":5,"href":"https:\/\/www.valonkuvia.fi\/blogi\/wp-json\/wp\/v2\/posts\/15294\/revisions"}],"predecessor-version":[{"id":22659,"href":"https:\/\/www.valonkuvia.fi\/blogi\/wp-json\/wp\/v2\/posts\/15294\/revisions\/22659"}],"wp:attachment":[{"href":"https:\/\/www.valonkuvia.fi\/blogi\/wp-json\/wp\/v2\/media?parent=15294"}],"wp:term":[{"taxonomy":"category","embeddable":true,"href":"https:\/\/www.valonkuvia.fi\/blogi\/wp-json\/wp\/v2\/categories?post=15294"},{"taxonomy":"post_tag","embeddable":true,"href":"https:\/\/www.valonkuvia.fi\/blogi\/wp-json\/wp\/v2\/tags?post=15294"}],"curies":[{"name":"wp","href":"https:\/\/api.w.org\/{rel}","templated":true}]}}