{"id":15463,"date":"2020-04-18T23:17:31","date_gmt":"2020-04-18T20:17:31","guid":{"rendered":"https:\/\/www.valonkuvia.fi\/blogi\/?p=15463"},"modified":"2023-04-01T22:18:12","modified_gmt":"2023-04-01T19:18:12","slug":"lina-nyberg-the-clouds","status":"publish","type":"post","link":"https:\/\/www.valonkuvia.fi\/blogi\/lina-nyberg-the-clouds\/","title":{"rendered":"Lina Nyberg Tentet: The Clouds (Hoob Records, 2020)"},"content":{"rendered":"\n<figure class=\"wp-block-image aligncenter is-style-default\"><a href=\"https:\/\/i0.wp.com\/www.valonkuvia.fi\/blogi\/wp-content\/uploads\/2020\/04\/lina-nyberg-raahe-2015.jpg?ssl=1\"><img data-recalc-dims=\"1\" loading=\"lazy\" decoding=\"async\" width=\"640\" height=\"427\" src=\"https:\/\/i0.wp.com\/www.valonkuvia.fi\/blogi\/wp-content\/uploads\/2020\/04\/lina-nyberg-raahe-2015.jpg?resize=640%2C427&#038;ssl=1\" alt=\"\" class=\"wp-image-15464\" srcset=\"https:\/\/i0.wp.com\/www.valonkuvia.fi\/blogi\/wp-content\/uploads\/2020\/04\/lina-nyberg-raahe-2015.jpg?w=640&amp;ssl=1 640w, https:\/\/i0.wp.com\/www.valonkuvia.fi\/blogi\/wp-content\/uploads\/2020\/04\/lina-nyberg-raahe-2015.jpg?resize=426%2C284&amp;ssl=1 426w\" sizes=\"auto, (max-width: 640px) 100vw, 640px\" \/><\/a><figcaption class=\"wp-element-caption\">Lina Nyberg &amp; Josef Kallerdahl, Raahen Rantajatsit 2015<\/figcaption><\/figure>\n\n\n\n<p>Ruotsalainen laulaja, s\u00e4velt\u00e4j\u00e4 ja yhtyeenjohtaja <strong>Lina Nyberg<\/strong> julkaisi vuosina 2014 &#8211; 2017 kolmen tuplalevyn sarjan, joka viimeist\u00e4\u00e4n nosti h\u00e4net kiinnostavimpien musiikintekij\u00f6iden k\u00e4rkijoukkoon. Pienehk\u00f6n Hoob Recordsin julkaisema trilogia alkoi vuonna 2014 levyll\u00e4 \u201c<em>Sirenades<\/em>\u201d, jolla Nybergin pitk\u00e4aikaisen vakiokvintetin (<strong>Cecilia Persson<\/strong>, piano, <strong>David Stacken\u00e4s<\/strong>, kitara, <strong>Josef Kallerdahl<\/strong>, basso, <strong>Peter Danemo<\/strong>, rummut) lis\u00e4ksi soitti Norrbotten Big Band. Sarjan toinen osa \u201c<em>Aerials<\/em>\u201d ilmestyi vuonna 2016 ja siin\u00e4 mukana oli musiikillisia rajoja rikkova Vindla String Quartet. Kolmaskin levy \u201c<em>Terrestial<\/em>\u201d (2017) oli kunnianhimoinen albumi, jonka musiikin Nyberg oli sovittanut yhtyeelleen ja Norrlannin oopperan orkesterille.<\/p>\n\n\n\n<p>Kolmen tuplalevyn j\u00e4lkeen Nyberg palaa uransa 20. levyll\u00e4 j\u00e4lleen suppeampaan muotoon. Vaikka Nybergin s\u00e4velt\u00e4m\u00e4 musiikki mahtuu t\u00e4ll\u00e4 kertaa yhdelle levylle, ei musiikin kunnianhimoisuudesta nytk\u00e4\u00e4n tingit\u00e4. Levyll\u00e4 soittava yhtye on j\u00e4nnitt\u00e4v\u00e4, sill\u00e4 Nybergin kvintetti laajenee tentetiksi, jonka klarinettien, vaskipuhaltimien ja Stacken\u00e4sin kitaran s\u00e4hk\u00f6isten h\u00e4lyjen s\u00e4vytt\u00e4m\u00e4 yhtyesoundi kuulostaa tuoreelta.<\/p>\n\n\n\n<p>Kyse on nimenomaan ison yhtyeen musiikista, jossa orkesterin osuudet nousevat yht\u00e4 painaviksi Nybergin laulun rinnalle. Samalla h\u00e4ipyy perinteinen asetelma, jossa yhtye s\u00e4est\u00e4\u00e4 laulusolistia. Instrumentaalisooloillakin on levyll\u00e4 paikkansa, sill\u00e4 vahvoilla improvisaatioillaan esille nousevat pasunisti <strong>Karin Hammar<\/strong> (\u201c<em>The Advisor<\/em>\u201d), trumpetisti <strong>Susana Santos Silva<\/strong> (\u201c<em>Std Stop<\/em>\u201d) ja Nybergin puoliso <strong>Fredrik Ljungkvist<\/strong> klarinetilla (\u201c<em>The Bone Marrow Gardens<\/em>\u201d). Kaikkiaan &#8221;<em>The Clouds<\/em>&#8221; on vivahteikas albumi, jolla jazzyhtyeen svengi, improvisaatiot, nykymusiikin ainekset sek\u00e4 Nybergin tumma laulu kulkevat omaper\u00e4isesti samaan suuntaan.<\/p>\n\n\n\n<p>&#8221;<em>The Clouds<\/em>&#8221; p\u00e4\u00e4see vuoden 2020 kuuntelusuositusten listalle. Katso, mit\u00e4 kaikkea muuta listalle on vuoden alusta kertynyt: \u201c&#8221;.<\/p>\n\n\n\n<p><strong>Lina Nyberg Tentet<\/strong>: The Clouds (Hoob Records, 2020)<br><em>Lina Nyberg, laulu, Per \u201cTexas\u201d Johansson, huilu, klarinetti, Fredrik Ljungkvist, klarinetti, Alberto Pinton, bassoklarinetti, Susana Santos Silva, trumpetti, Karin Hammar, pasuuna, Cecilia Persson, piano, David Stacken\u00e4s, kitara, Josef Kallerdahl, basso, Peter Danemo, rummut<\/em><\/p>\n\n\n\n<figure class=\"wp-block-image aligncenter is-style-default\"><a href=\"https:\/\/i0.wp.com\/www.valonkuvia.fi\/blogi\/wp-content\/uploads\/2020\/04\/lina-nyberg-kansi.jpg?ssl=1\"><img data-recalc-dims=\"1\" loading=\"lazy\" decoding=\"async\" width=\"426\" height=\"426\" src=\"https:\/\/i0.wp.com\/www.valonkuvia.fi\/blogi\/wp-content\/uploads\/2020\/04\/lina-nyberg-kansi.jpg?resize=426%2C426&#038;ssl=1\" alt=\"\" class=\"wp-image-15465\" srcset=\"https:\/\/i0.wp.com\/www.valonkuvia.fi\/blogi\/wp-content\/uploads\/2020\/04\/lina-nyberg-kansi.jpg?resize=426%2C426&amp;ssl=1 426w, https:\/\/i0.wp.com\/www.valonkuvia.fi\/blogi\/wp-content\/uploads\/2020\/04\/lina-nyberg-kansi.jpg?resize=150%2C150&amp;ssl=1 150w, https:\/\/i0.wp.com\/www.valonkuvia.fi\/blogi\/wp-content\/uploads\/2020\/04\/lina-nyberg-kansi.jpg?resize=100%2C100&amp;ssl=1 100w, https:\/\/i0.wp.com\/www.valonkuvia.fi\/blogi\/wp-content\/uploads\/2020\/04\/lina-nyberg-kansi.jpg?resize=50%2C50&amp;ssl=1 50w, https:\/\/i0.wp.com\/www.valonkuvia.fi\/blogi\/wp-content\/uploads\/2020\/04\/lina-nyberg-kansi.jpg?w=500&amp;ssl=1 500w\" sizes=\"auto, (max-width: 426px) 100vw, 426px\" \/><\/a><\/figure>\n","protected":false},"excerpt":{"rendered":"<p>Ruotsalainen laulaja, s\u00e4velt\u00e4j\u00e4 ja yhtyeenjohtaja Lina Nyberg julkaisi vuosina 2014 &#8211; 2017 kolmen tuplalevyn sarjan, joka viimeist\u00e4\u00e4n nosti h\u00e4net kiinnostavimpien musiikintekij\u00f6iden k\u00e4rkijoukkoon. Pienehk\u00f6n Hoob Recordsin julkaisema trilogia alkoi vuonna 2014 levyll\u00e4 \u201cSirenades\u201d, jolla Nybergin pitk\u00e4aikaisen vakiokvintetin (Cecilia Persson, piano, David Stacken\u00e4s, kitara, Josef Kallerdahl, basso, Peter Danemo, rummut) lis\u00e4ksi soitti Norrbotten Big Band. Sarjan toinen [&hellip;]<\/p>\n","protected":false},"author":1,"featured_media":0,"comment_status":"open","ping_status":"open","sticky":false,"template":"","format":"standard","meta":{"ngg_post_thumbnail":0,"_jetpack_memberships_contains_paid_content":false,"footnotes":"","jetpack_publicize_message":"","jetpack_publicize_feature_enabled":true,"jetpack_social_post_already_shared":true,"jetpack_social_options":{"image_generator_settings":{"template":"highway","default_image_id":0,"font":"","enabled":false},"version":2}},"categories":[3],"tags":[933,934,378,13,552,279,589,14],"class_list":["post-15463","post","type-post","status-publish","format-standard","hentry","category-jazz","tag-cecilia-persson","tag-david-stackenas","tag-jazzlaulu","tag-jazzlevyt-2","tag-josef-kallerdahl","tag-lina-nyberg","tag-peter-danemo","tag-ruotsalainen-jazz"],"jetpack_publicize_connections":[],"jetpack_featured_media_url":"","jetpack_likes_enabled":false,"jetpack_sharing_enabled":true,"_links":{"self":[{"href":"https:\/\/www.valonkuvia.fi\/blogi\/wp-json\/wp\/v2\/posts\/15463","targetHints":{"allow":["GET"]}}],"collection":[{"href":"https:\/\/www.valonkuvia.fi\/blogi\/wp-json\/wp\/v2\/posts"}],"about":[{"href":"https:\/\/www.valonkuvia.fi\/blogi\/wp-json\/wp\/v2\/types\/post"}],"author":[{"embeddable":true,"href":"https:\/\/www.valonkuvia.fi\/blogi\/wp-json\/wp\/v2\/users\/1"}],"replies":[{"embeddable":true,"href":"https:\/\/www.valonkuvia.fi\/blogi\/wp-json\/wp\/v2\/comments?post=15463"}],"version-history":[{"count":14,"href":"https:\/\/www.valonkuvia.fi\/blogi\/wp-json\/wp\/v2\/posts\/15463\/revisions"}],"predecessor-version":[{"id":22678,"href":"https:\/\/www.valonkuvia.fi\/blogi\/wp-json\/wp\/v2\/posts\/15463\/revisions\/22678"}],"wp:attachment":[{"href":"https:\/\/www.valonkuvia.fi\/blogi\/wp-json\/wp\/v2\/media?parent=15463"}],"wp:term":[{"taxonomy":"category","embeddable":true,"href":"https:\/\/www.valonkuvia.fi\/blogi\/wp-json\/wp\/v2\/categories?post=15463"},{"taxonomy":"post_tag","embeddable":true,"href":"https:\/\/www.valonkuvia.fi\/blogi\/wp-json\/wp\/v2\/tags?post=15463"}],"curies":[{"name":"wp","href":"https:\/\/api.w.org\/{rel}","templated":true}]}}