{"id":15815,"date":"2020-06-22T22:05:24","date_gmt":"2020-06-22T19:05:24","guid":{"rendered":"https:\/\/www.valonkuvia.fi\/blogi\/?p=15815"},"modified":"2023-04-01T22:20:48","modified_gmt":"2023-04-01T19:20:48","slug":"convergence","status":"publish","type":"post","link":"https:\/\/www.valonkuvia.fi\/blogi\/convergence\/","title":{"rendered":"Convergence: Convergence (Florian Arbenz Hammer Recordings, 2020)"},"content":{"rendered":"\n<figure class=\"wp-block-image aligncenter is-style-default\"><a href=\"https:\/\/i0.wp.com\/www.valonkuvia.fi\/blogi\/wp-content\/uploads\/2020\/06\/2020-Florian-Arbenz-gerd-loser-scaled-e1592679132629.jpg?ssl=1\"><img data-recalc-dims=\"1\" loading=\"lazy\" decoding=\"async\" width=\"852\" height=\"568\" src=\"https:\/\/i0.wp.com\/www.valonkuvia.fi\/blogi\/wp-content\/uploads\/2020\/06\/2020-Florian-Arbenz-gerd-loser.jpg?resize=852%2C568&#038;ssl=1\" alt=\"\" class=\"wp-image-15819\"\/><\/a><figcaption class=\"wp-element-caption\">Florian Arbenz. Kuva: Gerd L\u00f6ser<\/figcaption><\/figure>\n\n\n\n<p>Jazzin monikulttuurinen henki loistaa kirkkaana sveitsil\u00e4isen rumpalin <strong>Florian Arbenzin<\/strong> johtamassa monikansallisessa Convergence-yhtyeess\u00e4, jonka muusikot ovat kokoontuneet yhteen eri puolilta maailmaa. Veljekset <strong>Jorge <\/strong>ja <strong>Maikel Vistel<\/strong> ovat kotoisin Kuubasta, <strong>Pablo Heldin<\/strong> <a href=\"https:\/\/www.valonkuvia.fi\/blogi\/pablo-held-ascent\/\">levylt\u00e4<\/a> tuttu kitaristi <strong>Nelson Veras<\/strong> Brasiliasta, <strong>Marius Nesetin<\/strong> yhtyeess\u00e4 Tampere Jazz Happeningissa esiintynyt vibrafonisti <strong>Jim Hart<\/strong> Isosta-Britanniasta ja sveitsil\u00e4issyntyinen basisti <strong>Rafael Jerjen<\/strong> tulee Australiasta.<\/p>\n\n\n\n<p>Moderni jazz tarjoaa t\u00e4lle kansainv\u00e4liselle joukolle yhteisen kieliopin, jonka pohjalta syntyy rytmisesti vaihtelevaa ja melodisesti hienovaraista musiikki. S\u00e4vellyksiin pohjautuva moderni jazz on monesti varsin \u00e4lyllisesti suuntautunutta musiikkia, joka harvoin riehaantuu estottoman hikiseen vauhtiin. Vaikka Convergence-yhtyeen musiikki on ilman muuta osa t\u00e4t\u00e4 jalostunutta tyyli\u00e4, se ei suinkaan ole vailla emotionaalista voimaa. Convergencen nousee erityisesti basson ja rumpujen punomasta vankasta pohjavirtauksesta sek\u00e4 solistien keskittyneest\u00e4 panoksesta.<\/p>\n\n\n\n<p>Mainioita n\u00e4ytt\u00f6j\u00e4 tarjoavat esimerkiksi &#8221;<em>Sound<\/em>&#8221; ja &#8221;<em>Fast Lane<\/em>&#8221;. Edellisen s\u00e4h\u00e4kk\u00e4 groove luo j\u00e4ntev\u00e4n pohjan Jim Hartin intensiiviselle soololle ja j\u00e4lkimm\u00e4inen on nimens\u00e4 mukainen svengiraita, jossa Jorge ja Maikela Vistel saavat kumpikin runsaasti tilaa soolojensa kehittelylle. Veljekset ovat upeasti esill\u00e4 my\u00f6s raidalla &#8221;<em>Strong Steps<\/em>&#8221;, jolla Nelson Verasin virtuoosimaista kitarasooloa seuraa saksofonin ja trumpetin intensiivinen vuorosoitto.<\/p>\n\n\n\n<p>Emotionaalista voimaa voi toki latautua my\u00f6s rauhallisempiin balladimaisiin kappaleisiin, kuten vahvoja tunnelmia maalaavat &#8221;<em>Ambar&#8221;<\/em> ja &#8221;<em>Nocturne<\/em>&#8221; osoittavat. Hieno on my\u00f6s levyn vaivattomasti svengaava p\u00e4\u00e4t\u00f6s &#8221;<em>Edificio 17<\/em>&#8221;, joka yhtyeenjohtajan rumpusoolon j\u00e4lkeen johdattaa albumin loppunousuunsa.<\/p>\n\n\n\n<p>&#8221;<em>Convergence<\/em>&#8221; on vahvasta s\u00e4vellysmateriaalista koottu vaihteleva albumi mielenkiintoiselta kokoonpanolta, jota olisi j\u00e4nnitt\u00e4v\u00e4\u00e4 kuulla my\u00f6s konserttitilanteessa. Levy p\u00e4\u00e4see siis  -listalle.<\/p>\n\n\n\n<p><strong>Convergence<\/strong>: Convergence (Florian Arbenz Hammer Recordings, 2020)<br><em>Jorge Vistel, trumpetti, Maikel Vistel, saksofoni, Nelson Veras, kitara, Jim Hart, vibrafoni, Rafael Jerjen, basso, Florian Arbenz, rummut<\/em><\/p>\n\n\n\n<figure class=\"wp-block-image aligncenter is-style-default\"><a href=\"https:\/\/i0.wp.com\/www.valonkuvia.fi\/blogi\/wp-content\/uploads\/2020\/06\/convergence-e1592680385185.jpg?ssl=1\"><img data-recalc-dims=\"1\" loading=\"lazy\" decoding=\"async\" width=\"426\" height=\"426\" src=\"https:\/\/i0.wp.com\/www.valonkuvia.fi\/blogi\/wp-content\/uploads\/2020\/06\/convergence.jpg?resize=426%2C426&#038;ssl=1\" alt=\"\" class=\"wp-image-15821\"\/><\/a><\/figure>\n","protected":false},"excerpt":{"rendered":"<p>Jazzin monikulttuurinen henki loistaa kirkkaana sveitsil\u00e4isen rumpalin Florian Arbenzin johtamassa monikansallisessa Convergence-yhtyeess\u00e4, jonka muusikot ovat kokoontuneet yhteen eri puolilta maailmaa. Veljekset Jorge ja Maikel Vistel ovat kotoisin Kuubasta, Pablo Heldin levylt\u00e4 tuttu kitaristi Nelson Veras Brasiliasta, Marius Nesetin yhtyeess\u00e4 Tampere Jazz Happeningissa esiintynyt vibrafonisti Jim Hart Isosta-Britanniasta ja sveitsil\u00e4issyntyinen basisti Rafael Jerjen tulee Australiasta. Moderni [&hellip;]<\/p>\n","protected":false},"author":1,"featured_media":0,"comment_status":"open","ping_status":"open","sticky":false,"template":"","format":"standard","meta":{"ngg_post_thumbnail":0,"_jetpack_memberships_contains_paid_content":false,"footnotes":"","jetpack_publicize_message":"","jetpack_publicize_feature_enabled":true,"jetpack_social_post_already_shared":true,"jetpack_social_options":{"image_generator_settings":{"template":"highway","default_image_id":0,"font":"","enabled":false},"version":2}},"categories":[3],"tags":[80,730,13],"class_list":["post-15815","post","type-post","status-publish","format-standard","hentry","category-jazz","tag-eurooppalainen-jazz","tag-florian-arbenz","tag-jazzlevyt-2"],"jetpack_publicize_connections":[],"jetpack_featured_media_url":"","jetpack_likes_enabled":false,"jetpack_sharing_enabled":true,"_links":{"self":[{"href":"https:\/\/www.valonkuvia.fi\/blogi\/wp-json\/wp\/v2\/posts\/15815","targetHints":{"allow":["GET"]}}],"collection":[{"href":"https:\/\/www.valonkuvia.fi\/blogi\/wp-json\/wp\/v2\/posts"}],"about":[{"href":"https:\/\/www.valonkuvia.fi\/blogi\/wp-json\/wp\/v2\/types\/post"}],"author":[{"embeddable":true,"href":"https:\/\/www.valonkuvia.fi\/blogi\/wp-json\/wp\/v2\/users\/1"}],"replies":[{"embeddable":true,"href":"https:\/\/www.valonkuvia.fi\/blogi\/wp-json\/wp\/v2\/comments?post=15815"}],"version-history":[{"count":10,"href":"https:\/\/www.valonkuvia.fi\/blogi\/wp-json\/wp\/v2\/posts\/15815\/revisions"}],"predecessor-version":[{"id":22683,"href":"https:\/\/www.valonkuvia.fi\/blogi\/wp-json\/wp\/v2\/posts\/15815\/revisions\/22683"}],"wp:attachment":[{"href":"https:\/\/www.valonkuvia.fi\/blogi\/wp-json\/wp\/v2\/media?parent=15815"}],"wp:term":[{"taxonomy":"category","embeddable":true,"href":"https:\/\/www.valonkuvia.fi\/blogi\/wp-json\/wp\/v2\/categories?post=15815"},{"taxonomy":"post_tag","embeddable":true,"href":"https:\/\/www.valonkuvia.fi\/blogi\/wp-json\/wp\/v2\/tags?post=15815"}],"curies":[{"name":"wp","href":"https:\/\/api.w.org\/{rel}","templated":true}]}}