{"id":16104,"date":"2020-06-30T22:20:34","date_gmt":"2020-06-30T19:20:34","guid":{"rendered":"https:\/\/www.valonkuvia.fi\/blogi\/?p=16104"},"modified":"2023-04-01T22:22:48","modified_gmt":"2023-04-01T19:22:48","slug":"jaf-trio","status":"publish","type":"post","link":"https:\/\/www.valonkuvia.fi\/blogi\/jaf-trio\/","title":{"rendered":"JAF Trio: JAF Trio (We Jazz, 2020)"},"content":{"rendered":"\n<figure class=\"wp-block-image aligncenter size-full wp-image-16106 is-style-default\"><img data-recalc-dims=\"1\" loading=\"lazy\" decoding=\"async\" width=\"640\" height=\"432\" src=\"https:\/\/i0.wp.com\/www.valonkuvia.fi\/blogi\/wp-content\/uploads\/2020\/06\/jaf-trio-roope-pokki-e1593373405463.jpg?resize=640%2C432&#038;ssl=1\" alt=\"\" class=\"wp-image-16106\"\/><figcaption class=\"wp-element-caption\">JAF-Trio. Kuva: Roope Pokki<\/figcaption><\/figure>\n\n\n\n<p>Kolmisen vuotta toimineen suomalais-tanskalaisen JAF Trion debyyttilevy on tiivistetty helposti nautittavaan 34 minuutin mittaan. Reiluun puoleen tuntiin trio mahduttaa seitsem\u00e4n yhtyeen j\u00e4senten s\u00e4velt\u00e4m\u00e4\u00e4 selv\u00e4sti jazzilta kuulostavaa s\u00e4vellyst\u00e4. Yhtyeen tanskalainen rumpali <strong>Frederik Emil B\u00fclow<\/strong> kantaa p\u00e4\u00e4vastuun s\u00e4vellyksist\u00e4 viidell\u00e4 s\u00e4vellyksell\u00e4\u00e4n ja saksofonisti <strong>Adele Sauroksen<\/strong> ja basisti <strong>Joonas Tuurin<\/strong> osalle j\u00e4\u00e4 yksi s\u00e4vellys kummallekin.<\/p>\n\n\n\n<p>Saksofonistin, basson ja rumpujen muodostamalla triokokoonpanolla on jazzissa jo pitk\u00e4t perinteet. Yleens\u00e4 t\u00e4llaisella triolla liikutaan pitkin jazzin vapaata laitaa ja n\u00e4in toimii my\u00f6s JAF Trio. Sen s\u00e4vellykset ovat juuri sopivan iskevi\u00e4 alkupotkuja ja ne tarjoavat kantavan alustan trion j\u00e4ntev\u00e4lle svengille.<\/p>\n\n\n\n<p>Otetaan esimerkiksi levyn toinen raita &#8221;<em>Masterpiece<\/em>&#8221;, jonka teema on sill\u00e4 tavoin melodinen, ett\u00e4 kuulija mielell\u00e4\u00e4n hyr\u00e4ilee sen s\u00e4velkulkua trion mukana. Vahvan basson kantamasta teemasta siirryt\u00e4\u00e4n notkeaan ja moni-ilmeiseen bassosooloon, jota rummut ilmeikk\u00e4\u00e4sti tukevat ja kommentoivat. Ytimek\u00e4s viisiminuuttinen huipentuu saksofonin intensiivisiin riffeihin ja Coltrane-henkiseen loppuhuokaukseen. My\u00f6s albumin muut kappaleet ovat samalla tavalla tiiviit\u00e4 ja ne keskittyv\u00e4t yhteen p\u00e4\u00e4asiaan. N\u00e4in ne muistuttavat kaikista turhista selityksist\u00e4 riisuttuja novelleja.<\/p>\n\n\n\n<p>Esikoislevyll\u00e4\u00e4n JAF Trio ottaa m\u00e4\u00e4r\u00e4tietoisen askeleen eteen p\u00e4in. Toivottavasti n\u00e4it\u00e4 askeleita tulee viel\u00e4 monta lis\u00e4\u00e4. Napakan musiikin lis\u00e4ksi kannattaa ihailla my\u00f6s levyn kanteen painettua <strong>Maija Lassilan<\/strong> maalausta &#8221;<em>Punainen<\/em>&#8221;. Onnistunut albumi kuuluu tietysti vuoden aikana p\u00e4ivittyv\u00e4lle kuuntelusuositusten listalle .<\/p>\n\n\n\n<p><strong>JAF Trio<\/strong>: JAF Trio (We Jazz, 2020)<br><em>Adele Sauros, saksofoni, Joonas Tuuri, basso, Frederik Emil B\u00fclow, rummut<\/em><\/p>\n\n\n\n<figure class=\"wp-block-image aligncenter is-style-default\"><a href=\"https:\/\/i0.wp.com\/www.valonkuvia.fi\/blogi\/wp-content\/uploads\/2020\/06\/jaf-trio-kansi.jpg?ssl=1\"><img data-recalc-dims=\"1\" loading=\"lazy\" decoding=\"async\" width=\"426\" height=\"426\" src=\"https:\/\/i0.wp.com\/www.valonkuvia.fi\/blogi\/wp-content\/uploads\/2020\/06\/jaf-trio-kansi.jpg?resize=426%2C426&#038;ssl=1\" alt=\"\" class=\"wp-image-16107\" srcset=\"https:\/\/i0.wp.com\/www.valonkuvia.fi\/blogi\/wp-content\/uploads\/2020\/06\/jaf-trio-kansi.jpg?resize=426%2C426&amp;ssl=1 426w, https:\/\/i0.wp.com\/www.valonkuvia.fi\/blogi\/wp-content\/uploads\/2020\/06\/jaf-trio-kansi.jpg?resize=852%2C852&amp;ssl=1 852w, https:\/\/i0.wp.com\/www.valonkuvia.fi\/blogi\/wp-content\/uploads\/2020\/06\/jaf-trio-kansi.jpg?resize=150%2C150&amp;ssl=1 150w, https:\/\/i0.wp.com\/www.valonkuvia.fi\/blogi\/wp-content\/uploads\/2020\/06\/jaf-trio-kansi.jpg?resize=768%2C768&amp;ssl=1 768w, https:\/\/i0.wp.com\/www.valonkuvia.fi\/blogi\/wp-content\/uploads\/2020\/06\/jaf-trio-kansi.jpg?resize=50%2C50&amp;ssl=1 50w, https:\/\/i0.wp.com\/www.valonkuvia.fi\/blogi\/wp-content\/uploads\/2020\/06\/jaf-trio-kansi.jpg?w=1200&amp;ssl=1 1200w\" sizes=\"auto, (max-width: 426px) 100vw, 426px\" \/><\/a><\/figure>\n","protected":false},"excerpt":{"rendered":"<p>Kolmisen vuotta toimineen suomalais-tanskalaisen JAF Trion debyyttilevy on tiivistetty helposti nautittavaan 34 minuutin mittaan. Reiluun puoleen tuntiin trio mahduttaa seitsem\u00e4n yhtyeen j\u00e4senten s\u00e4velt\u00e4m\u00e4\u00e4 selv\u00e4sti jazzilta kuulostavaa s\u00e4vellyst\u00e4. Yhtyeen tanskalainen rumpali Frederik Emil B\u00fclow kantaa p\u00e4\u00e4vastuun s\u00e4vellyksist\u00e4 viidell\u00e4 s\u00e4vellyksell\u00e4\u00e4n ja saksofonisti Adele Sauroksen ja basisti Joonas Tuurin osalle j\u00e4\u00e4 yksi s\u00e4vellys kummallekin. Saksofonistin, basson ja rumpujen [&hellip;]<\/p>\n","protected":false},"author":1,"featured_media":0,"comment_status":"open","ping_status":"open","sticky":false,"template":"","format":"standard","meta":{"ngg_post_thumbnail":0,"_jetpack_memberships_contains_paid_content":false,"footnotes":"","jetpack_publicize_message":"","jetpack_publicize_feature_enabled":true,"jetpack_social_post_already_shared":true,"jetpack_social_options":{"image_generator_settings":{"template":"highway","default_image_id":0,"font":"","enabled":false},"version":2}},"categories":[3],"tags":[742,743,744,13,652,18,148],"class_list":["post-16104","post","type-post","status-publish","format-standard","hentry","category-jazz","tag-adele-sauros","tag-frederik-emil-bulow","tag-jaf-trio","tag-jazzlevyt-2","tag-joonas-tuuri","tag-suomalainen-jazz","tag-we-jazz"],"jetpack_publicize_connections":[],"jetpack_featured_media_url":"","jetpack_likes_enabled":false,"jetpack_sharing_enabled":true,"_links":{"self":[{"href":"https:\/\/www.valonkuvia.fi\/blogi\/wp-json\/wp\/v2\/posts\/16104","targetHints":{"allow":["GET"]}}],"collection":[{"href":"https:\/\/www.valonkuvia.fi\/blogi\/wp-json\/wp\/v2\/posts"}],"about":[{"href":"https:\/\/www.valonkuvia.fi\/blogi\/wp-json\/wp\/v2\/types\/post"}],"author":[{"embeddable":true,"href":"https:\/\/www.valonkuvia.fi\/blogi\/wp-json\/wp\/v2\/users\/1"}],"replies":[{"embeddable":true,"href":"https:\/\/www.valonkuvia.fi\/blogi\/wp-json\/wp\/v2\/comments?post=16104"}],"version-history":[{"count":16,"href":"https:\/\/www.valonkuvia.fi\/blogi\/wp-json\/wp\/v2\/posts\/16104\/revisions"}],"predecessor-version":[{"id":22689,"href":"https:\/\/www.valonkuvia.fi\/blogi\/wp-json\/wp\/v2\/posts\/16104\/revisions\/22689"}],"wp:attachment":[{"href":"https:\/\/www.valonkuvia.fi\/blogi\/wp-json\/wp\/v2\/media?parent=16104"}],"wp:term":[{"taxonomy":"category","embeddable":true,"href":"https:\/\/www.valonkuvia.fi\/blogi\/wp-json\/wp\/v2\/categories?post=16104"},{"taxonomy":"post_tag","embeddable":true,"href":"https:\/\/www.valonkuvia.fi\/blogi\/wp-json\/wp\/v2\/tags?post=16104"}],"curies":[{"name":"wp","href":"https:\/\/api.w.org\/{rel}","templated":true}]}}