{"id":16465,"date":"2020-08-23T22:10:41","date_gmt":"2020-08-23T19:10:41","guid":{"rendered":"https:\/\/www.valonkuvia.fi\/blogi\/?p=16465"},"modified":"2023-04-01T22:30:38","modified_gmt":"2023-04-01T19:30:38","slug":"ainon-drought","status":"publish","type":"post","link":"https:\/\/www.valonkuvia.fi\/blogi\/ainon-drought\/","title":{"rendered":"AINON: Drought (We Jazz, 2020)"},"content":{"rendered":"\n<figure class=\"wp-block-image aligncenter is-style-default\"><a href=\"https:\/\/i0.wp.com\/www.valonkuvia.fi\/blogi\/wp-content\/uploads\/2020\/08\/AINON-2-photo-Kastehelmi-Korpijaakko.jpg?ssl=1\"><img data-recalc-dims=\"1\" loading=\"lazy\" decoding=\"async\" width=\"852\" height=\"568\" src=\"https:\/\/i0.wp.com\/www.valonkuvia.fi\/blogi\/wp-content\/uploads\/2020\/08\/AINON-2-photo-Kastehelmi-Korpijaakko.jpg?resize=852%2C568&#038;ssl=1\" alt=\"\" class=\"wp-image-16467\" srcset=\"https:\/\/i0.wp.com\/www.valonkuvia.fi\/blogi\/wp-content\/uploads\/2020\/08\/AINON-2-photo-Kastehelmi-Korpijaakko.jpg?resize=852%2C568&amp;ssl=1 852w, https:\/\/i0.wp.com\/www.valonkuvia.fi\/blogi\/wp-content\/uploads\/2020\/08\/AINON-2-photo-Kastehelmi-Korpijaakko.jpg?resize=426%2C284&amp;ssl=1 426w, https:\/\/i0.wp.com\/www.valonkuvia.fi\/blogi\/wp-content\/uploads\/2020\/08\/AINON-2-photo-Kastehelmi-Korpijaakko.jpg?resize=768%2C512&amp;ssl=1 768w, https:\/\/i0.wp.com\/www.valonkuvia.fi\/blogi\/wp-content\/uploads\/2020\/08\/AINON-2-photo-Kastehelmi-Korpijaakko.jpg?w=1200&amp;ssl=1 1200w\" sizes=\"auto, (max-width: 852px) 100vw, 852px\" \/><\/a><figcaption class=\"wp-element-caption\">AINON. Kuva: Kastehelmi Korpijaakko<\/figcaption><\/figure>\n\n\n\n<p>AINON-kvartetin nuoret muusikot antavat vaan menn\u00e4 ja soittavat musiikkia, jossa jazzin ja klassisen musiikin vaikutteet sekoittuvat saumattomasti. He viittaavat kintaalla musiikin lajeille ja niiden nimilapuille. Sen sijaan minun kaltaisellani yli kuusikymppisell\u00e4, jonka musiikilliseen itseymm\u00e4rykseen on vahvasti liittynyt ajatus &#8221;<em>jazzdiggarista<\/em>&#8221;, on v\u00e4hint\u00e4\u00e4n takaraivossa t\u00e4ytynyt olla jonkinlainen jazzin m\u00e4\u00e4ritelm\u00e4, jonkinlainen k\u00e4sitys siit\u00e4, mit\u00e4 musiikinlajin piiriin kuuluu. AINON kaltaiset yhtyeet venytt\u00e4v\u00e4t t\u00e4t\u00e4 piiri\u00e4 entist\u00e4 laajemmalle. AINON muusikot kuuluvat niiden taiteilijoiden joukkoon, jotka vakuuttavat meille, ett\u00e4 musiikin nimilapuilla ei ole merkityst\u00e4. He todistavat, ett\u00e4 vain musiikin sis\u00e4lt\u00f6 ratkaisee. <\/p>\n\n\n\n<p>Jazzin ja klassisen musiikin yhteiselo ei suinkaan ole uusia ajatus. S\u00e4velt\u00e4j\u00e4 <strong>Gunther Schuller<\/strong> loi 1950-luvun lopulla k\u00e4sitteen &#8221;<em>third stream<\/em>&#8221;, jolla h\u00e4n viittasi uuteen genreen jazzin ja klassisen musiikin v\u00e4limaastolla. Eiv\u00e4tk\u00e4 jazzin ja klassisen yhteydet alkaneet vasta 1950-luvulla, sill\u00e4 n\u00e4m\u00e4 ensi kuulemalta aivan erilaiset musiikinlajit olivat kohdanneet jo aiemmin esimerkiksi <strong>Duke Ellingtonin<\/strong>, <strong>Igor Stravinskin<\/strong>, <strong>Stan Kentonin<\/strong>, <strong>Benny Goodmanin<\/strong> ja <strong>George Gershwinin<\/strong> musiikissa. <\/p>\n\n\n\n<p>Ajatus kolmannesta virrasta syntyi aikana, jolloin jazzmuusikot taistelivat oman musiikinlajinsa arvostuksen puolesta. Taistelussa oli kyse jazzin asemasta viihteen ja taiteen v\u00e4limaastossa. AINON-yhtyeen ei tarvitse en\u00e4\u00e4 osallistua t\u00e4h\u00e4n kamppailuun ja nyky\u00e4\u00e4n lienee t\u00e4ysin luontevaa hyppi\u00e4 musiikillisten raja-aitojen yli mist\u00e4 huvittaa. <\/p>\n\n\n\n<p>Sellisti ja s\u00e4velt\u00e4j\u00e4 <strong>Aino Juutilainen<\/strong> perusti AINON-yhtyeen vuonna 2017. Juutilainen itse, viulisti <strong>Satu-Maija Aalto<\/strong> ja puhaltaja <strong>Suvi Linnovaara<\/strong> ovat saaneet klassisen musiikin koulutuksen ja olleet kaikki my\u00f6s innostuneita improvisaatiosta. Rumpali <strong>Joonas Lepp\u00e4nen<\/strong> on jazzmuusikko, joka on tullut tutuksi <a href=\"https:\/\/www.valonkuvia.fi\/blogi\/alder-ego-ii\/\">Alder Ego<\/a> -yhtyeen johtohahmona ja s\u00e4velt\u00e4j\u00e4n\u00e4. <\/p>\n\n\n\n<p>Nyt debyyttialbuminsa julkaiseva kvartetti sekoittaa nykymusiikin, klassisen ja jazzin vaikutteita sill\u00e4 tavoin omintakeiseksi sekoitukseksi, ett\u00e4 mieleen ei nouse selvi\u00e4 vertailukohtia. Levyll\u00e4 on yksitoista kappaletta, yhdeks\u00e4n s\u00e4vellyst\u00e4 Juutilaiselta, yksi Lepp\u00e4selt\u00e4 ja v\u00e4lisoittoina kaksi lyhytt\u00e4 improvisaatiota. <\/p>\n\n\n\n<figure class=\"wp-block-image aligncenter is-style-default\"><a href=\"https:\/\/i0.wp.com\/www.valonkuvia.fi\/blogi\/wp-content\/uploads\/2020\/08\/schonberg2.jpg?ssl=1\"><img data-recalc-dims=\"1\" loading=\"lazy\" decoding=\"async\" width=\"852\" height=\"479\" src=\"https:\/\/i0.wp.com\/www.valonkuvia.fi\/blogi\/wp-content\/uploads\/2020\/08\/schonberg2.jpg?resize=852%2C479&#038;ssl=1\" alt=\"\" class=\"wp-image-16495\" srcset=\"https:\/\/i0.wp.com\/www.valonkuvia.fi\/blogi\/wp-content\/uploads\/2020\/08\/schonberg2.jpg?resize=852%2C479&amp;ssl=1 852w, https:\/\/i0.wp.com\/www.valonkuvia.fi\/blogi\/wp-content\/uploads\/2020\/08\/schonberg2.jpg?resize=426%2C240&amp;ssl=1 426w, https:\/\/i0.wp.com\/www.valonkuvia.fi\/blogi\/wp-content\/uploads\/2020\/08\/schonberg2.jpg?resize=768%2C432&amp;ssl=1 768w, https:\/\/i0.wp.com\/www.valonkuvia.fi\/blogi\/wp-content\/uploads\/2020\/08\/schonberg2.jpg?w=1200&amp;ssl=1 1200w\" sizes=\"auto, (max-width: 852px) 100vw, 852px\" \/><\/a><figcaption class=\"wp-element-caption\">Joonas Lepp\u00e4sen s\u00e4vellys &#8221;<em>Sch\u00f6n Berg<\/em>&#8221; viittaa tietenkin s\u00e4velt\u00e4j\u00e4 <strong>Arnold Sch\u00f6nbergiin<\/strong>. Aino Juutilaisen piirros kansilehtisess\u00e4 sen todistaa.<\/figcaption><\/figure>\n\n\n\n<p>Kappaleet ovat aika lyhyit\u00e4, minuutista reiluun viiteen minuuttiin ja painopiste on enemm\u00e4n koko kvartetin yhteissoitossa kuin sooloissa. T\u00e4ss\u00e4 mieless\u00e4 AINON liittyy enemm\u00e4n kamarimusiikin kuin jazzin perinteeseen. Hieno esimerkki on levyn viisiminuuttinen avausraita &#8221;<em>Kruununhaka<\/em>&#8221;, jonka lyhyt rumpusoolo jakaa kahteen suurinpiirtein yht\u00e4 pitk\u00e4\u00e4n osaan. Tihe\u00e4n t\u00e4ytel\u00e4inen soundi ter\u00e4voityy rumpuosuuden j\u00e4lkeen, esitys huipentuu ja hajoaa pian palasiksi. Muita mieleenpainuvia esityksi\u00e4 ovat vaikkapa nimikappale, jota sello jazzbasson lailla k\u00e4velytt\u00e4\u00e4, Lepp\u00e4sen v\u00e4lill\u00e4 free jazziksi muuntuva marssi &#8221;<em>Sch\u00f6n Berg<\/em>&#8221; ja suorastaan hartaita tunnelmia tavoittava p\u00e4\u00e4t\u00f6sraita &#8221;<em>Time Transformed<\/em>&#8221;. Ja onhan musiikissa jazziakin, jota Lepp\u00e4sen jazzrumpujen tilanrakentelu, svengi ja energia tuovat mukanaan.<\/p>\n\n\n\n<p>Juuri AINON-yhtye ja kamarimusiikillinen n\u00e4k\u00f6kulma uuden n\u00e4k\u00f6kulman my\u00f6s We Jazzin levytystuotantoon. Tuttuun tapaan &#8221;<em>Drought<\/em>&#8221; on visuaalisestikin onnistunut kokonaisuus. Levyn kannessa on jo JAF Trion levyn kansikuvasta tutun <strong>Maija Lassilan<\/strong> maalaus &#8221;<em>Kulkemisia sisimm\u00e4ss\u00e4<\/em>&#8221;. Pakettiin kuuluu viel\u00e4 vihkonen, joka esittelee Aino Juutilaisen piirroksia ja englanninkielisi\u00e4 runoja. Vuoden huippuihin kuuluva albumi p\u00e4\u00e4see tietenkin kuuntelusuositusteni listalle: .<\/p>\n\n\n\n<p><strong>AINON<\/strong>: Drought (We Jazz, 2020)<br>\n<em>Aino Juutilainen, sello, Satu-Maija Aalto, viulu, alttoviulu, Suvi Linnovaara, saksofoni, klarinetti, huilu, Joonas Lepp\u00e4nen, rummut<\/em><\/p>\n\n\n\n<figure class=\"wp-block-image aligncenter is-style-default\"><a href=\"https:\/\/i0.wp.com\/www.valonkuvia.fi\/blogi\/wp-content\/uploads\/2020\/08\/AINON-Drought.jpg?ssl=1\"><img data-recalc-dims=\"1\" loading=\"lazy\" decoding=\"async\" width=\"426\" height=\"426\" src=\"https:\/\/i0.wp.com\/www.valonkuvia.fi\/blogi\/wp-content\/uploads\/2020\/08\/AINON-Drought.jpg?resize=426%2C426&#038;ssl=1\" alt=\"\" class=\"wp-image-16468\" srcset=\"https:\/\/i0.wp.com\/www.valonkuvia.fi\/blogi\/wp-content\/uploads\/2020\/08\/AINON-Drought.jpg?resize=426%2C426&amp;ssl=1 426w, https:\/\/i0.wp.com\/www.valonkuvia.fi\/blogi\/wp-content\/uploads\/2020\/08\/AINON-Drought.jpg?resize=852%2C852&amp;ssl=1 852w, https:\/\/i0.wp.com\/www.valonkuvia.fi\/blogi\/wp-content\/uploads\/2020\/08\/AINON-Drought.jpg?resize=150%2C150&amp;ssl=1 150w, https:\/\/i0.wp.com\/www.valonkuvia.fi\/blogi\/wp-content\/uploads\/2020\/08\/AINON-Drought.jpg?resize=768%2C768&amp;ssl=1 768w, https:\/\/i0.wp.com\/www.valonkuvia.fi\/blogi\/wp-content\/uploads\/2020\/08\/AINON-Drought.jpg?resize=400%2C400&amp;ssl=1 400w, https:\/\/i0.wp.com\/www.valonkuvia.fi\/blogi\/wp-content\/uploads\/2020\/08\/AINON-Drought.jpg?resize=50%2C50&amp;ssl=1 50w, https:\/\/i0.wp.com\/www.valonkuvia.fi\/blogi\/wp-content\/uploads\/2020\/08\/AINON-Drought.jpg?w=1000&amp;ssl=1 1000w\" sizes=\"auto, (max-width: 426px) 100vw, 426px\" \/><\/a><\/figure>\n\n\n\n<p><strong>AINON \/ Living room session<\/strong><\/p>\n\n\n\n<center><iframe loading=\"lazy\" width=\"560\" height=\"315\" src=\"https:\/\/www.youtube.com\/embed\/cNM15SiUfqo\" frameborder=\"0\" allow=\"accelerometer; autoplay; encrypted-media; gyroscope; picture-in-picture\" allowfullscreen=\"\"><\/iframe><\/center>\n","protected":false},"excerpt":{"rendered":"<p>AINON-kvartetin nuoret muusikot antavat vaan menn\u00e4 ja soittavat musiikkia, jossa jazzin ja klassisen musiikin vaikutteet sekoittuvat saumattomasti. He viittaavat kintaalla musiikin lajeille ja niiden nimilapuille. Sen sijaan minun kaltaisellani yli kuusikymppisell\u00e4, jonka musiikilliseen itseymm\u00e4rykseen on vahvasti liittynyt ajatus &#8221;jazzdiggarista&#8221;, on v\u00e4hint\u00e4\u00e4n takaraivossa t\u00e4ytynyt olla jonkinlainen jazzin m\u00e4\u00e4ritelm\u00e4, jonkinlainen k\u00e4sitys siit\u00e4, mit\u00e4 musiikinlajin piiriin kuuluu. AINON [&hellip;]<\/p>\n","protected":false},"author":1,"featured_media":0,"comment_status":"open","ping_status":"open","sticky":false,"template":"","format":"standard","meta":{"ngg_post_thumbnail":0,"_jetpack_memberships_contains_paid_content":false,"footnotes":"","jetpack_publicize_message":"","jetpack_publicize_feature_enabled":true,"jetpack_social_post_already_shared":true,"jetpack_social_options":{"image_generator_settings":{"template":"highway","default_image_id":0,"font":"","enabled":false},"version":2}},"categories":[3],"tags":[761,760,720,13,548,762,18,59,148],"class_list":["post-16465","post","type-post","status-publish","format-standard","hentry","category-jazz","tag-aino-juutilainen","tag-ainon","tag-alder-ego","tag-jazzlevyt-2","tag-joonas-leppanen","tag-satu-maija-aalto","tag-suomalainen-jazz","tag-video","tag-we-jazz"],"jetpack_publicize_connections":[],"jetpack_featured_media_url":"","jetpack_likes_enabled":false,"jetpack_sharing_enabled":true,"_links":{"self":[{"href":"https:\/\/www.valonkuvia.fi\/blogi\/wp-json\/wp\/v2\/posts\/16465","targetHints":{"allow":["GET"]}}],"collection":[{"href":"https:\/\/www.valonkuvia.fi\/blogi\/wp-json\/wp\/v2\/posts"}],"about":[{"href":"https:\/\/www.valonkuvia.fi\/blogi\/wp-json\/wp\/v2\/types\/post"}],"author":[{"embeddable":true,"href":"https:\/\/www.valonkuvia.fi\/blogi\/wp-json\/wp\/v2\/users\/1"}],"replies":[{"embeddable":true,"href":"https:\/\/www.valonkuvia.fi\/blogi\/wp-json\/wp\/v2\/comments?post=16465"}],"version-history":[{"count":30,"href":"https:\/\/www.valonkuvia.fi\/blogi\/wp-json\/wp\/v2\/posts\/16465\/revisions"}],"predecessor-version":[{"id":22701,"href":"https:\/\/www.valonkuvia.fi\/blogi\/wp-json\/wp\/v2\/posts\/16465\/revisions\/22701"}],"wp:attachment":[{"href":"https:\/\/www.valonkuvia.fi\/blogi\/wp-json\/wp\/v2\/media?parent=16465"}],"wp:term":[{"taxonomy":"category","embeddable":true,"href":"https:\/\/www.valonkuvia.fi\/blogi\/wp-json\/wp\/v2\/categories?post=16465"},{"taxonomy":"post_tag","embeddable":true,"href":"https:\/\/www.valonkuvia.fi\/blogi\/wp-json\/wp\/v2\/tags?post=16465"}],"curies":[{"name":"wp","href":"https:\/\/api.w.org\/{rel}","templated":true}]}}