{"id":1662,"date":"2011-12-27T22:57:49","date_gmt":"2011-12-27T20:57:49","guid":{"rendered":"http:\/\/www.valonkuvia.fi\/blogi\/?p=1662"},"modified":"2023-03-30T10:45:19","modified_gmt":"2023-03-30T07:45:19","slug":"sam-rivers-1923-2011","status":"publish","type":"post","link":"https:\/\/www.valonkuvia.fi\/blogi\/sam-rivers-1923-2011\/","title":{"rendered":"Sam Rivers (1923 &#8211; 2011)"},"content":{"rendered":"\n<figure class=\"wp-block-image aligncenter size-large is-resized is-style-default\"><img data-recalc-dims=\"1\" decoding=\"async\" src=\"https:\/\/i0.wp.com\/www.valonkuvia.fi\/blogi\/wp-content\/uploads\/2012\/11\/sam_rivers_RIKU.jpg?w=602&#038;ssl=1\" alt=\"\" class=\"wp-image-4584\"  srcset=\"https:\/\/i0.wp.com\/www.valonkuvia.fi\/blogi\/wp-content\/uploads\/2012\/11\/sam_rivers_RIKU.jpg?resize=431%2C400&amp;ssl=1 431w, https:\/\/i0.wp.com\/www.valonkuvia.fi\/blogi\/wp-content\/uploads\/2012\/11\/sam_rivers_RIKU.jpg?resize=300%2C277&amp;ssl=1 300w, https:\/\/i0.wp.com\/www.valonkuvia.fi\/blogi\/wp-content\/uploads\/2012\/11\/sam_rivers_RIKU.jpg?w=2000&amp;ssl=1 2000w\" sizes=\"(max-width: 431px) 100vw, 431px\" \/><figcaption class=\"wp-element-caption\"><em>Sam Rivers. Kuva: RIKU www.rivbea.com<\/em><\/figcaption><\/figure>\n\n\n\n<p>Saksofonisti, huilisti, yhtyeenjohtaja ja s\u00e4velt\u00e4j\u00e4 Sam Rivers kuoli 88-vuotiaana 26.12.2011.<\/p>\n\n\n\n<p>New York Timesin muistokirjoitus:<\/p>\n\n\n\n<p><a href=\"http:\/\/www.nytimes.com\/2011\/12\/28\/arts\/music\/sam-rivers-jazz-musician-dies-at-88.html?partner=rssnyt&amp;emc=rss\">Sam Rivers, Jazz Artist at the Helm of the Loft Scene, Dies at 88<\/a><\/p>\n","protected":false},"excerpt":{"rendered":"<p>Saksofonisti, huilisti, yhtyeenjohtaja ja s\u00e4velt\u00e4j\u00e4 Sam Rivers kuoli 88-vuotiaana 26.12.2011. New York Timesin muistokirjoitus: Sam Rivers, Jazz Artist at the Helm of the Loft Scene, Dies at 88<\/p>\n","protected":false},"author":1,"featured_media":4584,"comment_status":"open","ping_status":"open","sticky":false,"template":"","format":"standard","meta":{"ngg_post_thumbnail":0,"_jetpack_memberships_contains_paid_content":false,"footnotes":"","jetpack_publicize_message":"","jetpack_publicize_feature_enabled":true,"jetpack_social_post_already_shared":false,"jetpack_social_options":{"image_generator_settings":{"template":"highway","default_image_id":0,"font":"","enabled":false},"version":2}},"categories":[3],"tags":[20,67,346,23,129],"class_list":["post-1662","post","type-post","status-publish","format-standard","has-post-thumbnail","hentry","category-jazz","tag-amerikkalainen-jazz","tag-in-memoriam","tag-klassikot","tag-saksofoni","tag-sam-rivers"],"jetpack_publicize_connections":[],"jetpack_featured_media_url":"https:\/\/i0.wp.com\/www.valonkuvia.fi\/blogi\/wp-content\/uploads\/2012\/11\/sam_rivers_RIKU.jpg?fit=2593%2C2401&ssl=1","jetpack_likes_enabled":false,"jetpack_sharing_enabled":true,"_links":{"self":[{"href":"https:\/\/www.valonkuvia.fi\/blogi\/wp-json\/wp\/v2\/posts\/1662","targetHints":{"allow":["GET"]}}],"collection":[{"href":"https:\/\/www.valonkuvia.fi\/blogi\/wp-json\/wp\/v2\/posts"}],"about":[{"href":"https:\/\/www.valonkuvia.fi\/blogi\/wp-json\/wp\/v2\/types\/post"}],"author":[{"embeddable":true,"href":"https:\/\/www.valonkuvia.fi\/blogi\/wp-json\/wp\/v2\/users\/1"}],"replies":[{"embeddable":true,"href":"https:\/\/www.valonkuvia.fi\/blogi\/wp-json\/wp\/v2\/comments?post=1662"}],"version-history":[{"count":7,"href":"https:\/\/www.valonkuvia.fi\/blogi\/wp-json\/wp\/v2\/posts\/1662\/revisions"}],"predecessor-version":[{"id":22335,"href":"https:\/\/www.valonkuvia.fi\/blogi\/wp-json\/wp\/v2\/posts\/1662\/revisions\/22335"}],"wp:featuredmedia":[{"embeddable":true,"href":"https:\/\/www.valonkuvia.fi\/blogi\/wp-json\/wp\/v2\/media\/4584"}],"wp:attachment":[{"href":"https:\/\/www.valonkuvia.fi\/blogi\/wp-json\/wp\/v2\/media?parent=1662"}],"wp:term":[{"taxonomy":"category","embeddable":true,"href":"https:\/\/www.valonkuvia.fi\/blogi\/wp-json\/wp\/v2\/categories?post=1662"},{"taxonomy":"post_tag","embeddable":true,"href":"https:\/\/www.valonkuvia.fi\/blogi\/wp-json\/wp\/v2\/tags?post=1662"}],"curies":[{"name":"wp","href":"https:\/\/api.w.org\/{rel}","templated":true}]}}