{"id":18144,"date":"2021-03-11T23:19:09","date_gmt":"2021-03-11T21:19:09","guid":{"rendered":"https:\/\/www.valonkuvia.fi\/blogi\/?p=18144"},"modified":"2023-04-02T14:10:14","modified_gmt":"2023-04-02T11:10:14","slug":"elifantree-hachi","status":"publish","type":"post","link":"https:\/\/www.valonkuvia.fi\/blogi\/elifantree-hachi\/","title":{"rendered":"Elifantree: Hachi (Eclipse Music, 2021)"},"content":{"rendered":"\n<figure class=\"wp-block-image aligncenter size-full wp-image-18145 is-style-default\"><img data-recalc-dims=\"1\" loading=\"lazy\" decoding=\"async\" width=\"640\" height=\"427\" src=\"https:\/\/i0.wp.com\/www.valonkuvia.fi\/blogi\/wp-content\/uploads\/2021\/03\/Elifantree_HACHI_byJanneRa%CC%88ikko%CC%88nen_1050px-e1615464058299.jpg?resize=640%2C427&#038;ssl=1\" alt=\"\" class=\"wp-image-18145\"\/><figcaption class=\"wp-element-caption\">Elifantree. Kuva: Janne Ra\u0308ikko\u0308nen<\/figcaption><\/figure>\n\n\n\n<p>Vuonna 2007 akustisena triona aloittaneen Elifantree-yhtyeen uusin levy &#8221;<em>Hachi<\/em>&#8221; on poikkeuksellisen laajamittainen ja kunnianhimoinen projekti. Laulaja\/\u00e4\u00e4nitaiteilija <strong>Anni Elif<\/strong>, saksofonisti <strong>Pauli Lyytinen<\/strong> ja \u00e4\u00e4niteknikko <strong>Joonas Saikkonen<\/strong> matkustivat syksyll\u00e4 2018 per\u00e4ti kahdeksassa maassa ja \u00e4\u00e4nittiv\u00e4t musiikkia kahdeksan eri ly\u00f6m\u00e4soittajan kanssa.<\/p>\n\n\n\n<p>Matkoilta tallennettiin runsaasti materiaalia, josta Saikkonen j\u00e4lkik\u00e4teen valikoi, muokkasi ja lopullisesti loi tuplalevyn mittaisen kokonaisuuden. \u00c4\u00e4nityspaikat vaihtelivat suomalaisen j\u00e4rven rannalta ranskalaiseen vesitorniin tai Oslon Tomba Emmanuelle -mausoleumiin. Mukana on my\u00f6s ymp\u00e4rist\u00f6n konkreettisia \u00e4\u00e4ni\u00e4, kuten tuulta, askeleita, lintujen laulua, puhetta (&#8221;<em>Pauli, \u00e4\u00e4nitt\u00e4\u00e4ks se? \u00c4\u00e4nitt\u00e4\u00e4. Oolrait<\/em>&#8221;) ja Tokion metron milj\u00f6\u00f6t\u00e4.<\/p>\n\n\n\n<p>&#8221;<em>Hachi<\/em>&#8221; on reilun tunnin mittainen elektroakustinen kokonaisuus, kuulokuvien virta, jonka juoksusta voi toki poimia erilleen yksitt\u00e4isi\u00e4kin kappaleita. Esimerkiksi ruotsalaisen rumpalin <strong>Andreas Werliinin<\/strong> kanssa \u00e4\u00e4nitetty &#8221;<em>Gold Dust<\/em>&#8221; kiit\u00e4\u00e4 kevyesti svengaten, kun taas Ranskassa \u00e4\u00e4nitetty tummanpuhuva &#8221;<em>Solace<\/em>&#8221; (rumpalina <strong>Yukio Oshima<\/strong>) kasvaa hitaasti rujoon grooven ja huipentuu intensiiviseen saksofonisooloon. Levyn p\u00e4\u00e4tt\u00e4\u00e4 hartaissa tunnelmissa &#8221;<em>Mausoleum II<\/em>&#8221;, jonka \u00e4\u00e4nimaisemaan norjalaisen <strong>Terje Isungetin<\/strong> soittamat kivet ly\u00f6v\u00e4t omintakeisen leimansa.<\/p>\n\n\n\n<p>Kaikkiaan &#8221;<em>Hachi<\/em>&#8221; on kiehtova ja ainutlaatuinen kokonaisuus, joka jatkaa Elifantreen perinteit\u00e4 yhdist\u00e4m\u00e4ll\u00e4 rohkeasti hyvin erilaisia musiikillisia vaikutteita, siis nykymusiikkia, vapaata improvisaatiota, elektronista musiikkia, kokeellista poppia ja jazziakin. Juuri nyt levy v\u00e4ist\u00e4m\u00e4tt\u00e4 todistaa siit\u00e4 niin kaukaiselta tuntuvasta ajasta, jolloin matkustaminen kahdeksassa maassa oli mahdollista.<\/p>\n\n\n\n<p>&#8221;<em>Hachilla<\/em>&#8221; on ilman muuta paikkansa Valon kuvia -blogin <a href=\"https:\/\/docs.google.com\/document\/d\/11lVOvd-O77GbmhOBpnXn4lJydvYWt0fNgG6W629DReE\/edit?usp=sharing\">Vuoden valinnat 2021<\/a> -listalla.<\/p>\n\n\n\n<p><strong>Elifantree<\/strong>: Hachi (Eclipse Music, 2021)<br><em>Anni Elif, \u00e4\u00e4ni, Pauli Lyytinen, saksofonit, Joonas Saikkonen, \u00e4\u00e4nitekniikka, Olavi Louhivuori, Andreas Werliin, Terje Isungset, Lisbeth Diers, Marc Pell, Julian Sartorius, Yuko Oshima, Ryosuke Kiyasu, ly\u00f6m\u00e4soittimet <\/em><\/p>\n\n\n\n<figure class=\"wp-block-image aligncenter is-style-default\"><a href=\"https:\/\/i0.wp.com\/www.valonkuvia.fi\/blogi\/wp-content\/uploads\/2021\/03\/hachi.jpg?ssl=1\"><img data-recalc-dims=\"1\" loading=\"lazy\" decoding=\"async\" width=\"426\" height=\"426\" src=\"https:\/\/i0.wp.com\/www.valonkuvia.fi\/blogi\/wp-content\/uploads\/2021\/03\/hachi.jpg?resize=426%2C426&#038;ssl=1\" alt=\"\" class=\"wp-image-18146\" srcset=\"https:\/\/i0.wp.com\/www.valonkuvia.fi\/blogi\/wp-content\/uploads\/2021\/03\/hachi.jpg?resize=426%2C426&amp;ssl=1 426w, https:\/\/i0.wp.com\/www.valonkuvia.fi\/blogi\/wp-content\/uploads\/2021\/03\/hachi.jpg?resize=852%2C852&amp;ssl=1 852w, https:\/\/i0.wp.com\/www.valonkuvia.fi\/blogi\/wp-content\/uploads\/2021\/03\/hachi.jpg?resize=150%2C150&amp;ssl=1 150w, https:\/\/i0.wp.com\/www.valonkuvia.fi\/blogi\/wp-content\/uploads\/2021\/03\/hachi.jpg?resize=768%2C768&amp;ssl=1 768w, https:\/\/i0.wp.com\/www.valonkuvia.fi\/blogi\/wp-content\/uploads\/2021\/03\/hachi.jpg?resize=400%2C400&amp;ssl=1 400w, https:\/\/i0.wp.com\/www.valonkuvia.fi\/blogi\/wp-content\/uploads\/2021\/03\/hachi.jpg?resize=50%2C50&amp;ssl=1 50w, https:\/\/i0.wp.com\/www.valonkuvia.fi\/blogi\/wp-content\/uploads\/2021\/03\/hachi.jpg?w=1200&amp;ssl=1 1200w\" sizes=\"auto, (max-width: 426px) 100vw, 426px\" \/><\/a><\/figure>\n","protected":false},"excerpt":{"rendered":"<p>Vuonna 2007 akustisena triona aloittaneen Elifantree-yhtyeen uusin levy &#8221;Hachi&#8221; on poikkeuksellisen laajamittainen ja kunnianhimoinen projekti. Laulaja\/\u00e4\u00e4nitaiteilija Anni Elif, saksofonisti Pauli Lyytinen ja \u00e4\u00e4niteknikko Joonas Saikkonen matkustivat syksyll\u00e4 2018 per\u00e4ti kahdeksassa maassa ja \u00e4\u00e4nittiv\u00e4t musiikkia kahdeksan eri ly\u00f6m\u00e4soittajan kanssa. Matkoilta tallennettiin runsaasti materiaalia, josta Saikkonen j\u00e4lkik\u00e4teen valikoi, muokkasi ja lopullisesti loi tuplalevyn mittaisen kokonaisuuden. \u00c4\u00e4nityspaikat vaihtelivat [&hellip;]<\/p>\n","protected":false},"author":1,"featured_media":0,"comment_status":"open","ping_status":"open","sticky":false,"template":"","format":"standard","meta":{"ngg_post_thumbnail":0,"_jetpack_memberships_contains_paid_content":false,"footnotes":"","jetpack_publicize_message":"","jetpack_publicize_feature_enabled":true,"jetpack_social_post_already_shared":true,"jetpack_social_options":{"image_generator_settings":{"template":"highway","default_image_id":0,"font":"","enabled":false},"version":2}},"categories":[3],"tags":[837,453,375,836,407,18],"class_list":["post-18144","post","type-post","status-publish","format-standard","hentry","category-jazz","tag-anni-elif","tag-eclipse-music","tag-elektroninen-musiikki","tag-elifantree","tag-pauli-lyytinen","tag-suomalainen-jazz"],"jetpack_publicize_connections":[],"jetpack_featured_media_url":"","jetpack_likes_enabled":false,"jetpack_sharing_enabled":true,"_links":{"self":[{"href":"https:\/\/www.valonkuvia.fi\/blogi\/wp-json\/wp\/v2\/posts\/18144","targetHints":{"allow":["GET"]}}],"collection":[{"href":"https:\/\/www.valonkuvia.fi\/blogi\/wp-json\/wp\/v2\/posts"}],"about":[{"href":"https:\/\/www.valonkuvia.fi\/blogi\/wp-json\/wp\/v2\/types\/post"}],"author":[{"embeddable":true,"href":"https:\/\/www.valonkuvia.fi\/blogi\/wp-json\/wp\/v2\/users\/1"}],"replies":[{"embeddable":true,"href":"https:\/\/www.valonkuvia.fi\/blogi\/wp-json\/wp\/v2\/comments?post=18144"}],"version-history":[{"count":9,"href":"https:\/\/www.valonkuvia.fi\/blogi\/wp-json\/wp\/v2\/posts\/18144\/revisions"}],"predecessor-version":[{"id":22799,"href":"https:\/\/www.valonkuvia.fi\/blogi\/wp-json\/wp\/v2\/posts\/18144\/revisions\/22799"}],"wp:attachment":[{"href":"https:\/\/www.valonkuvia.fi\/blogi\/wp-json\/wp\/v2\/media?parent=18144"}],"wp:term":[{"taxonomy":"category","embeddable":true,"href":"https:\/\/www.valonkuvia.fi\/blogi\/wp-json\/wp\/v2\/categories?post=18144"},{"taxonomy":"post_tag","embeddable":true,"href":"https:\/\/www.valonkuvia.fi\/blogi\/wp-json\/wp\/v2\/tags?post=18144"}],"curies":[{"name":"wp","href":"https:\/\/api.w.org\/{rel}","templated":true}]}}