{"id":18790,"date":"2021-09-14T19:28:31","date_gmt":"2021-09-14T16:28:31","guid":{"rendered":"https:\/\/www.valonkuvia.fi\/blogi\/?p=18790"},"modified":"2025-03-24T22:19:13","modified_gmt":"2025-03-24T20:19:13","slug":"florian-arbenz-conversation-2-3","status":"publish","type":"post","link":"https:\/\/www.valonkuvia.fi\/blogi\/florian-arbenz-conversation-2-3\/","title":{"rendered":"Florian Arbenz: Conversation #2 &#038; #3 (Hammer Recordings, 2021)"},"content":{"rendered":"\n<figure class=\"wp-block-image aligncenter is-style-default\"><a href=\"https:\/\/i0.wp.com\/www.valonkuvia.fi\/blogi\/wp-content\/uploads\/2021\/08\/arbenz-1-e1630350868343.jpeg?ssl=1\"><img data-recalc-dims=\"1\" loading=\"lazy\" decoding=\"async\" width=\"852\" height=\"568\" src=\"https:\/\/i0.wp.com\/www.valonkuvia.fi\/blogi\/wp-content\/uploads\/2021\/08\/arbenz-1.jpeg?resize=852%2C568&#038;ssl=1\" alt=\"\" class=\"wp-image-18796\"\/><\/a><figcaption class=\"wp-element-caption\">Florian Arbenz &amp; Jim Hart. Kuva: Philippe Ohl<\/figcaption><\/figure>\n\n\n\n<p>Alkuvuodesta 2021 sveitsil\u00e4inen ly\u00f6m\u00e4soittaja, yhtyeenjohtaja ja s\u00e4velt\u00e4j\u00e4 <strong>Florian Arbenz<\/strong> aloitti per\u00e4ti 12 levyn mittaiseksi tarkoitetun musiikillisten keskustelujen sarjan. Ensimm\u00e4iseen keskusteluun (&#8221;<a href=\"https:\/\/www.valonkuvia.fi\/blogi\/trumpetti-kitara-rummut\/\"><em>Conversation #1 Condensed<\/em><\/a>&#8221;) Arbenzin kanssa osallistuivat trumpetisti <strong>Hermon Meharin<\/strong> ja kitaristi <strong>Nelson Verasin<\/strong>. Sarja saa nyt jatkoa, kun toinen ja kolmas keskustelu ilmestyv\u00e4t tuplavinyylin\u00e4. &#8221;<em>Conversation #2 Oracle<\/em>&#8221; on Arbenzin ja brittil\u00e4isen vibrafonistin <strong>Jim Hartin<\/strong> duolevytys. Kaksikko laajenee trioksi, kun sveitsil\u00e4inen basisti <strong>Heiri K\u00e4nzig<\/strong> (minulle h\u00e4n on tuttu nimi Vienna Art Orchestran levyilt\u00e4) liittyy mukaan levyll\u00e4 &#8221;<em>Conversation #3 Neologism<\/em>&#8221;. T\u00e4t\u00e4 postausta varten olen kuunnellut cd-versiota, joka kokoaa molemmat keskustelut yhdelle levylle.<\/p>\n\n\n\n<p>&#8221;<em>Conversation #2 Oracle<\/em>&#8221; on monipuolinen dialogien sarja. Nimens\u00e4 mukaisesti kolmeen osaan hahmottuva &#8221;Triptych&#8221; rakentuu minimalististen vibrafonikuvioiden ja rumpujen voiman varaan. Soundimaailma rikastuu, kun Hart soittaa marimbaa kappaleella &#8221;<em>Wooden Lines<\/em>&#8221;. Instrumentin puinen \u00e4\u00e4ni sulautuu saumattomasti yhteen Arbenzin ly\u00f6m\u00e4soitinten kanssa kuin kahden rumpalin villiksi duetoksi.<\/p>\n\n\n\n<p>Monet jazzmuusikot ovat tehneet <strong>Eddie Harrisin<\/strong> s\u00e4velm\u00e4st\u00e4 &#8221;<em>Freedom Jazz Dance<\/em>&#8221; omia versioitaan, joista tunnetuin l\u00f6ytynee <strong>Miles Davisin<\/strong> levylt\u00e4 &#8221;<em>Miles Smiles<\/em>&#8221;. S\u00e4vellys lienee my\u00f6s Arbenzin suosikkikappaleita, sill\u00e4 se oli jo <em>Conversation #1 Condensed<\/em> -levyn ohjelmassa. Nyt kaksikko muotoilee siit\u00e4 napakan ja riisutun version. Duolevyn toinen lainakappale, <strong>Thelonious Monkin<\/strong> klassikko &#8221;<em>Evidence<\/em>&#8221;, p\u00e4\u00e4tt\u00e4\u00e4 duokeskustelun yht\u00e4lailla p\u00e4\u00e4tt\u00e4v\u00e4isesti.<\/p>\n\n\n\n<p>Kun Heiri K\u00e4nzig tuo ilmaisuvoimaisen bassonsa levylle &#8221;<em>Conversation #3 Neologism<\/em>&#8221;, muuttuu keskustelu selv\u00e4sti yhtyeen musiikiksi. Notkean basson my\u00f6t\u00e4 musiikkiin tulee lis\u00e4\u00e4 rytmist\u00e4 imua, kuten dramaattisen rumpusoolon j\u00e4lkeen vauhtiin rynt\u00e4\u00e4v\u00e4 &#8221;<em>Jammin\u00b4 In The Children\u00b4s Corner<\/em>&#8221; tai vankan grooven kannattelema &#8221;<em>Rh\u0115nos<\/em>&#8221; todistavat. My\u00f6s kolmas keskustelutuokio p\u00e4\u00e4ttyy Monkiin, kun trio tyylittelee levyn loppuun svengaavan version &#8221;<em>Epistrophysta<\/em>&#8221;, tuosta Monkin omatkin keikat usein p\u00e4\u00e4tt\u00e4neest\u00e4 klassikosta.<\/p>\n\n\n\n<p>N\u00e4m\u00e4kin kaksi keskustelua osoittavat j\u00e4lleen, ett\u00e4 Florian Arbenz on eritt\u00e4in mielenkiintoinen eurooppalainen jazzmuusikko. J\u00e4\u00e4n odottamaan lis\u00e4\u00e4 keskusteluja sek\u00e4 tietenkin esiintymist\u00e4 Suomessa. Sill\u00e4 v\u00e4lin &#8221;<em>Conversation #2 &amp; #3<\/em>&#8221; p\u00e4\u00e4see Valon kuvia -blogin <a href=\"https:\/\/docs.google.com\/document\/d\/11lVOvd-O77GbmhOBpnXn4lJydvYWt0fNgG6W629DReE\/edit?usp=sharing\">Vuoden valinnat 2021<\/a> -listalle.<\/p>\n\n\n\n<p><strong>Florian Arbenz<\/strong>: Conversation #2 &amp; #3 (Hammer Recordings, 2021)<br><em>Florian Arbenz, rummut ly\u00f6m\u00e4soittimet, Jim Hart, vibrafoni, marimba, Heiri K\u00e4nzig, basso<\/em><\/p>\n\n\n\n<figure class=\"wp-block-gallery has-nested-images columns-2 is-cropped wp-block-gallery-2 is-layout-flex wp-block-gallery-is-layout-flex\">\n\n<\/figure>\n\n\n\n<h3 class=\"wp-block-heading\">Arbenz X Hart | Wooden Lines Single (Conversation #2)<\/h3>\n\n\n\n<center><iframe loading=\"lazy\" title=\"YouTube video player\" src=\"https:\/\/www.youtube.com\/embed\/9V2xcdVgZQw\" width=\"560\" height=\"315\" frameborder=\"0\" allowfullscreen=\"allowfullscreen\"><\/iframe><\/center>\n","protected":false},"excerpt":{"rendered":"<p>Alkuvuodesta 2021 sveitsil\u00e4inen ly\u00f6m\u00e4soittaja, yhtyeenjohtaja ja s\u00e4velt\u00e4j\u00e4 Florian Arbenz aloitti per\u00e4ti 12 levyn mittaiseksi tarkoitetun musiikillisten keskustelujen sarjan. Ensimm\u00e4iseen keskusteluun (&#8221;Conversation #1 Condensed&#8221;) Arbenzin kanssa osallistuivat trumpetisti Hermon Meharin ja kitaristi Nelson Verasin. Sarja saa nyt jatkoa, kun toinen ja kolmas keskustelu ilmestyv\u00e4t tuplavinyylin\u00e4. &#8221;Conversation #2 Oracle&#8221; on Arbenzin ja brittil\u00e4isen vibrafonistin Jim Hartin duolevytys. [&hellip;]<\/p>\n","protected":false},"author":1,"featured_media":0,"comment_status":"open","ping_status":"open","sticky":false,"template":"","format":"standard","meta":{"ngg_post_thumbnail":0,"_jetpack_memberships_contains_paid_content":false,"footnotes":"","jetpack_publicize_message":"","jetpack_publicize_feature_enabled":true,"jetpack_social_post_already_shared":true,"jetpack_social_options":{"image_generator_settings":{"template":"highway","default_image_id":0,"font":"","enabled":false},"version":2}},"categories":[3],"tags":[50,1049,80,730,887,886,40,69,59],"class_list":["post-18790","post","type-post","status-publish","format-standard","hentry","category-jazz","tag-basso","tag-conversation","tag-eurooppalainen-jazz","tag-florian-arbenz","tag-heiri-kanzig","tag-jim-hart","tag-rummut","tag-vibrafoni","tag-video"],"jetpack_publicize_connections":[],"jetpack_featured_media_url":"","jetpack_likes_enabled":false,"jetpack_sharing_enabled":true,"_links":{"self":[{"href":"https:\/\/www.valonkuvia.fi\/blogi\/wp-json\/wp\/v2\/posts\/18790","targetHints":{"allow":["GET"]}}],"collection":[{"href":"https:\/\/www.valonkuvia.fi\/blogi\/wp-json\/wp\/v2\/posts"}],"about":[{"href":"https:\/\/www.valonkuvia.fi\/blogi\/wp-json\/wp\/v2\/types\/post"}],"author":[{"embeddable":true,"href":"https:\/\/www.valonkuvia.fi\/blogi\/wp-json\/wp\/v2\/users\/1"}],"replies":[{"embeddable":true,"href":"https:\/\/www.valonkuvia.fi\/blogi\/wp-json\/wp\/v2\/comments?post=18790"}],"version-history":[{"count":23,"href":"https:\/\/www.valonkuvia.fi\/blogi\/wp-json\/wp\/v2\/posts\/18790\/revisions"}],"predecessor-version":[{"id":26652,"href":"https:\/\/www.valonkuvia.fi\/blogi\/wp-json\/wp\/v2\/posts\/18790\/revisions\/26652"}],"wp:attachment":[{"href":"https:\/\/www.valonkuvia.fi\/blogi\/wp-json\/wp\/v2\/media?parent=18790"}],"wp:term":[{"taxonomy":"category","embeddable":true,"href":"https:\/\/www.valonkuvia.fi\/blogi\/wp-json\/wp\/v2\/categories?post=18790"},{"taxonomy":"post_tag","embeddable":true,"href":"https:\/\/www.valonkuvia.fi\/blogi\/wp-json\/wp\/v2\/tags?post=18790"}],"curies":[{"name":"wp","href":"https:\/\/api.w.org\/{rel}","templated":true}]}}