{"id":18937,"date":"2021-10-16T15:55:29","date_gmt":"2021-10-16T12:55:29","guid":{"rendered":"https:\/\/www.valonkuvia.fi\/blogi\/?p=18937"},"modified":"2023-04-02T13:47:08","modified_gmt":"2023-04-02T10:47:08","slug":"tomi-nikku-5tet-light-shade","status":"publish","type":"post","link":"https:\/\/www.valonkuvia.fi\/blogi\/tomi-nikku-5tet-light-shade\/","title":{"rendered":"Tomi Nikku 5tet: Light &#038; Shade (Flame Jazz Records, 2021)"},"content":{"rendered":"\n<figure class=\"wp-block-image aligncenter size-large wp-image-18939 is-style-default\"><img data-recalc-dims=\"1\" loading=\"lazy\" decoding=\"async\" width=\"852\" height=\"568\" src=\"https:\/\/i0.wp.com\/www.valonkuvia.fi\/blogi\/wp-content\/uploads\/2021\/10\/Tomi-Nikku-Turku-Jazz-Festival-2018.jpg?resize=852%2C568&#038;ssl=1\" alt=\"\" class=\"wp-image-18939\" srcset=\"https:\/\/i0.wp.com\/www.valonkuvia.fi\/blogi\/wp-content\/uploads\/2021\/10\/Tomi-Nikku-Turku-Jazz-Festival-2018.jpg?resize=852%2C568&amp;ssl=1 852w, https:\/\/i0.wp.com\/www.valonkuvia.fi\/blogi\/wp-content\/uploads\/2021\/10\/Tomi-Nikku-Turku-Jazz-Festival-2018.jpg?resize=426%2C284&amp;ssl=1 426w, https:\/\/i0.wp.com\/www.valonkuvia.fi\/blogi\/wp-content\/uploads\/2021\/10\/Tomi-Nikku-Turku-Jazz-Festival-2018.jpg?resize=768%2C512&amp;ssl=1 768w, https:\/\/i0.wp.com\/www.valonkuvia.fi\/blogi\/wp-content\/uploads\/2021\/10\/Tomi-Nikku-Turku-Jazz-Festival-2018.jpg?w=1200&amp;ssl=1 1200w\" sizes=\"auto, (max-width: 852px) 100vw, 852px\" \/><figcaption class=\"wp-element-caption\">Tomi Nikku, Turku Jazz Festival 2018<\/figcaption><\/figure>\n\n\n\n<p>Trumpetisti <strong>Tomi Nikku<\/strong> on tullut minulle tutuksi <a href=\"https:\/\/www.valonkuvia.fi\/blogi\/bowman-trio-persistence\/\">Bowman Trion<\/a> ja <a href=\"https:\/\/www.valonkuvia.fi\/blogi\/alder-ego-ii\/\">Alder Egon<\/a> levyilt\u00e4 sek\u00e4 liven\u00e4 Maxxxtet-yhtyeen j\u00e4senen\u00e4 Turku Jazz 2018 -festivaalilla. Oheinen valokuva on per\u00e4isin t\u00e4lt\u00e4 keikalta. Nyt Nikku astuu esiin ensimm\u00e4ist\u00e4 kertaa yhtyeenjohtajana, kun jo joitakin vuosia toiminut, nuoren polven muusikoista koottu 5tet julkaisee ensimm\u00e4isen levyns\u00e4.<\/p>\n\n\n\n<p>Nikun s\u00e4vellyksist\u00e4 koostuva &#8221;<em>Light &amp; Shade<\/em>&#8221; on pitk\u00e4lle pohdiskeltua yhtyeen musiikkia, jonka j\u00e4ntevi\u00e4 muotoja rakentavat s\u00e4vellykset ovat nimenomaan koko yhtyeen asialla, siis eiv\u00e4t pelk\u00e4st\u00e4\u00e4n korokkeita yhtyeen johtajan voimann\u00e4yt\u00f6ksille. Toki trumpettikin p\u00e4\u00e4see n\u00e4ytt\u00e4v\u00e4sti esille, kun levyn avauksessa (&#8221;<em>Inception<\/em>&#8221;) trumpetti soi itsevarmasti ja ylv\u00e4\u00e4sti. Nikun ilmaisun monipuolisuudesta kertoon puolestaan <em>What It Is (That You\u00b4re So Afraid Of)<\/em>&#8221;, jossa lopussa trumpetin soundi murtuu koskettaviin huokauksiin maailman ep\u00e4varmuuden edess\u00e4.<\/p>\n\n\n\n<p>Levyn kahdeksasta kappaleesta nousee erityisesti esille melodisesti t\u00e4ytel\u00e4inen &#8221;<em>Emboldened<\/em>&#8221;, jonka vahva s\u00e4vellys kantaa sek\u00e4 soittajat ett\u00e4 kuulijat koko matkan <strong>Vesa Ojaniemen<\/strong> varovaisista basson n\u00e4pp\u00e4ilyist\u00e4 dramaattiseen loppuun saakka. Matkan p\u00e4\u00e4tteeksi koko albumin ajan kekseli\u00e4\u00e4sti rumpujaan soittava <strong>Jonatan Sarikoski<\/strong> p\u00e4\u00e4see n\u00e4ytt\u00e4m\u00e4\u00e4n t\u00e4yden voimansa. Huomiota kiinnitt\u00e4\u00e4 my\u00f6s trumpetin, <strong>Ilkka Uksilan<\/strong> vibrafonin ja <strong>Max Zengerin<\/strong> bassoklarinetin yhteissointi, joka lis\u00e4\u00e4 moneen kappaleeseen aivan erityist\u00e4 l\u00e4mp\u00f6\u00e4 ja v\u00e4ri\u00e4.<\/p>\n\n\n\n<p>&#8221;<em>Light &amp; Shade<\/em>&#8221; on kunnianhimoinen ja onnistunut albumi, joka kuuluu Valon kuvia -blogin <a href=\"https:\/\/docs.google.com\/document\/d\/11lVOvd-O77GbmhOBpnXn4lJydvYWt0fNgG6W629DReE\/edit?usp=sharing\">Vuoden valinnat 2021<\/a> -listalle.<\/p>\n\n\n\n<p><strong>Tomi Nikku 5tet<\/strong>: Light &amp; Shade (Flame Jazz Records, 2021)<br><em>Tomi Nikku, trumpetti, Max Zenger, alttosaksofoni, bassoklarinetti, Ilkka Uksila, vibrafoni, Vesa Ojaniemi, basso, Jonatan Sarikoski, rummut<\/em><\/p>\n\n\n\n<figure class=\"wp-block-image aligncenter is-style-default\"><img data-recalc-dims=\"1\" loading=\"lazy\" decoding=\"async\" width=\"426\" height=\"426\" src=\"https:\/\/i0.wp.com\/www.valonkuvia.fi\/blogi\/wp-content\/uploads\/2021\/10\/Tomi-Nikku-5tet.jpeg?resize=426%2C426&#038;ssl=1\" alt=\"\" class=\"wp-image-18941\" srcset=\"https:\/\/i0.wp.com\/www.valonkuvia.fi\/blogi\/wp-content\/uploads\/2021\/10\/Tomi-Nikku-5tet.jpeg?resize=426%2C426&amp;ssl=1 426w, https:\/\/i0.wp.com\/www.valonkuvia.fi\/blogi\/wp-content\/uploads\/2021\/10\/Tomi-Nikku-5tet.jpeg?resize=150%2C150&amp;ssl=1 150w, https:\/\/i0.wp.com\/www.valonkuvia.fi\/blogi\/wp-content\/uploads\/2021\/10\/Tomi-Nikku-5tet.jpeg?resize=400%2C400&amp;ssl=1 400w, https:\/\/i0.wp.com\/www.valonkuvia.fi\/blogi\/wp-content\/uploads\/2021\/10\/Tomi-Nikku-5tet.jpeg?resize=96%2C96&amp;ssl=1 96w, https:\/\/i0.wp.com\/www.valonkuvia.fi\/blogi\/wp-content\/uploads\/2021\/10\/Tomi-Nikku-5tet.jpeg?resize=84%2C84&amp;ssl=1 84w, https:\/\/i0.wp.com\/www.valonkuvia.fi\/blogi\/wp-content\/uploads\/2021\/10\/Tomi-Nikku-5tet.jpeg?resize=120%2C120&amp;ssl=1 120w, https:\/\/i0.wp.com\/www.valonkuvia.fi\/blogi\/wp-content\/uploads\/2021\/10\/Tomi-Nikku-5tet.jpeg?resize=50%2C50&amp;ssl=1 50w, https:\/\/i0.wp.com\/www.valonkuvia.fi\/blogi\/wp-content\/uploads\/2021\/10\/Tomi-Nikku-5tet.jpeg?w=500&amp;ssl=1 500w\" sizes=\"auto, (max-width: 426px) 100vw, 426px\" \/><\/figure>\n\n\n\n<h3 class=\"wp-block-heading\">Tomi Nikku 5tet &#8211; Yearnin&#8217; (live at the woodshed)<\/h3>\n\n\n\n<center><iframe loading=\"lazy\" title=\"YouTube video player\" src=\"https:\/\/www.youtube.com\/embed\/DgQlyURNMgo\" width=\"560\" height=\"315\" frameborder=\"0\" allowfullscreen=\"allowfullscreen\"><\/iframe><\/center>\n","protected":false},"excerpt":{"rendered":"<p>Trumpetisti Tomi Nikku on tullut minulle tutuksi Bowman Trion ja Alder Egon levyilt\u00e4 sek\u00e4 liven\u00e4 Maxxxtet-yhtyeen j\u00e4senen\u00e4 Turku Jazz 2018 -festivaalilla. Oheinen valokuva on per\u00e4isin t\u00e4lt\u00e4 keikalta. Nyt Nikku astuu esiin ensimm\u00e4ist\u00e4 kertaa yhtyeenjohtajana, kun jo joitakin vuosia toiminut, nuoren polven muusikoista koottu 5tet julkaisee ensimm\u00e4isen levyns\u00e4. Nikun s\u00e4vellyksist\u00e4 koostuva &#8221;Light &amp; Shade&#8221; on pitk\u00e4lle [&hellip;]<\/p>\n","protected":false},"author":1,"featured_media":0,"comment_status":"open","ping_status":"open","sticky":false,"template":"","format":"standard","meta":{"ngg_post_thumbnail":0,"_jetpack_memberships_contains_paid_content":false,"footnotes":"","jetpack_publicize_message":"","jetpack_publicize_feature_enabled":true,"jetpack_social_post_already_shared":true,"jetpack_social_options":{"image_generator_settings":{"template":"highway","default_image_id":0,"font":"","enabled":false},"version":2}},"categories":[3],"tags":[699,895,13,896,718,18,651,42,679,69,59],"class_list":["post-18937","post","type-post","status-publish","format-standard","hentry","category-jazz","tag-flame-jazz-records","tag-ilkka-uksila","tag-jazzlevyt-2","tag-jonatan-sarikoski","tag-max-zenger","tag-suomalainen-jazz","tag-tomi-nikku","tag-trumpetti","tag-vesa-ojaniemi","tag-vibrafoni","tag-video"],"jetpack_publicize_connections":[],"jetpack_featured_media_url":"","jetpack_likes_enabled":false,"jetpack_sharing_enabled":true,"_links":{"self":[{"href":"https:\/\/www.valonkuvia.fi\/blogi\/wp-json\/wp\/v2\/posts\/18937","targetHints":{"allow":["GET"]}}],"collection":[{"href":"https:\/\/www.valonkuvia.fi\/blogi\/wp-json\/wp\/v2\/posts"}],"about":[{"href":"https:\/\/www.valonkuvia.fi\/blogi\/wp-json\/wp\/v2\/types\/post"}],"author":[{"embeddable":true,"href":"https:\/\/www.valonkuvia.fi\/blogi\/wp-json\/wp\/v2\/users\/1"}],"replies":[{"embeddable":true,"href":"https:\/\/www.valonkuvia.fi\/blogi\/wp-json\/wp\/v2\/comments?post=18937"}],"version-history":[{"count":13,"href":"https:\/\/www.valonkuvia.fi\/blogi\/wp-json\/wp\/v2\/posts\/18937\/revisions"}],"predecessor-version":[{"id":22758,"href":"https:\/\/www.valonkuvia.fi\/blogi\/wp-json\/wp\/v2\/posts\/18937\/revisions\/22758"}],"wp:attachment":[{"href":"https:\/\/www.valonkuvia.fi\/blogi\/wp-json\/wp\/v2\/media?parent=18937"}],"wp:term":[{"taxonomy":"category","embeddable":true,"href":"https:\/\/www.valonkuvia.fi\/blogi\/wp-json\/wp\/v2\/categories?post=18937"},{"taxonomy":"post_tag","embeddable":true,"href":"https:\/\/www.valonkuvia.fi\/blogi\/wp-json\/wp\/v2\/tags?post=18937"}],"curies":[{"name":"wp","href":"https:\/\/api.w.org\/{rel}","templated":true}]}}