{"id":19455,"date":"2022-01-13T14:30:15","date_gmt":"2022-01-13T12:30:15","guid":{"rendered":"https:\/\/www.valonkuvia.fi\/blogi\/?p=19455"},"modified":"2023-04-01T23:17:03","modified_gmt":"2023-04-01T20:17:03","slug":"fredrik-nordstrom-dolores-one-dolores-two-bluenord-records-2021","status":"publish","type":"post","link":"https:\/\/www.valonkuvia.fi\/blogi\/fredrik-nordstrom-dolores-one-dolores-two-bluenord-records-2021\/","title":{"rendered":"Fredrik Nordstr\u00f6m: Dolores One &#038; Dolores Two (Bluenord Records, 2021)"},"content":{"rendered":"\n<figure class=\"wp-block-image aligncenter size-full wp-image-14413 is-style-default\"><img data-recalc-dims=\"1\" loading=\"lazy\" decoding=\"async\" width=\"640\" height=\"480\" src=\"https:\/\/i0.wp.com\/www.valonkuvia.fi\/blogi\/wp-content\/uploads\/2019\/10\/fredriknordstrom.jpeg?resize=640%2C480&#038;ssl=1\" alt=\"\" class=\"wp-image-14413\" srcset=\"https:\/\/i0.wp.com\/www.valonkuvia.fi\/blogi\/wp-content\/uploads\/2019\/10\/fredriknordstrom.jpeg?w=640&amp;ssl=1 640w, https:\/\/i0.wp.com\/www.valonkuvia.fi\/blogi\/wp-content\/uploads\/2019\/10\/fredriknordstrom.jpeg?resize=426%2C320&amp;ssl=1 426w\" sizes=\"auto, (max-width: 640px) 100vw, 640px\" \/><figcaption class=\"wp-element-caption\">Fredrik Nordstr\u00f6m. Kuva: fredriknorstrom.com<\/figcaption><\/figure>\n\n\n\n<p>Marraskuussa 2020 saksofonisti <strong>Fredrik Nordstr\u00f6m<\/strong> kokosi levyst\u00e4 varten mielenkiintoisen kvartetin, jossa yhtyeenjohtajan lis\u00e4ksi soittavat trumpetisti <strong>Staffan Svensson<\/strong>, kitaristi <strong>Andreas Hourdakis<\/strong> ja italialainen basisti <strong>Ilaria Capalbo<\/strong>. Yhtyeess\u00e4 ei siis ole lainkaan rumpalia. Kahden p\u00e4iv\u00e4n sessioista syntyi kaksi albumia, joista &#8221;<em>Dolores One<\/em>&#8221; ilmestyi viime huhtikuussa ja &#8221;<em>Dolores Two<\/em>&#8221; marraskuussa.<\/p>\n\n\n\n<p>Levyill\u00e4 on yhteens\u00e4 17 kappaletta, jotka ovat l\u00e4hes kaikki Nordstr\u00f6min s\u00e4velt\u00e4mi\u00e4, vain kaksi lyhytt\u00e4 ja ilmeisen improvisoitua v\u00e4lisoittoa on merkitty koko yhtyeen nimiin. Mukaan on mahtunut viel\u00e4 <strong>John Coltranen<\/strong> balladi \u201d<em>Central Park West<\/em>\u201d, joka sopii hyvin levyjen yleiseen levolliseen tunnelmaan.<\/p>\n\n\n\n<p>Nordstr\u00f6m soittaa tenori- ja baritonisaksofonien lis\u00e4ksi my\u00f6s klarinettia. Juuri kolmen puupuhaltimen ja Staffan Svenssonin oma\u00e4\u00e4nisen trumpetin erilaiset sekoitukset luovat Dolores-levyille ilmavan ilmeen, jota kitaran kuulas sointi ja kontrabasson l\u00e4mp\u00f6 t\u00e4ydent\u00e4v\u00e4t intiimiksi kamarijazziksi.<\/p>\n\n\n\n<p>Kuten jo levyjen nimist\u00e4 ja kansien visuaalista ratkaisuista voidaan p\u00e4\u00e4tell\u00e4, levyt muodostavat selv\u00e4sti yhteenkuuluvan parin, mink\u00e4 my\u00f6s kuuntelu nopeasti vahvistaa.&nbsp; Molempien levyjen materiaali on tasavahvaa, joten ehdottomien huippujen valitseminen on vaikeaa. Esimerkkein\u00e4 voin kuitenkin nostaa esille ensimm\u00e4isen levyn raidan &#8221;<em>Way Up North<\/em>&#8221; ja toisen levyn avausraita &#8221;<em>Mirus<\/em>&#8221;. Edellisen soundia leimaa Nordstr\u00f6min klarinetti ja Hourdakisin kitara, jotka molemmat vuorollaan soittavat kappaleen hauraan teeman. J\u00e4lkimm\u00e4inen alkaa baritonisaksofonin ja trumpetin duetolla, kappale jatkuu koko kvartetin \u00e4\u00e4rimm\u00e4isen herk\u00e4ll\u00e4 yhtyesoitolla ja lopulta huipentuu tihe\u00e4\u00e4n kitarasooloon.<\/p>\n\n\n\n<p>&#8221;<em>Dolores One<\/em>&#8221; ja &#8221;<em>Dolores Two<\/em>&#8221; ovat molemmat surumielisen kaunista musiikkia, vanhan jazzjaottelun mukaisesti mieluummin viile\u00e4\u00e4 kuin kuumaa. Kvartetti soittaa \u00e4\u00e4nt\u00e4\u00e4n liikoja korottamatta ja tarkasti toisiaan kuunnellen. Musiikki edellytt\u00e4\u00e4 tarkkaa kuuntelua my\u00f6s kuulijalta, sill\u00e4 taustamusiikiksi j\u00e4tettyn\u00e4 levyjen rikkaat ja hienovaraiset vivahteet j\u00e4\u00e4v\u00e4t tavoittamatta.<\/p>\n\n\n\n<p>Vaikka yhdeksi albumiksi tiivist\u00e4minen olisi kenties tuottanut j\u00e4ntev\u00e4mm\u00e4n kokonaisuuden, kannattaa molemmat levyt toki kuunnella. Siksi ne p\u00e4\u00e4sevat Valon kuvia -blogin <a href=\"https:\/\/docs.google.com\/document\/d\/1csU5IF9bDeOMit_7TEPPpiSpIOAfhvUcYNrOJtIlekQ\/edit?usp=sharing\">Vuoden valinnat 2022 -listelle<\/a>.<\/p>\n\n\n\n<p><strong>Fredrik Nordstr\u00f6m<\/strong>: Dolores One &amp; Dolores Two (Bluenord Records, 2021)<br>\n<em>Fredrik Nordstr\u00f6m, tenori- ja baritonisaksofoni, klarinetti, Staffan Svensson, trumpetti, Andreas Hourdakis, kitara, Ilaria Capalbo, basso<\/em><\/p>\n\n\n\n<figure class=\"wp-block-gallery has-nested-images columns-3 is-cropped wp-block-gallery-2 is-layout-flex wp-block-gallery-is-layout-flex\">\n<figure class=\"wp-block-image size-large is-style-default\"><a href=\"https:\/\/i0.wp.com\/www.valonkuvia.fi\/blogi\/wp-content\/uploads\/2022\/01\/dolores1.jpeg?ssl=1\"><img data-recalc-dims=\"1\" loading=\"lazy\" decoding=\"async\" width=\"852\" height=\"852\" data-id=\"19457\" src=\"https:\/\/i0.wp.com\/www.valonkuvia.fi\/blogi\/wp-content\/uploads\/2022\/01\/dolores1.jpeg?resize=852%2C852&#038;ssl=1\" alt=\"\" class=\"wp-image-19457\" srcset=\"https:\/\/i0.wp.com\/www.valonkuvia.fi\/blogi\/wp-content\/uploads\/2022\/01\/dolores1.jpeg?resize=852%2C852&amp;ssl=1 852w, https:\/\/i0.wp.com\/www.valonkuvia.fi\/blogi\/wp-content\/uploads\/2022\/01\/dolores1.jpeg?resize=426%2C426&amp;ssl=1 426w, https:\/\/i0.wp.com\/www.valonkuvia.fi\/blogi\/wp-content\/uploads\/2022\/01\/dolores1.jpeg?resize=150%2C150&amp;ssl=1 150w, https:\/\/i0.wp.com\/www.valonkuvia.fi\/blogi\/wp-content\/uploads\/2022\/01\/dolores1.jpeg?resize=768%2C768&amp;ssl=1 768w, https:\/\/i0.wp.com\/www.valonkuvia.fi\/blogi\/wp-content\/uploads\/2022\/01\/dolores1.jpeg?resize=400%2C400&amp;ssl=1 400w, https:\/\/i0.wp.com\/www.valonkuvia.fi\/blogi\/wp-content\/uploads\/2022\/01\/dolores1.jpeg?resize=96%2C96&amp;ssl=1 96w, https:\/\/i0.wp.com\/www.valonkuvia.fi\/blogi\/wp-content\/uploads\/2022\/01\/dolores1.jpeg?resize=84%2C84&amp;ssl=1 84w, https:\/\/i0.wp.com\/www.valonkuvia.fi\/blogi\/wp-content\/uploads\/2022\/01\/dolores1.jpeg?resize=120%2C120&amp;ssl=1 120w, https:\/\/i0.wp.com\/www.valonkuvia.fi\/blogi\/wp-content\/uploads\/2022\/01\/dolores1.jpeg?resize=50%2C50&amp;ssl=1 50w, https:\/\/i0.wp.com\/www.valonkuvia.fi\/blogi\/wp-content\/uploads\/2022\/01\/dolores1.jpeg?w=1200&amp;ssl=1 1200w\" sizes=\"auto, (max-width: 852px) 100vw, 852px\" \/><\/a><\/figure>\n\n\n\n<figure class=\"wp-block-image size-large is-style-default\"><a href=\"https:\/\/i0.wp.com\/www.valonkuvia.fi\/blogi\/wp-content\/uploads\/2022\/01\/dolores2.jpeg?ssl=1\"><img data-recalc-dims=\"1\" loading=\"lazy\" decoding=\"async\" width=\"852\" height=\"852\" data-id=\"19458\" src=\"https:\/\/i0.wp.com\/www.valonkuvia.fi\/blogi\/wp-content\/uploads\/2022\/01\/dolores2.jpeg?resize=852%2C852&#038;ssl=1\" alt=\"\" class=\"wp-image-19458\" srcset=\"https:\/\/i0.wp.com\/www.valonkuvia.fi\/blogi\/wp-content\/uploads\/2022\/01\/dolores2.jpeg?resize=852%2C852&amp;ssl=1 852w, https:\/\/i0.wp.com\/www.valonkuvia.fi\/blogi\/wp-content\/uploads\/2022\/01\/dolores2.jpeg?resize=426%2C426&amp;ssl=1 426w, https:\/\/i0.wp.com\/www.valonkuvia.fi\/blogi\/wp-content\/uploads\/2022\/01\/dolores2.jpeg?resize=150%2C150&amp;ssl=1 150w, https:\/\/i0.wp.com\/www.valonkuvia.fi\/blogi\/wp-content\/uploads\/2022\/01\/dolores2.jpeg?resize=768%2C768&amp;ssl=1 768w, https:\/\/i0.wp.com\/www.valonkuvia.fi\/blogi\/wp-content\/uploads\/2022\/01\/dolores2.jpeg?resize=400%2C400&amp;ssl=1 400w, https:\/\/i0.wp.com\/www.valonkuvia.fi\/blogi\/wp-content\/uploads\/2022\/01\/dolores2.jpeg?resize=96%2C96&amp;ssl=1 96w, https:\/\/i0.wp.com\/www.valonkuvia.fi\/blogi\/wp-content\/uploads\/2022\/01\/dolores2.jpeg?resize=84%2C84&amp;ssl=1 84w, https:\/\/i0.wp.com\/www.valonkuvia.fi\/blogi\/wp-content\/uploads\/2022\/01\/dolores2.jpeg?resize=120%2C120&amp;ssl=1 120w, https:\/\/i0.wp.com\/www.valonkuvia.fi\/blogi\/wp-content\/uploads\/2022\/01\/dolores2.jpeg?resize=50%2C50&amp;ssl=1 50w, https:\/\/i0.wp.com\/www.valonkuvia.fi\/blogi\/wp-content\/uploads\/2022\/01\/dolores2.jpeg?w=1200&amp;ssl=1 1200w\" sizes=\"auto, (max-width: 852px) 100vw, 852px\" \/><\/a><\/figure>\n<\/figure>\n","protected":false},"excerpt":{"rendered":"<p>Marraskuussa 2020 saksofonisti Fredrik Nordstr\u00f6m kokosi levyst\u00e4 varten mielenkiintoisen kvartetin, jossa yhtyeenjohtajan lis\u00e4ksi soittavat trumpetisti Staffan Svensson, kitaristi Andreas Hourdakis ja italialainen basisti Ilaria Capalbo. Yhtyeess\u00e4 ei siis ole lainkaan rumpalia. Kahden p\u00e4iv\u00e4n sessioista syntyi kaksi albumia, joista &#8221;Dolores One&#8221; ilmestyi viime huhtikuussa ja &#8221;Dolores Two&#8221; marraskuussa. Levyill\u00e4 on yhteens\u00e4 17 kappaletta, jotka ovat l\u00e4hes [&hellip;]<\/p>\n","protected":false},"author":1,"featured_media":0,"comment_status":"open","ping_status":"open","sticky":false,"template":"","format":"standard","meta":{"ngg_post_thumbnail":0,"_jetpack_memberships_contains_paid_content":false,"footnotes":"","jetpack_publicize_message":"","jetpack_publicize_feature_enabled":true,"jetpack_social_post_already_shared":true,"jetpack_social_options":{"image_generator_settings":{"template":"highway","default_image_id":0,"font":"","enabled":false},"version":2}},"categories":[3],"tags":[922,50,645,923,13,49,23,921,14,42],"class_list":["post-19455","post","type-post","status-publish","format-standard","hentry","category-jazz","tag-andreas-hourdakis","tag-basso","tag-fredrik-nordstrom","tag-ilaria-capalbo","tag-jazzlevyt-2","tag-kitara","tag-saksofoni","tag-staffan-svensson","tag-ruotsalainen-jazz","tag-trumpetti"],"jetpack_publicize_connections":[],"jetpack_featured_media_url":"","jetpack_likes_enabled":false,"jetpack_sharing_enabled":true,"_links":{"self":[{"href":"https:\/\/www.valonkuvia.fi\/blogi\/wp-json\/wp\/v2\/posts\/19455","targetHints":{"allow":["GET"]}}],"collection":[{"href":"https:\/\/www.valonkuvia.fi\/blogi\/wp-json\/wp\/v2\/posts"}],"about":[{"href":"https:\/\/www.valonkuvia.fi\/blogi\/wp-json\/wp\/v2\/types\/post"}],"author":[{"embeddable":true,"href":"https:\/\/www.valonkuvia.fi\/blogi\/wp-json\/wp\/v2\/users\/1"}],"replies":[{"embeddable":true,"href":"https:\/\/www.valonkuvia.fi\/blogi\/wp-json\/wp\/v2\/comments?post=19455"}],"version-history":[{"count":16,"href":"https:\/\/www.valonkuvia.fi\/blogi\/wp-json\/wp\/v2\/posts\/19455\/revisions"}],"predecessor-version":[{"id":22734,"href":"https:\/\/www.valonkuvia.fi\/blogi\/wp-json\/wp\/v2\/posts\/19455\/revisions\/22734"}],"wp:attachment":[{"href":"https:\/\/www.valonkuvia.fi\/blogi\/wp-json\/wp\/v2\/media?parent=19455"}],"wp:term":[{"taxonomy":"category","embeddable":true,"href":"https:\/\/www.valonkuvia.fi\/blogi\/wp-json\/wp\/v2\/categories?post=19455"},{"taxonomy":"post_tag","embeddable":true,"href":"https:\/\/www.valonkuvia.fi\/blogi\/wp-json\/wp\/v2\/tags?post=19455"}],"curies":[{"name":"wp","href":"https:\/\/api.w.org\/{rel}","templated":true}]}}