{"id":19614,"date":"2022-02-10T22:50:45","date_gmt":"2022-02-10T20:50:45","guid":{"rendered":"https:\/\/www.valonkuvia.fi\/blogi\/?p=19614"},"modified":"2023-04-01T23:14:35","modified_gmt":"2023-04-01T20:14:35","slug":"ilario-capalbo-jussi-fredriksson-trio","status":"publish","type":"post","link":"https:\/\/www.valonkuvia.fi\/blogi\/ilario-capalbo-jussi-fredriksson-trio\/","title":{"rendered":"Antiikin Karthagosta Saaristomerelle &#8211; Ilario Capalbo &#038; Jussi Fredriksson Trio"},"content":{"rendered":"\n<figure class=\"wp-block-image size-large is-style-default\"><img data-recalc-dims=\"1\" loading=\"lazy\" decoding=\"async\" width=\"852\" height=\"569\" src=\"https:\/\/i0.wp.com\/www.valonkuvia.fi\/blogi\/wp-content\/uploads\/2022\/02\/Karthago_landscape_KlaudiaRychlik.jpg?resize=852%2C569&#038;ssl=1\" alt=\"\" class=\"wp-image-19616\" srcset=\"https:\/\/i0.wp.com\/www.valonkuvia.fi\/blogi\/wp-content\/uploads\/2022\/02\/Karthago_landscape_KlaudiaRychlik.jpg?resize=852%2C569&amp;ssl=1 852w, https:\/\/i0.wp.com\/www.valonkuvia.fi\/blogi\/wp-content\/uploads\/2022\/02\/Karthago_landscape_KlaudiaRychlik.jpg?resize=426%2C284&amp;ssl=1 426w, https:\/\/i0.wp.com\/www.valonkuvia.fi\/blogi\/wp-content\/uploads\/2022\/02\/Karthago_landscape_KlaudiaRychlik.jpg?resize=768%2C513&amp;ssl=1 768w, https:\/\/i0.wp.com\/www.valonkuvia.fi\/blogi\/wp-content\/uploads\/2022\/02\/Karthago_landscape_KlaudiaRychlik.jpg?w=1500&amp;ssl=1 1500w\" sizes=\"auto, (max-width: 852px) 100vw, 852px\" \/><figcaption class=\"wp-element-caption\">Ilaria Capalbo. Kuva: Klaudia Rychlik<\/figcaption><\/figure>\n\n\n\n<p>Valitsin t\u00e4ll\u00e4 kertaa samaan esittelyyn kaksi albumia, joilla n\u00e4ytt\u00e4\u00e4 ensisilm\u00e4yksell\u00e4 olevan vain v\u00e4h\u00e4n yhteist\u00e4. Pianisti <strong>Jussi Fredrikssonin<\/strong> johtama trion musiikki liittyy selke\u00e4sti pohjoismaisten pianotriojen perinteeseen, josta Tukholmaan asettuneen italialaisen basistin <strong>Ilaria Capalbon<\/strong> ruotsalaisen kvintetin l\u00e4mmin soundi on varsin kaukana . <\/p>\n\n\n\n<p>Tarkemmin ajatellen l\u00f6ytyy projekteista kuitenkin aika lailla yhdist\u00e4vi\u00e4 piirteit\u00e4. Molemmat yhtyeet soittavat selv\u00e4sti jazzin totuttujen raja-aitojen sis\u00e4lle asettuvaa musiikkia. Molempien nykyjazz perustuu yhtyeenjohtajien omien s\u00e4vellyksiin; kummallakaan levyll\u00e4 ei kuulla tulkintoja standardeista tai muista lainakappaleista. Lis\u00e4ksi molemmat s\u00e4velt\u00e4j\u00e4t kertovat hakeneensa innoitusta musiikin ulkopuolelta eli levyill\u00e4 on selke\u00e4 musiikin ulkopuolelle viittaava sanoma.<\/p>\n\n\n\n<figure class=\"wp-block-pullquote is-style-default\" style=\"letter-spacing:3px\"><blockquote><p><em>Kuulijalle j\u00e4\u00e4 tietenkin t\u00e4ysi vapaus valita musiikkiin oma, s\u00e4velt\u00e4j\u00e4n tarkoituksista riippumaton n\u00e4k\u00f6kulmansa.<\/em><\/p><\/blockquote><\/figure>\n\n\n\n<p>Ilaria Capalba on s\u00e4velt\u00e4ess\u00e4\u00e4n inspiroitunut antiikin historiasta tutun Karthagon kaupungin osin myyttien h\u00e4m\u00e4r\u00e4\u00e4n vaipuneista vaiheista. Jussi Fredrikssonin s\u00e4vellykset puolestaan kumpuavat niin Saaristomeren luonnon kauneudesta kuin siit\u00e4 huolesta, jota s\u00e4velt\u00e4j\u00e4 t\u00e4m\u00e4n ainutlaatuisen luonnonymp\u00e4rist\u00f6n puolesta tuntee.  Soitinmusiikki ilman laulutekstej\u00e4 on kuitenkin niin abstraktia ilmaisua, ett\u00e4 voi hyvin kysy\u00e4, kuinka hyvin viittaukset historiaan ja ymp\u00e4rist\u00f6nsuojeluun avautuvat kuulijalle ilman levykansien tai tiedotteiden apua. <\/p>\n\n\n\n<p style=\"font-size:clamp(14px, 0.875rem + ((1vw - 3.2px) * 0.227), 16px);\">Tieto s\u00e4velt\u00e4j\u00e4n ajatuksenjuoksusta varmasti rikastaa kuulijan kokemusta, vaikka kuulijalle j\u00e4\u00e4 toki t\u00e4ysi vapaus valita musiikkiin oma, s\u00e4velt\u00e4j\u00e4n tarkoituksista riippumaton n\u00e4k\u00f6kulmansa. Kuulijan ei ole pakko muistella valtaansa kasvattavan Rooman edess\u00e4 sortuvan Karthagon kohtaloa tai jakaa huolta It\u00e4meren tilasta. P\u00e4\u00e4tin kuitenkin pit\u00e4\u00e4 s\u00e4velt\u00e4jien ilmaisemat ajatukset mieless\u00e4ni, kun n\u00e4it\u00e4 erinomaisia albumeja kuuntelin.<\/p>\n\n\n\n<figure class=\"wp-block-image aligncenter size-large is-resized is-style-default\"><img data-recalc-dims=\"1\" loading=\"lazy\" decoding=\"async\" src=\"https:\/\/i0.wp.com\/www.valonkuvia.fi\/blogi\/wp-content\/uploads\/2022\/02\/karthago.jpeg?resize=426%2C426&#038;ssl=1\" alt=\"\" class=\"wp-image-19628\" width=\"426\" height=\"426\" srcset=\"https:\/\/i0.wp.com\/www.valonkuvia.fi\/blogi\/wp-content\/uploads\/2022\/02\/karthago.jpeg?resize=852%2C852&amp;ssl=1 852w, https:\/\/i0.wp.com\/www.valonkuvia.fi\/blogi\/wp-content\/uploads\/2022\/02\/karthago.jpeg?resize=426%2C426&amp;ssl=1 426w, https:\/\/i0.wp.com\/www.valonkuvia.fi\/blogi\/wp-content\/uploads\/2022\/02\/karthago.jpeg?resize=150%2C150&amp;ssl=1 150w, https:\/\/i0.wp.com\/www.valonkuvia.fi\/blogi\/wp-content\/uploads\/2022\/02\/karthago.jpeg?resize=768%2C768&amp;ssl=1 768w, https:\/\/i0.wp.com\/www.valonkuvia.fi\/blogi\/wp-content\/uploads\/2022\/02\/karthago.jpeg?resize=400%2C400&amp;ssl=1 400w, https:\/\/i0.wp.com\/www.valonkuvia.fi\/blogi\/wp-content\/uploads\/2022\/02\/karthago.jpeg?resize=96%2C96&amp;ssl=1 96w, https:\/\/i0.wp.com\/www.valonkuvia.fi\/blogi\/wp-content\/uploads\/2022\/02\/karthago.jpeg?resize=84%2C84&amp;ssl=1 84w, https:\/\/i0.wp.com\/www.valonkuvia.fi\/blogi\/wp-content\/uploads\/2022\/02\/karthago.jpeg?resize=120%2C120&amp;ssl=1 120w, https:\/\/i0.wp.com\/www.valonkuvia.fi\/blogi\/wp-content\/uploads\/2022\/02\/karthago.jpeg?w=1200&amp;ssl=1 1200w\" sizes=\"auto, (max-width: 426px) 100vw, 426px\" \/><\/figure>\n\n\n\n<p style=\"font-size:clamp(14px, 0.875rem + ((1vw - 3.2px) * 0.227), 16px);\">Kuulin Ilaria Capalbon soittoa \u00e4skett\u00e4in ensimm\u00e4isen kerran saksofonisti <strong>Fredrik Nordstr\u00f6min<\/strong> &#8221;<a href=\"https:\/\/www.valonkuvia.fi\/blogi\/fredrik-nordstrom-dolores-one-dolores-two-bluenord-records-2021\/\"><em>Dolores One &amp; Two<\/em><\/a>&#8221; -levyill\u00e4, joiden muusikoista Nordstr\u00f6m ja kitaristi <strong>Andreas Hourdakis<\/strong> soittavat nyt my\u00f6s Capalbon debyytill\u00e4 &#8221;<em>Karthago<\/em>&#8221;. Lis\u00e4ksi yhtyeess\u00e4 soittavat saksofonisti <strong>Thomas Backman<\/strong> ja rumpali <strong>Fredrik Rundqvist<\/strong> sek\u00e4 kornetisti <strong>Tobias Wiklund<\/strong> ja pasunisti <strong>Mats \u00c4leklint<\/strong>, jotka vierailevat laventamassa yhtyeen sointia avausraidalla &#8221;<em>Beloved<\/em>&#8221;.<\/p>\n\n\n\n<figure class=\"wp-block-pullquote is-style-default\" style=\"font-style:normal;font-weight:200;letter-spacing:2px\"><blockquote><p>Kokonaisen kaupunkivaltion tuhoon p\u00e4\u00e4ttynyt kehityskulku pukeutuu Capalbon s\u00e4vellyksiss\u00e4 rauhalliseen ja surumieliseen asuun<\/p><\/blockquote><\/figure>\n\n\n\n<p style=\"font-size:clamp(14px, 0.875rem + ((1vw - 3.2px) * 0.227), 16px);\">Levyn l\u00e4mmin soundi ja koruttoman melodiset s\u00e4velm\u00e4t liitt\u00e4v\u00e4t musiikin siihen eurooppalaisen jazzin perinteeseen, jossa vaikutteita otetaan niin kamarimusiikin kuin kansanmusiikin maailmasta. N\u00e4in kokonaisen kaupunkivaltion tuhoon p\u00e4\u00e4ttynyt kehityskulku pukeutuu Capalbon s\u00e4vellyksiss\u00e4 varsin rauhalliseen ja surumieliseen asuun.<\/p>\n\n\n\n<p>Andreas Hourdakisin s\u00e4hk\u00f6kitarakin kietoutuu yleens\u00e4 lempe\u00e4sti yhteen puhaltimien kanssa, vain nimiraidan vaikuttavassa huipennuksessa raastavat kitara ja saksofonit rikki musiikin tyynt\u00e4 ilmett\u00e4. T\u00e4llaista draamaa olisi levylle kaivannut enemm\u00e4nkin kontrastiksi muuten niin levolliselle pohdiskelulle. <\/p>\n\n\n\n<p><strong>Ilaria Capalbo<\/strong>: Karthago (Bluenord Records, 2022)<br><em>Ilaria Capalbo, basso, Thomas Backman, alttosaksofoni, klarinetti, Fredrik Nordstr\u00f6m, tenori- ja baritonisaksofoni, Andreas Hourdakis, kitara, Fredrik Rundqvist, rummut + Tobias Wiklund, kornetti, Mats \u00c4leklint, pasuuna<\/em><\/p>\n\n\n\n<figure class=\"wp-block-image aligncenter size-large is-resized is-style-default\"><img data-recalc-dims=\"1\" loading=\"lazy\" decoding=\"async\" src=\"https:\/\/i0.wp.com\/www.valonkuvia.fi\/blogi\/wp-content\/uploads\/2022\/02\/jussifredrikssintrio-archipelago.jpeg?resize=426%2C426&#038;ssl=1\" alt=\"\" class=\"wp-image-19636\" width=\"426\" height=\"426\" srcset=\"https:\/\/i0.wp.com\/www.valonkuvia.fi\/blogi\/wp-content\/uploads\/2022\/02\/jussifredrikssintrio-archipelago.jpeg?resize=852%2C852&amp;ssl=1 852w, https:\/\/i0.wp.com\/www.valonkuvia.fi\/blogi\/wp-content\/uploads\/2022\/02\/jussifredrikssintrio-archipelago.jpeg?resize=426%2C426&amp;ssl=1 426w, https:\/\/i0.wp.com\/www.valonkuvia.fi\/blogi\/wp-content\/uploads\/2022\/02\/jussifredrikssintrio-archipelago.jpeg?resize=150%2C150&amp;ssl=1 150w, https:\/\/i0.wp.com\/www.valonkuvia.fi\/blogi\/wp-content\/uploads\/2022\/02\/jussifredrikssintrio-archipelago.jpeg?resize=768%2C768&amp;ssl=1 768w, https:\/\/i0.wp.com\/www.valonkuvia.fi\/blogi\/wp-content\/uploads\/2022\/02\/jussifredrikssintrio-archipelago.jpeg?resize=400%2C400&amp;ssl=1 400w, https:\/\/i0.wp.com\/www.valonkuvia.fi\/blogi\/wp-content\/uploads\/2022\/02\/jussifredrikssintrio-archipelago.jpeg?resize=96%2C96&amp;ssl=1 96w, https:\/\/i0.wp.com\/www.valonkuvia.fi\/blogi\/wp-content\/uploads\/2022\/02\/jussifredrikssintrio-archipelago.jpeg?resize=84%2C84&amp;ssl=1 84w, https:\/\/i0.wp.com\/www.valonkuvia.fi\/blogi\/wp-content\/uploads\/2022\/02\/jussifredrikssintrio-archipelago.jpeg?resize=120%2C120&amp;ssl=1 120w, https:\/\/i0.wp.com\/www.valonkuvia.fi\/blogi\/wp-content\/uploads\/2022\/02\/jussifredrikssintrio-archipelago.jpeg?w=1200&amp;ssl=1 1200w\" sizes=\"auto, (max-width: 426px) 100vw, 426px\" \/><\/figure>\n\n\n\n<p>&#8221;<em>Archipelago Sea Tales<\/em>&#8221; Jussi Fredrikssonin trion kolmas albumi, jonka musiikin Fredriksson siis liitt\u00e4\u00e4 vahvasti Saaristomeren maisemiin ja merellist\u00e4 luontoa vaarantaviin ymp\u00e4rist\u00f6uhkiin. Teemaa k\u00e4sittelee levyn tummas\u00e4vyinen avaus &#8221;<em>Dead Sea<\/em>&#8221;, joka hiljentyy suremaan meriymp\u00e4rist\u00f6n tuhon \u00e4\u00e4rell\u00e4. Kappaleella p\u00e4\u00e4sev\u00e4t erityisesti esille <strong>Jori Huhtalan<\/strong> basson lohdullinen soundi ja <strong>Mika Kallion<\/strong> v\u00e4h\u00e4eleiset ly\u00f6m\u00e4soittimet .<\/p>\n\n\n\n<p>Suru ei kuitenkaan leimaa koko albumia, sill\u00e4 jo toinen raita &#8221;<em>Splatter<\/em>&#8221; svengaa ja p\u00e4rsk\u00e4htelee vapautuneesti. Ja heti per\u00e4\u00e4n kipakka &#8221;<em>K\u00e4kk\u00e4r\u00e4m\u00e4nty<\/em>&#8221; tavoittaa avaralla luodolla kasvaneen puun vapaita luonnonmuotoja ja s\u00e4velm\u00e4n yll\u00e4tt\u00e4v\u00e4 kulmikkuus viittaa <strong>Thelonious Monkin<\/strong> suuntaan. <\/p>\n\n\n\n<p>Albumin musiikki siis &#8221;<em>kertoo<\/em>&#8221; merellisist\u00e4 teemoista, jos kuulija niin tahtoo kuunnella. Toisaalta on mahdollista ottaa musiikki puhtaasti vain musiikkina. Kuulija voi antautua svengin viet\u00e4v\u00e4ksi (esim. &#8221;<em>Red Ochra<\/em>&#8221; ja &#8221;<em>Chase<\/em>&#8221;), ihastella taitavan trion yhteist\u00e4 hengityst\u00e4 tai keinahdella &#8221;<em>Korpo Waltzin<\/em>&#8221; viile\u00e4n pohjoismaisessa tahdissa.  Itse kuuntelen musiikkia mieluummin musiikkina ilman suuria kertomuksia ja molemmat esill\u00e4 olevat levyt toimivat mainiosti my\u00f6s n\u00e4in kuunneltuina.<\/p>\n\n\n\n<p><strong>Jussi Fredriksson Trio<\/strong>: Archipelago Sea Tales (Flame Jazz Records, 2021)<br><em>Jussi Fredriksson, piano, Jori Huhtala, basso, Mika Kallio, rummut<\/em><\/p>\n\n\n\n<figure class=\"wp-block-image size-full is-style-default\"><img data-recalc-dims=\"1\" loading=\"lazy\" decoding=\"async\" width=\"640\" height=\"427\" src=\"https:\/\/i0.wp.com\/www.valonkuvia.fi\/blogi\/wp-content\/uploads\/2019\/09\/ilosaari2019_3.jpg?resize=640%2C427&#038;ssl=1\" alt=\"\" class=\"wp-image-14382\" srcset=\"https:\/\/i0.wp.com\/www.valonkuvia.fi\/blogi\/wp-content\/uploads\/2019\/09\/ilosaari2019_3.jpg?w=640&amp;ssl=1 640w, https:\/\/i0.wp.com\/www.valonkuvia.fi\/blogi\/wp-content\/uploads\/2019\/09\/ilosaari2019_3.jpg?resize=426%2C284&amp;ssl=1 426w\" sizes=\"auto, (max-width: 640px) 100vw, 640px\" \/><figcaption class=\"wp-element-caption\">Jussi Fredriksson Joensuussa syksyll\u00e4 2019<\/figcaption><\/figure>\n\n\n\n<p>Molemmat levyt p\u00e4\u00e4tyiv\u00e4t Valon kuvia -blogin &#8221;<em>Vuoden valinnat 2022<\/em>&#8221; -listalle. Katso, mit\u00e4 muita levyj\u00e4 siell\u00e4 jo on:  &#8221;<em><a href=\"https:\/\/docs.google.com\/document\/d\/1csU5IF9bDeOMit_7TEPPpiSpIOAfhvUcYNrOJtIlekQ\/edit?usp=sharing\">Vuoden valinnat 2022<\/a><\/em>&#8221;.<\/p>\n\n\n\n<p><\/p>\n","protected":false},"excerpt":{"rendered":"<p>Valitsin t\u00e4ll\u00e4 kertaa samaan esittelyyn kaksi albumia, joilla n\u00e4ytt\u00e4\u00e4 ensisilm\u00e4yksell\u00e4 olevan vain v\u00e4h\u00e4n yhteist\u00e4. Pianisti Jussi Fredrikssonin johtama trion musiikki liittyy selke\u00e4sti pohjoismaisten pianotriojen perinteeseen, josta Tukholmaan asettuneen italialaisen basistin Ilaria Capalbon ruotsalaisen kvintetin l\u00e4mmin soundi on varsin kaukana . Tarkemmin ajatellen l\u00f6ytyy projekteista kuitenkin aika lailla yhdist\u00e4vi\u00e4 piirteit\u00e4. Molemmat yhtyeet soittavat selv\u00e4sti jazzin totuttujen [&hellip;]<\/p>\n","protected":false},"author":1,"featured_media":0,"comment_status":"open","ping_status":"open","sticky":false,"template":"","format":"standard","meta":{"ngg_post_thumbnail":0,"_jetpack_memberships_contains_paid_content":false,"footnotes":"","jetpack_publicize_message":"","jetpack_publicize_feature_enabled":true,"jetpack_social_post_already_shared":true,"jetpack_social_options":{"image_generator_settings":{"template":"highway","default_image_id":0,"font":"","enabled":false},"version":2}},"categories":[3],"tags":[922,80,699,645,647,923,13,380,123,486,18,14,841],"class_list":["post-19614","post","type-post","status-publish","format-standard","hentry","category-jazz","tag-andreas-hourdakis","tag-eurooppalainen-jazz","tag-flame-jazz-records","tag-fredrik-nordstrom","tag-fredrik-rundqvist","tag-ilaria-capalbo","tag-jazzlevyt-2","tag-jori-huhtala","tag-jussi-fredriksson","tag-mika-kallio","tag-suomalainen-jazz","tag-ruotsalainen-jazz","tag-thomas-backman"],"jetpack_publicize_connections":[],"jetpack_featured_media_url":"","jetpack_likes_enabled":false,"jetpack_sharing_enabled":true,"_links":{"self":[{"href":"https:\/\/www.valonkuvia.fi\/blogi\/wp-json\/wp\/v2\/posts\/19614","targetHints":{"allow":["GET"]}}],"collection":[{"href":"https:\/\/www.valonkuvia.fi\/blogi\/wp-json\/wp\/v2\/posts"}],"about":[{"href":"https:\/\/www.valonkuvia.fi\/blogi\/wp-json\/wp\/v2\/types\/post"}],"author":[{"embeddable":true,"href":"https:\/\/www.valonkuvia.fi\/blogi\/wp-json\/wp\/v2\/users\/1"}],"replies":[{"embeddable":true,"href":"https:\/\/www.valonkuvia.fi\/blogi\/wp-json\/wp\/v2\/comments?post=19614"}],"version-history":[{"count":38,"href":"https:\/\/www.valonkuvia.fi\/blogi\/wp-json\/wp\/v2\/posts\/19614\/revisions"}],"predecessor-version":[{"id":20635,"href":"https:\/\/www.valonkuvia.fi\/blogi\/wp-json\/wp\/v2\/posts\/19614\/revisions\/20635"}],"wp:attachment":[{"href":"https:\/\/www.valonkuvia.fi\/blogi\/wp-json\/wp\/v2\/media?parent=19614"}],"wp:term":[{"taxonomy":"category","embeddable":true,"href":"https:\/\/www.valonkuvia.fi\/blogi\/wp-json\/wp\/v2\/categories?post=19614"},{"taxonomy":"post_tag","embeddable":true,"href":"https:\/\/www.valonkuvia.fi\/blogi\/wp-json\/wp\/v2\/tags?post=19614"}],"curies":[{"name":"wp","href":"https:\/\/api.w.org\/{rel}","templated":true}]}}