{"id":19726,"date":"2022-03-16T23:29:28","date_gmt":"2022-03-16T21:29:28","guid":{"rendered":"https:\/\/www.valonkuvia.fi\/blogi\/?p=19726"},"modified":"2022-03-16T23:47:10","modified_gmt":"2022-03-16T21:47:10","slug":"koma-saxo-with-sofia-jernberg-koma-west-we-jazz-2022","status":"publish","type":"post","link":"https:\/\/www.valonkuvia.fi\/blogi\/koma-saxo-with-sofia-jernberg-koma-west-we-jazz-2022\/","title":{"rendered":"Koma Saxo with Sofia Jernberg: Koma West (We Jazz, 2022)"},"content":{"rendered":"\n<figure class=\"wp-block-image size-full is-style-default\"><img data-recalc-dims=\"1\" loading=\"lazy\" decoding=\"async\" width=\"640\" height=\"422\" src=\"https:\/\/i0.wp.com\/www.valonkuvia.fi\/blogi\/wp-content\/uploads\/2022\/03\/Koma-Saxo-photo1-Juho-Luukkainen.jpg?resize=640%2C422&#038;ssl=1\" alt=\"\" class=\"wp-image-19728\" srcset=\"https:\/\/i0.wp.com\/www.valonkuvia.fi\/blogi\/wp-content\/uploads\/2022\/03\/Koma-Saxo-photo1-Juho-Luukkainen.jpg?w=640&amp;ssl=1 640w, https:\/\/i0.wp.com\/www.valonkuvia.fi\/blogi\/wp-content\/uploads\/2022\/03\/Koma-Saxo-photo1-Juho-Luukkainen.jpg?resize=426%2C281&amp;ssl=1 426w\" sizes=\"auto, (max-width: 640px) 100vw, 640px\" \/><figcaption> Koma Saxo. Kuva: Juha Luukkainen<\/figcaption><\/figure>\n\n\n\n<p>Ruotsalaisen basistin, s\u00e4velt\u00e4j\u00e4n ja tuottajan <strong>Petter Eldhin<\/strong> luotsaama Koma Saxo on viime vuosien j\u00e4nnitt\u00e4vimpi\u00e4 \u00e4\u00e4ni\u00e4 uusia suuntia hakevan jazzin kent\u00e4ll\u00e4. Yhtyeen ensimm\u00e4inen albumi &#8221;<em><a href=\"https:\/\/www.valonkuvia.fi\/blogi\/koma-saxo-2019\/\" data-type=\"post\" data-id=\"14361\">Petter Eldh Presents Koma Saxo<\/a><\/em>&#8221; oli omaper\u00e4inen kollaasi, jolla akustiset soittimet ja \u00e4\u00e4nten muokkaamisen elektroniset mahdollisuudet yhdistyiv\u00e4t luovalla tavalla. Toinen albumi &#8221;<em><a href=\"https:\/\/www.valonkuvia.fi\/blogi\/koma-saxo-live-we-jazz-2021\/\" data-type=\"post\" data-id=\"18246\">Live<\/a><\/em>&#8221; oli puolestaan rosoinen ja paljas, l\u00e4hes kokonaan akustinen konsertti\u00e4\u00e4nite, joka onnistui v\u00e4litt\u00e4m\u00e4\u00e4n yhtyeen intensiteetin vahvana kotisohvalle saakka.<\/p>\n\n\n\n<p>Kolmannalla levyll\u00e4\u00e4n Koma Saxo toisaalta palaa ensimm\u00e4isen levyn kaltaiseen akustisia soittimia ja s\u00e4hk\u00f6isi\u00e4 tehokeinoja yhdist\u00e4v\u00e4\u00e4n tuotantotekniikkaa ja toisaalta ottaa askeleita my\u00f6s uuteen suuntaan. Yhtyeen soundia laventaa \u00e4\u00e4nitaiteilija\/laulaja <strong>Sofia Jernberg<\/strong>, jonka itse muistan vuosien takaa Kalottjazz &amp; Blues -festivaaleilta ja omaper\u00e4isest\u00e4 Paavo-yhtyeest\u00e4. Levyll\u00e4 on mukana my\u00f6s muita vierailevia muusikoita, kun pianisti <strong>Kit Davies <\/strong>sek\u00e4 sellisti <strong>Lucy Railton<\/strong> ja viulisti <strong>Maria Reich<\/strong> soittavat kahdella raidalla ja Petter Eldhin \u00e4iti <strong>Kiki Eldh<\/strong> harmonikkansa kanssa yhdell\u00e4 kappaleella.<\/p>\n\n\n\n<figure class=\"wp-block-pullquote is-style-default has-medium-gray-color has-text-color\" style=\"font-style:normal;font-weight:300\"><blockquote><p>&#8230; kiehtova kokonaisuus nousee t\u00e4rke\u00e4mm\u00e4ksi kuin yksitt\u00e4isten muusikoiden \u00e4\u00e4ni &#8230;<\/p><\/blockquote><\/figure>\n\n\n\n<p>Levyll\u00e4 on nelj\u00e4toista lyhyehk\u00f6\u00e4 raitaa, jotka kest\u00e4v\u00e4t reilusta minuutista nelj\u00e4\u00e4n ja puoleen minuuttiin. Albumi muodostaa v\u00e4rikk\u00e4\u00e4n ja levottomasti liikkuvan elokuvallisen \u00e4\u00e4nikohtausten virran, josta syntyv\u00e4 kiehtova kokonaisuus nousee t\u00e4rke\u00e4mm\u00e4ksi kuin yksitt\u00e4isten muusikoiden \u00e4\u00e4ni, kuten tavanomaisemman jazzin ytimeen kuuluvat soolot. <\/p>\n\n\n\n<p>Koma Saxo toteuttaa &#8221;<em>Koma Westill\u00e4<\/em>&#8221; enemm\u00e4n siis Eldhin visiota kuin yhtyeen yhteist\u00e4 n\u00e4k\u00f6kulmaa, ainakin jos uutuutta verrataan varsin kollektiiviselta ponnistukselta kuulostaneeseen livelevyyn. L\u00e4hes kaikki levyn s\u00e4vellykset ovat Eldhin k\u00e4sialaa ja mukana on vain yksi lainakappale. Viisulaulaja <strong>Fritz Sj\u00f6str\u00f6min<\/strong> \u201d<em>N\u00e4rhet<\/em>\u201d kansanmusiikin vaikutteineen liittyy levyn teemaan eli Petter Eldhin kotiseutuun Ruotsin l\u00e4nsirannikolla, mihin albumin nimikin viittaa. Siin\u00e4 Jernberg p\u00e4\u00e4see esille laulutekstin tulkitsijana, muulloinhan Jernbergin kuulas \u00e4\u00e4ni sekoittuu yhtyeen soundiin yhten\u00e4 instrumenttina muiden mukana.<\/p>\n\n\n\n<figure class=\"wp-block-image size-full is-style-default\"><img data-recalc-dims=\"1\" loading=\"lazy\" decoding=\"async\" width=\"640\" height=\"459\" src=\"https:\/\/i0.wp.com\/www.valonkuvia.fi\/blogi\/wp-content\/uploads\/2022\/03\/Koma-Saxo-WJ2021-by-Maarit-Kyto%CC%88harju-6249.jpg?resize=640%2C459&#038;ssl=1\" alt=\"\" class=\"wp-image-19731\" srcset=\"https:\/\/i0.wp.com\/www.valonkuvia.fi\/blogi\/wp-content\/uploads\/2022\/03\/Koma-Saxo-WJ2021-by-Maarit-Kyto%CC%88harju-6249.jpg?w=640&amp;ssl=1 640w, https:\/\/i0.wp.com\/www.valonkuvia.fi\/blogi\/wp-content\/uploads\/2022\/03\/Koma-Saxo-WJ2021-by-Maarit-Kyto%CC%88harju-6249.jpg?resize=426%2C306&amp;ssl=1 426w\" sizes=\"auto, (max-width: 640px) 100vw, 640px\" \/><figcaption>Sofia Jernberg. Kuva: Maarit Kyt\u00f6harju<\/figcaption><\/figure>\n\n\n\n<p>&#8221;<em>Koma West<\/em>&#8221; p\u00e4\u00e4see tietenkin Valon kuvia -blogin kuuntelusuositusten listalle. Katso samalla kaikki muutkin alkuvuoden ehdotukset: &#8221;<em><a href=\"https:\/\/docs.google.com\/document\/d\/1csU5IF9bDeOMit_7TEPPpiSpIOAfhvUcYNrOJtIlekQ\/edit?usp=sharing\">Vuoden valinnat 2022<\/a><\/em>&#8221;.<\/p>\n\n\n\n<p><strong>Koma Saxo with Sofia Jernberg<\/strong>: Koma West (We Jazz, 2022)<br><em>Petter Eldh, bass, sampleri, piano, ly\u00f6m\u00e4soittimet, Sofia Jernberg, \u00e4\u00e4ni, Christian Lillinger, rummut, Otis Sandsj\u00f6, tenorisaksofoni, alttoklarinetti, Jonas Kullhammar, tenorisaksofoni, huilu, slide-saksofoni, Mikko Innanen &#8211; altto- ja sopraniinosaksofoni + Lucy Railton, sello, Maria Reich, viulu, Kiki Eldh, haitari, Kit Downes, piano<\/em><\/p>\n\n\n\n<div class=\"wp-block-image is-style-default\"><figure class=\"aligncenter size-medium\"><a href=\"https:\/\/i0.wp.com\/www.valonkuvia.fi\/blogi\/wp-content\/uploads\/2022\/03\/Koma-West-album-cover.jpg?ssl=1\"><img data-recalc-dims=\"1\" loading=\"lazy\" decoding=\"async\" width=\"426\" height=\"426\" src=\"https:\/\/i0.wp.com\/www.valonkuvia.fi\/blogi\/wp-content\/uploads\/2022\/03\/Koma-West-album-cover.jpg?resize=426%2C426&#038;ssl=1\" alt=\"\" class=\"wp-image-19729\" srcset=\"https:\/\/i0.wp.com\/www.valonkuvia.fi\/blogi\/wp-content\/uploads\/2022\/03\/Koma-West-album-cover.jpg?resize=426%2C426&amp;ssl=1 426w, https:\/\/i0.wp.com\/www.valonkuvia.fi\/blogi\/wp-content\/uploads\/2022\/03\/Koma-West-album-cover.jpg?resize=852%2C852&amp;ssl=1 852w, https:\/\/i0.wp.com\/www.valonkuvia.fi\/blogi\/wp-content\/uploads\/2022\/03\/Koma-West-album-cover.jpg?resize=150%2C150&amp;ssl=1 150w, https:\/\/i0.wp.com\/www.valonkuvia.fi\/blogi\/wp-content\/uploads\/2022\/03\/Koma-West-album-cover.jpg?resize=768%2C768&amp;ssl=1 768w, https:\/\/i0.wp.com\/www.valonkuvia.fi\/blogi\/wp-content\/uploads\/2022\/03\/Koma-West-album-cover.jpg?resize=400%2C400&amp;ssl=1 400w, https:\/\/i0.wp.com\/www.valonkuvia.fi\/blogi\/wp-content\/uploads\/2022\/03\/Koma-West-album-cover.jpg?resize=96%2C96&amp;ssl=1 96w, https:\/\/i0.wp.com\/www.valonkuvia.fi\/blogi\/wp-content\/uploads\/2022\/03\/Koma-West-album-cover.jpg?resize=84%2C84&amp;ssl=1 84w, https:\/\/i0.wp.com\/www.valonkuvia.fi\/blogi\/wp-content\/uploads\/2022\/03\/Koma-West-album-cover.jpg?resize=120%2C120&amp;ssl=1 120w, https:\/\/i0.wp.com\/www.valonkuvia.fi\/blogi\/wp-content\/uploads\/2022\/03\/Koma-West-album-cover.jpg?w=1500&amp;ssl=1 1500w\" sizes=\"auto, (max-width: 426px) 100vw, 426px\" \/><\/a><\/figure><\/div>\n","protected":false},"excerpt":{"rendered":"<p>Ruotsalaisen basistin, s\u00e4velt\u00e4j\u00e4n ja tuottajan Petter Eldhin luotsaama Koma Saxo on viime vuosien j\u00e4nnitt\u00e4vimpi\u00e4 \u00e4\u00e4ni\u00e4 uusia suuntia hakevan jazzin kent\u00e4ll\u00e4. Yhtyeen ensimm\u00e4inen albumi &#8221;Petter Eldh Presents Koma Saxo&#8221; oli omaper\u00e4inen kollaasi, jolla akustiset soittimet ja \u00e4\u00e4nten muokkaamisen elektroniset mahdollisuudet yhdistyiv\u00e4t luovalla tavalla. Toinen albumi &#8221;Live&#8221; oli puolestaan rosoinen ja paljas, l\u00e4hes kokonaan akustinen konsertti\u00e4\u00e4nite, joka [&hellip;]<\/p>\n","protected":false},"author":1,"featured_media":0,"comment_status":"open","ping_status":"open","sticky":false,"template":"","format":"standard","meta":{"ngg_post_thumbnail":0,"_jetpack_memberships_contains_paid_content":false,"footnotes":"","jetpack_publicize_message":"","jetpack_publicize_feature_enabled":true,"jetpack_social_post_already_shared":true,"jetpack_social_options":{"image_generator_settings":{"template":"highway","default_image_id":0,"font":"","enabled":false},"version":2}},"categories":[3],"tags":[80,13,908,148],"class_list":["post-19726","post","type-post","status-publish","format-standard","hentry","category-jazz","tag-eurooppalainen-jazz","tag-jazzlevyt-2","tag-koma-saxo","tag-we-jazz"],"jetpack_publicize_connections":[],"jetpack_featured_media_url":"","jetpack_likes_enabled":false,"jetpack_sharing_enabled":true,"_links":{"self":[{"href":"https:\/\/www.valonkuvia.fi\/blogi\/wp-json\/wp\/v2\/posts\/19726","targetHints":{"allow":["GET"]}}],"collection":[{"href":"https:\/\/www.valonkuvia.fi\/blogi\/wp-json\/wp\/v2\/posts"}],"about":[{"href":"https:\/\/www.valonkuvia.fi\/blogi\/wp-json\/wp\/v2\/types\/post"}],"author":[{"embeddable":true,"href":"https:\/\/www.valonkuvia.fi\/blogi\/wp-json\/wp\/v2\/users\/1"}],"replies":[{"embeddable":true,"href":"https:\/\/www.valonkuvia.fi\/blogi\/wp-json\/wp\/v2\/comments?post=19726"}],"version-history":[{"count":14,"href":"https:\/\/www.valonkuvia.fi\/blogi\/wp-json\/wp\/v2\/posts\/19726\/revisions"}],"predecessor-version":[{"id":19749,"href":"https:\/\/www.valonkuvia.fi\/blogi\/wp-json\/wp\/v2\/posts\/19726\/revisions\/19749"}],"wp:attachment":[{"href":"https:\/\/www.valonkuvia.fi\/blogi\/wp-json\/wp\/v2\/media?parent=19726"}],"wp:term":[{"taxonomy":"category","embeddable":true,"href":"https:\/\/www.valonkuvia.fi\/blogi\/wp-json\/wp\/v2\/categories?post=19726"},{"taxonomy":"post_tag","embeddable":true,"href":"https:\/\/www.valonkuvia.fi\/blogi\/wp-json\/wp\/v2\/tags?post=19726"}],"curies":[{"name":"wp","href":"https:\/\/api.w.org\/{rel}","templated":true}]}}