{"id":19846,"date":"2022-04-27T14:46:16","date_gmt":"2022-04-27T11:46:16","guid":{"rendered":"https:\/\/www.valonkuvia.fi\/blogi\/?p=19846"},"modified":"2025-07-26T17:49:18","modified_gmt":"2025-07-26T14:49:18","slug":"iskra-rajatonta-improvisaatiota-ruotsista","status":"publish","type":"post","link":"https:\/\/www.valonkuvia.fi\/blogi\/iskra-rajatonta-improvisaatiota-ruotsista\/","title":{"rendered":"Iskra &#8211; rajatonta improvisaatiota Ruotsista"},"content":{"rendered":"\n<figure class=\"wp-block-image size-full is-style-default\"><img data-recalc-dims=\"1\" loading=\"lazy\" decoding=\"async\" width=\"640\" height=\"427\" src=\"https:\/\/i0.wp.com\/www.valonkuvia.fi\/blogi\/wp-content\/uploads\/2022\/04\/iskra.jpg?resize=640%2C427&#038;ssl=1\" alt=\"\" class=\"wp-image-19847\" srcset=\"https:\/\/i0.wp.com\/www.valonkuvia.fi\/blogi\/wp-content\/uploads\/2022\/04\/iskra.jpg?w=640&amp;ssl=1 640w, https:\/\/i0.wp.com\/www.valonkuvia.fi\/blogi\/wp-content\/uploads\/2022\/04\/iskra.jpg?resize=426%2C284&amp;ssl=1 426w\" sizes=\"auto, (max-width: 640px) 100vw, 640px\" \/><\/figure>\n\n\n\n<p>Ruotsalainen Iskra-yhtye soitti pitk\u00e4lti improvisoitua, hyvin vapaata musiikkia. Yhtye perustettiin vuonna 1970, kun kuusi hyvin eri taustoista tulevaa, eri-ik\u00e4ist\u00e4 muusikkoa kiinnostui yhteisest\u00e4 improvisaatiosta. Innoituksensa he saivat osin amerikkalaisesta free jazzista (kuten Art Ensemble of Chicago) sek\u00e4 osin eurooppalaisesta improvisaatiosta ja nykymusiikista.  <\/p>\n\n\n\n<p>Yhtyeen vanhempia muusikoita olivat saksofonisti <strong>Allan Olsson<\/strong> ja rumpali <strong>Sune Sp\u00e5ngberg<\/strong>, joilla molemmilla oli laajaa kokemusta perinteisen jazzin soittamisesta. Yhtyeen nuoriso-osastoon kuului kaksi basistia, <strong>Arvid Uggla<\/strong> ja tornionjokilaaksosta Oulun ja Sibelius-Akatemian kautta Tukholmaan p\u00e4\u00e4tynyt <strong>Tuomo Haapala<\/strong>. Perustajiin kuuluivat viel\u00e4 <strong>J\u00f6rgen Adolfsson<\/strong> ja lyhyen aikaan mukana ollut <strong>Philip Wahren<\/strong>. My\u00f6hemmin mukaan tuli viel\u00e4 trumpetisti <strong>Tommy Adolfsson<\/strong> (ei sukua J\u00f6rgenille). Kaikki yhtyeen muusikot soittivat monia eri soittimia, joista jotkut olivat itse rakennettuja tai ty\u00f6kalupakista l\u00f6ydettyj\u00e4.<\/p>\n\n\n\n<div class=\"wp-block-image is-style-default\"><figure class=\"aligncenter size-large is-resized\"><img data-recalc-dims=\"1\" loading=\"lazy\" decoding=\"async\" src=\"https:\/\/i0.wp.com\/www.valonkuvia.fi\/blogi\/wp-content\/uploads\/2012\/04\/031.jpg?resize=643%2C429&#038;ssl=1\" alt=\"\" class=\"wp-image-2846\" width=\"643\" height=\"429\" srcset=\"https:\/\/i0.wp.com\/www.valonkuvia.fi\/blogi\/wp-content\/uploads\/2012\/04\/031.jpg?resize=600%2C400&amp;ssl=1 600w, https:\/\/i0.wp.com\/www.valonkuvia.fi\/blogi\/wp-content\/uploads\/2012\/04\/031.jpg?resize=300%2C200&amp;ssl=1 300w, https:\/\/i0.wp.com\/www.valonkuvia.fi\/blogi\/wp-content\/uploads\/2012\/04\/031.jpg?w=900&amp;ssl=1 900w\" sizes=\"auto, (max-width: 643px) 100vw, 643px\" \/><figcaption>Iskra; Sune Sp\u00e5ngberg ja J\u00f6rgen Adolphsson. Kalottjazz &amp; Blues Festival 1987, Aineen taidemuseo, Tornio<\/figcaption><\/figure><\/div>\n\n\n\n<p>Yhtyett\u00e4 pitk\u00e4\u00e4n l\u00e4helt\u00e4 seurannut kulttuuritoimittaja <strong>Bo C. Bengtsson<\/strong> kirjoitti muutama vuosi sitten pienen kirjan Iskran vaiheista. Kirja on siin\u00e4 mieless\u00e4 pieni, ett\u00e4 sen 180 sivusta hyvinkin puolet kuluu kuvitukseen. Runsas kuvitus onkin kirjan suurin vahvuus. Lis\u00e4ksi kuvituksena on k\u00e4ytetty runsaasti lehtileikkeit\u00e4, keikkajulisteita ja piirroksia. Kirja lopussa on viel\u00e4 katsaus yhtyeen j\u00e4senten vaiheisiin sek\u00e4 ennen Iskraa ett\u00e4 Iskran j\u00e4lkeen. My\u00f6s yhtyeen julkaisemat levyt esitell\u00e4\u00e4n ja levyjen kansitekstitkin on julkaistu kirjassa uudelleen.<\/p>\n\n\n\n<div class=\"wp-block-image is-style-default\"><figure class=\"alignright size-large\"><img data-recalc-dims=\"1\" loading=\"lazy\" decoding=\"async\" width=\"266\" height=\"400\" src=\"https:\/\/i0.wp.com\/www.valonkuvia.fi\/blogi\/wp-content\/uploads\/2012\/04\/041.jpg?resize=266%2C400&#038;ssl=1\" alt=\"\" class=\"wp-image-2847\" srcset=\"https:\/\/i0.wp.com\/www.valonkuvia.fi\/blogi\/wp-content\/uploads\/2012\/04\/041.jpg?resize=266%2C400&amp;ssl=1 266w, https:\/\/i0.wp.com\/www.valonkuvia.fi\/blogi\/wp-content\/uploads\/2012\/04\/041.jpg?resize=200%2C300&amp;ssl=1 200w, https:\/\/i0.wp.com\/www.valonkuvia.fi\/blogi\/wp-content\/uploads\/2012\/04\/041.jpg?w=400&amp;ssl=1 400w\" sizes=\"auto, (max-width: 266px) 100vw, 266px\" \/><figcaption>Iskra; Tuomo Haapala. <br>Kalottjazz &amp; Blues Festival 1987<br> Aineen taidemuseo, Tornio<\/figcaption><\/figure><\/div>\n\n\n\n<p>N\u00e4in yhtyeen vaiheiden kertominen j\u00e4\u00e4 turhan lyhyeksi. Toki p\u00e4\u00e4asiat tulevat kerrotuksi, esimerkiksi yhtyeen toiminnan perusajatus musiikista jokamiehen oikeutena. Iskran esiintymiset voidaan jakaa kahteen ryhm\u00e4\u00e4n. Tavallisten konserttien lis\u00e4ksi Iskra j\u00e4rjesti mieluusti ty\u00f6pajoja esimerkiksi kouluissa ja erilaisissa hoitolaitoksissa. Ty\u00f6pajoihin osallistuvilta ei vaadittu soittotaitoa tai esiintymiskokemusta, vaan niihin oli kaikilla halukkailla lupa liitty\u00e4 mukaan.<\/p>\n\n\n\n<p>Iskra liittyy 1970-luvun kulttuuriel\u00e4m\u00e4n vasemmistolaiseen liikehdint\u00e4\u00e4n. Jo yhtyeen nimi Iskra (suomeksi kipina) ja ensimm\u00e4isen albumin kannen grafiikka viittaavat Ven\u00e4j\u00e4n sosialidemokraattisen ty\u00f6v\u00e4enpuolueen lehteen, jonka toimituskuntaan esimerkiksi <strong>Lenin<\/strong> kuului. Kirjassa yhtyeen poliittinen puoli j\u00e4\u00e4 aika v\u00e4h\u00e4lle huomiolle. Yhtyeen \u00e4\u00e4rimm\u00e4isen vapaa improvisointi asettuu toki kaupallisesti suuntautuneen musiikin vastakohdaksi, mit\u00e4 jo sin\u00e4ll\u00e4\u00e4n voidaan pit\u00e4\u00e4 poliittisena kommenttina.<\/p>\n\n\n\n<p>P\u00e4\u00e4sin kuuntelemaan Iskraa kahdessa konsertissa, kun yhtye esiintyi triona Kalottjazz &amp; Blues -festivaaleilla Torniossa kes\u00e4ll\u00e4 1987. Iltap\u00e4iv\u00e4konsertti oli Aineen taidemuseolla ja yhtye soitti toisen keikan illalla Putaan nuorisotalolla. En muista konserteista en\u00e4\u00e4 kovin paljoa, mutta varsinkin taidemuseon &#8221;<em>keitti\u00f6musiikin<\/em>&#8221; (yhtyeen oma luonnehdinta musiikistaan) yll\u00e4tt\u00e4v\u00e4 huumori j\u00e4i pysyv\u00e4sti muistiin. Oheiset valokuvat ovat t\u00e4st\u00e4 taidemuseon konsertista. <\/p>\n\n\n\n<p>Ensimm\u00e4isess\u00e4 kuvassa n\u00e4kyv\u00e4t vinyylilevyt ostin tuolloin suoraan yhtyeelt\u00e4. &#8221;<em>Iskra<\/em>&#8221; (Caprice Records) on yhtyeen ensimm\u00e4inen levy vuodelta 1975 ja &#8221;<em>Fantasies<\/em>&#8221; (Mistlur Records) vuodelta 1983. Iskra lopetti s\u00e4\u00e4nn\u00f6llisen toimintansa vuonna 1992, mutta palasi sek\u00e4 esiintym\u00e4\u00e4n ett\u00e4 levytt\u00e4m\u00e4\u00e4n viimeisen levyns\u00e4 &#8221;<em>Libert\u00e9, \u00c9galit\u00e9, Humanit\u00e9<\/em>&#8221;&nbsp;(Country &amp; Eastern) vuonna 2012. MS-taudin heikent\u00e4m\u00e4 Sune Sp\u00e5ngberg ehti olla mukana levyn julkaisukonsertissa ennen kuolemaansa. Vuonna 2017 Caprice Records julkaisi  digitaalisen kokoomalevyn &#8221;<em>Iskra \u2013 gr\u00e4nsl\u00f6s<\/em>&nbsp;musik&#8221;, jota voi kuunnella esimerkiksi Spotifysta.<\/p>\n\n\n\n<p><strong>Bo C. Bengtsson<\/strong>: Iskra &#8211; gr\u00e4nsl\u00f6s musik (Bo Ejeby F\u00f6rlag, 2017)<\/p>\n","protected":false},"excerpt":{"rendered":"<p>Ruotsalainen Iskra-yhtye soitti pitk\u00e4lti improvisoitua, hyvin vapaata musiikkia. Yhtye perustettiin vuonna 1970, kun kuusi hyvin eri taustoista tulevaa, eri-ik\u00e4ist\u00e4 muusikkoa kiinnostui yhteisest\u00e4 improvisaatiosta. Innoituksensa he saivat osin amerikkalaisesta free jazzista (kuten Art Ensemble of Chicago) sek\u00e4 osin eurooppalaisesta improvisaatiosta ja nykymusiikista. Yhtyeen vanhempia muusikoita olivat saksofonisti Allan Olsson ja rumpali Sune Sp\u00e5ngberg, joilla molemmilla oli [&hellip;]<\/p>\n","protected":false},"author":1,"featured_media":27242,"comment_status":"open","ping_status":"open","sticky":false,"template":"","format":"standard","meta":{"ngg_post_thumbnail":0,"_jetpack_memberships_contains_paid_content":false,"footnotes":"","jetpack_publicize_message":"","jetpack_publicize_feature_enabled":true,"jetpack_social_post_already_shared":true,"jetpack_social_options":{"image_generator_settings":{"template":"highway","default_image_id":0,"font":"","enabled":false},"version":2}},"categories":[3,16],"tags":[473,935,109,14,211],"class_list":["post-19846","post","type-post","status-publish","format-standard","has-post-thumbnail","hentry","category-jazz","category-kirjat-2","tag-improvisaatio","tag-iskra","tag-kirjahyllysta","tag-ruotsalainen-jazz","tag-vapaa-improvisointi"],"jetpack_publicize_connections":[],"jetpack_featured_media_url":"https:\/\/i0.wp.com\/www.valonkuvia.fi\/blogi\/wp-content\/uploads\/2022\/04\/iskra.webp?fit=640%2C427&ssl=1","jetpack_likes_enabled":false,"jetpack_sharing_enabled":true,"_links":{"self":[{"href":"https:\/\/www.valonkuvia.fi\/blogi\/wp-json\/wp\/v2\/posts\/19846","targetHints":{"allow":["GET"]}}],"collection":[{"href":"https:\/\/www.valonkuvia.fi\/blogi\/wp-json\/wp\/v2\/posts"}],"about":[{"href":"https:\/\/www.valonkuvia.fi\/blogi\/wp-json\/wp\/v2\/types\/post"}],"author":[{"embeddable":true,"href":"https:\/\/www.valonkuvia.fi\/blogi\/wp-json\/wp\/v2\/users\/1"}],"replies":[{"embeddable":true,"href":"https:\/\/www.valonkuvia.fi\/blogi\/wp-json\/wp\/v2\/comments?post=19846"}],"version-history":[{"count":17,"href":"https:\/\/www.valonkuvia.fi\/blogi\/wp-json\/wp\/v2\/posts\/19846\/revisions"}],"predecessor-version":[{"id":19873,"href":"https:\/\/www.valonkuvia.fi\/blogi\/wp-json\/wp\/v2\/posts\/19846\/revisions\/19873"}],"wp:featuredmedia":[{"embeddable":true,"href":"https:\/\/www.valonkuvia.fi\/blogi\/wp-json\/wp\/v2\/media\/27242"}],"wp:attachment":[{"href":"https:\/\/www.valonkuvia.fi\/blogi\/wp-json\/wp\/v2\/media?parent=19846"}],"wp:term":[{"taxonomy":"category","embeddable":true,"href":"https:\/\/www.valonkuvia.fi\/blogi\/wp-json\/wp\/v2\/categories?post=19846"},{"taxonomy":"post_tag","embeddable":true,"href":"https:\/\/www.valonkuvia.fi\/blogi\/wp-json\/wp\/v2\/tags?post=19846"}],"curies":[{"name":"wp","href":"https:\/\/api.w.org\/{rel}","templated":true}]}}