{"id":19945,"date":"2022-05-08T18:45:00","date_gmt":"2022-05-08T15:45:00","guid":{"rendered":"https:\/\/www.valonkuvia.fi\/blogi\/?p=19945"},"modified":"2022-05-08T18:50:32","modified_gmt":"2022-05-08T15:50:32","slug":"kevat-myohassa","status":"publish","type":"post","link":"https:\/\/www.valonkuvia.fi\/blogi\/kevat-myohassa\/","title":{"rendered":"Kev\u00e4t my\u00f6h\u00e4ss\u00e4"},"content":{"rendered":"\n<p>Kev\u00e4t on ollut viile\u00e4 ja kev\u00e4t etenee my\u00f6h\u00e4ss\u00e4 edellisiin vuosiin verrattuna, kuten seuraavat 8.5. 2022 kuvatut kuvat todistavat. Kuvat on kuvattu Tornion kaupungin kohdalta.<\/p>\n\n\n\n<figure class=\"wp-block-image size-large is-style-default\"><img data-recalc-dims=\"1\" loading=\"lazy\" decoding=\"async\" width=\"852\" height=\"479\" src=\"https:\/\/i0.wp.com\/www.valonkuvia.fi\/blogi\/wp-content\/uploads\/2022\/05\/2022-kevat1.jpg?resize=852%2C479&#038;ssl=1\" alt=\"\" class=\"wp-image-19946\" srcset=\"https:\/\/i0.wp.com\/www.valonkuvia.fi\/blogi\/wp-content\/uploads\/2022\/05\/2022-kevat1.jpg?resize=852%2C479&amp;ssl=1 852w, https:\/\/i0.wp.com\/www.valonkuvia.fi\/blogi\/wp-content\/uploads\/2022\/05\/2022-kevat1.jpg?resize=426%2C240&amp;ssl=1 426w, https:\/\/i0.wp.com\/www.valonkuvia.fi\/blogi\/wp-content\/uploads\/2022\/05\/2022-kevat1.jpg?resize=768%2C432&amp;ssl=1 768w, https:\/\/i0.wp.com\/www.valonkuvia.fi\/blogi\/wp-content\/uploads\/2022\/05\/2022-kevat1.jpg?w=1500&amp;ssl=1 1500w\" sizes=\"auto, (max-width: 852px) 100vw, 852px\" \/><figcaption>Lammassaaren ymp\u00e4rill\u00e4 j\u00e4\u00e4t olivat viel\u00e4 paikoillaan.<\/figcaption><\/figure>\n\n\n\n<figure class=\"wp-block-image size-large is-style-default\"><img data-recalc-dims=\"1\" loading=\"lazy\" decoding=\"async\" width=\"852\" height=\"479\" src=\"https:\/\/i0.wp.com\/www.valonkuvia.fi\/blogi\/wp-content\/uploads\/2022\/05\/2022-kevat3.jpg?resize=852%2C479&#038;ssl=1\" alt=\"\" class=\"wp-image-19947\" srcset=\"https:\/\/i0.wp.com\/www.valonkuvia.fi\/blogi\/wp-content\/uploads\/2022\/05\/2022-kevat3.jpg?resize=852%2C479&amp;ssl=1 852w, https:\/\/i0.wp.com\/www.valonkuvia.fi\/blogi\/wp-content\/uploads\/2022\/05\/2022-kevat3.jpg?resize=426%2C240&amp;ssl=1 426w, https:\/\/i0.wp.com\/www.valonkuvia.fi\/blogi\/wp-content\/uploads\/2022\/05\/2022-kevat3.jpg?resize=768%2C432&amp;ssl=1 768w, https:\/\/i0.wp.com\/www.valonkuvia.fi\/blogi\/wp-content\/uploads\/2022\/05\/2022-kevat3.jpg?w=1500&amp;ssl=1 1500w\" sizes=\"auto, (max-width: 852px) 100vw, 852px\" \/><figcaption>Siltojen alapuolelle oli jo auennut suuri alue. Horisontissa n\u00e4kyy Tornionjoen ylitt\u00e4v\u00e4 rautatiesilta. Siell\u00e4 n\u00e4ytti olevan viel\u00e4 kunnolla j\u00e4\u00e4t\u00e4.<\/figcaption><\/figure>\n\n\n\n<figure class=\"wp-block-image size-large is-style-default\"><img data-recalc-dims=\"1\" loading=\"lazy\" decoding=\"async\" width=\"852\" height=\"479\" src=\"https:\/\/i0.wp.com\/www.valonkuvia.fi\/blogi\/wp-content\/uploads\/2022\/05\/2022-kevat2.jpg?resize=852%2C479&#038;ssl=1\" alt=\"\" class=\"wp-image-19948\" srcset=\"https:\/\/i0.wp.com\/www.valonkuvia.fi\/blogi\/wp-content\/uploads\/2022\/05\/2022-kevat2.jpg?resize=852%2C479&amp;ssl=1 852w, https:\/\/i0.wp.com\/www.valonkuvia.fi\/blogi\/wp-content\/uploads\/2022\/05\/2022-kevat2.jpg?resize=426%2C240&amp;ssl=1 426w, https:\/\/i0.wp.com\/www.valonkuvia.fi\/blogi\/wp-content\/uploads\/2022\/05\/2022-kevat2.jpg?resize=768%2C432&amp;ssl=1 768w, https:\/\/i0.wp.com\/www.valonkuvia.fi\/blogi\/wp-content\/uploads\/2022\/05\/2022-kevat2.jpg?w=1500&amp;ssl=1 1500w\" sizes=\"auto, (max-width: 852px) 100vw, 852px\" \/><figcaption>Tulvavallilta pohjoiseen p\u00e4in katsottuna n\u00e4kyy, ett\u00e4 joki on koko leveydelt\u00e4\u00e4n j\u00e4\u00e4ss\u00e4.<\/figcaption><\/figure>\n","protected":false},"excerpt":{"rendered":"<p>Kev\u00e4t on ollut viile\u00e4 ja kev\u00e4t etenee my\u00f6h\u00e4ss\u00e4 edellisiin vuosiin verrattuna, kuten seuraavat 8.5. 2022 kuvatut kuvat todistavat. Kuvat on kuvattu Tornion kaupungin kohdalta.<\/p>\n","protected":false},"author":1,"featured_media":0,"comment_status":"open","ping_status":"open","sticky":false,"template":"","format":"standard","meta":{"ngg_post_thumbnail":0,"_jetpack_memberships_contains_paid_content":false,"footnotes":"","jetpack_publicize_message":"","jetpack_publicize_feature_enabled":true,"jetpack_social_post_already_shared":true,"jetpack_social_options":{"image_generator_settings":{"template":"highway","default_image_id":0,"font":"","enabled":false},"version":2}},"categories":[10],"tags":[348,188,47,132],"class_list":["post-19945","post","type-post","status-publish","format-standard","hentry","category-valokuvaus","tag-jaidenlahto","tag-kevat","tag-tornio","tag-tornionjoki"],"jetpack_publicize_connections":[],"jetpack_featured_media_url":"","jetpack_likes_enabled":false,"jetpack_sharing_enabled":true,"_links":{"self":[{"href":"https:\/\/www.valonkuvia.fi\/blogi\/wp-json\/wp\/v2\/posts\/19945","targetHints":{"allow":["GET"]}}],"collection":[{"href":"https:\/\/www.valonkuvia.fi\/blogi\/wp-json\/wp\/v2\/posts"}],"about":[{"href":"https:\/\/www.valonkuvia.fi\/blogi\/wp-json\/wp\/v2\/types\/post"}],"author":[{"embeddable":true,"href":"https:\/\/www.valonkuvia.fi\/blogi\/wp-json\/wp\/v2\/users\/1"}],"replies":[{"embeddable":true,"href":"https:\/\/www.valonkuvia.fi\/blogi\/wp-json\/wp\/v2\/comments?post=19945"}],"version-history":[{"count":3,"href":"https:\/\/www.valonkuvia.fi\/blogi\/wp-json\/wp\/v2\/posts\/19945\/revisions"}],"predecessor-version":[{"id":19952,"href":"https:\/\/www.valonkuvia.fi\/blogi\/wp-json\/wp\/v2\/posts\/19945\/revisions\/19952"}],"wp:attachment":[{"href":"https:\/\/www.valonkuvia.fi\/blogi\/wp-json\/wp\/v2\/media?parent=19945"}],"wp:term":[{"taxonomy":"category","embeddable":true,"href":"https:\/\/www.valonkuvia.fi\/blogi\/wp-json\/wp\/v2\/categories?post=19945"},{"taxonomy":"post_tag","embeddable":true,"href":"https:\/\/www.valonkuvia.fi\/blogi\/wp-json\/wp\/v2\/tags?post=19945"}],"curies":[{"name":"wp","href":"https:\/\/api.w.org\/{rel}","templated":true}]}}