{"id":22057,"date":"2023-03-24T23:27:32","date_gmt":"2023-03-24T21:27:32","guid":{"rendered":"https:\/\/www.valonkuvia.fi\/blogi\/?p=22057"},"modified":"2024-08-09T19:10:18","modified_gmt":"2024-08-09T16:10:18","slug":"kulttuuri-tuo-luksuspalvelu","status":"publish","type":"post","link":"https:\/\/www.valonkuvia.fi\/blogi\/kulttuuri-tuo-luksuspalvelu\/","title":{"rendered":"Kulttuuri &#8211; tuo luksuspalvelu"},"content":{"rendered":"\n<figure class=\"wp-block-image aligncenter size-large is-style-default\"><img data-recalc-dims=\"1\" loading=\"lazy\" decoding=\"async\" width=\"852\" height=\"568\" src=\"https:\/\/i0.wp.com\/www.valonkuvia.fi\/blogi\/wp-content\/uploads\/2023\/03\/2016_Nina_Mya_07.jpg?resize=852%2C568&#038;ssl=1\" alt=\"\" class=\"wp-image-22059\" srcset=\"https:\/\/i0.wp.com\/www.valonkuvia.fi\/blogi\/wp-content\/uploads\/2023\/03\/2016_Nina_Mya_07.jpg?resize=852%2C568&amp;ssl=1 852w, https:\/\/i0.wp.com\/www.valonkuvia.fi\/blogi\/wp-content\/uploads\/2023\/03\/2016_Nina_Mya_07.jpg?resize=426%2C284&amp;ssl=1 426w, https:\/\/i0.wp.com\/www.valonkuvia.fi\/blogi\/wp-content\/uploads\/2023\/03\/2016_Nina_Mya_07.jpg?resize=768%2C512&amp;ssl=1 768w, https:\/\/i0.wp.com\/www.valonkuvia.fi\/blogi\/wp-content\/uploads\/2023\/03\/2016_Nina_Mya_07.jpg?w=900&amp;ssl=1 900w\" sizes=\"auto, (max-width: 852px) 100vw, 852px\" \/><figcaption class=\"wp-element-caption\"><em>Nina Mya Suomen Jazzliiton kiertueella Torniossa vuonna 2016<\/em>, <em>konserttipaikkana Pop &amp; Jazz Konservatorio Lappian musiikkitalo.<\/em><\/figcaption><\/figure>\n\n\n\n<p>Kulttuuri k\u00e4v\u00e4isi hetkisen aikaa vaalikeskustelun aiheena, kun perussuomalaisten puheenjohtaja <strong>Riikka Purra<\/strong> v\u00e4itti kulttuurin olevan liian kallis luksustuote, johon kuluu liikaa yhteiskunnan varoja. Purran v\u00e4ite on tyypillinen populistipoliitikon provokaatio, joka kannattaisi j\u00e4tt\u00e4\u00e4 omaan arvoonsa. Se on kuitenkin osa laitaoikeiston ikiaikaista puhetapaa, jolla taiteen lis\u00e4ksi pyrit\u00e4\u00e4n kyseenalaistamaan niin media (nyt erityisesti YLE) kuin tiedekin (nyt erityisesti humanistiset ja yhteiskuntatieteet). Niinp\u00e4 koetin selvent\u00e4\u00e4 omia ajatuksiani ja kirjoittaa puolustuspuheenvuoroni kulttuurin (t\u00e4ss\u00e4 nimenomaan taiteen) julkiselle rahoitukselle.<\/p>\n\n\n\n<p>Purran heiton ja sen her\u00e4tt\u00e4m\u00e4n keskustelun takia my\u00f6s Helsingin Sanomat tarttui kulttuuripolitiikkaan vaaliteemana ja kyseli tarkemmin puolueiden kantoja kulttuurin rahoitukseen. Perussuomalaiset vaalii eliitin ja kansan vastakkainasettelua ja linjaa n\u00e4in: \u201cEmme kaipaa enemp\u00e4\u00e4 suuresti tuettua eliittikulttuuria, mutta emme my\u00f6sk\u00e4\u00e4n sen vastakohtaa, &#8221;<em>kakkakulttuuria<\/em>\u201d\u201d. V\u00e4itteeseen sis\u00e4ltyy ristiriita, sill\u00e4 kulttuurin tuki nimenomaan auttaa pit\u00e4m\u00e4\u00e4n esimerkiksi taidelaitosten p\u00e4\u00e4sylippujen hintoja kohtuullisella tasolla.&nbsp;<\/p>\n\n\n\n<figure class=\"wp-block-image aligncenter size-large is-style-default\"><img data-recalc-dims=\"1\" loading=\"lazy\" decoding=\"async\" width=\"852\" height=\"447\" src=\"https:\/\/i0.wp.com\/www.valonkuvia.fi\/blogi\/wp-content\/uploads\/2023\/03\/kulttuurin-tuotto.jpeg?resize=852%2C447&#038;ssl=1\" alt=\"\" class=\"wp-image-22060\" srcset=\"https:\/\/i0.wp.com\/www.valonkuvia.fi\/blogi\/wp-content\/uploads\/2023\/03\/kulttuurin-tuotto.jpeg?resize=852%2C447&amp;ssl=1 852w, https:\/\/i0.wp.com\/www.valonkuvia.fi\/blogi\/wp-content\/uploads\/2023\/03\/kulttuurin-tuotto.jpeg?resize=426%2C224&amp;ssl=1 426w, https:\/\/i0.wp.com\/www.valonkuvia.fi\/blogi\/wp-content\/uploads\/2023\/03\/kulttuurin-tuotto.jpeg?resize=768%2C403&amp;ssl=1 768w, https:\/\/i0.wp.com\/www.valonkuvia.fi\/blogi\/wp-content\/uploads\/2023\/03\/kulttuurin-tuotto.jpeg?w=1200&amp;ssl=1 1200w\" sizes=\"auto, (max-width: 852px) 100vw, 852px\" \/><figcaption class=\"wp-element-caption\"><em>TAKU ry:n laskelmia kulttuurituen tuotosta<\/em><\/figcaption><\/figure>\n\n\n\n<p>Kun kulttuurin rahoitusta puolustetaan, paremman saavutettavuuden rinnalle nostetaan usein sek\u00e4 kulttuurin taloudelliset ett\u00e4 hyvinvointiin liittyv\u00e4t my\u00f6nteiset vaikutukset. Vaikutukset ovat varmasti totta, mutta taide on pohjimmiltaan jotain syv\u00e4llisemp\u00e4\u00e4, jotain jolla on minun omista mieltymyksist\u00e4 riippumatonta itseisarvoa. Siis vaikka asun pohjoisessa, minusta on arvokasta, ett\u00e4 p\u00e4\u00e4kaupungissa toimii ooppera, baletti ja sinfoniaorkestereita. On arvokasta, ett\u00e4 sivistysvaltiossa julkaistaan kirjoja (oikeitakin runokirjoja), luodaan kuvataidetta, pidet\u00e4\u00e4n yll\u00e4 monipuolisia museoita ja monenlaista musiikkia. On arvokasta, ett\u00e4 sivistysvaltio vaalii my\u00f6s sellaista kulttuuria, josta juuri min\u00e4 en ole kiinnostunut.<\/p>\n\n\n\n<p><\/p>\n\n\n\n<p>Perussuomalaisten kansallismielisen ahtauden lis\u00e4ksi kulttuurin rahoitusta vastustetaan esimerkiksi Liberaalipuolueen suunnalta. Puolueen #leikattavaal\u00f6ytyy -lista on levinnyt n\u00e4kyv\u00e4sti somessa. Sen mukaan kulttuurin tulee tulla toimeen kaupallisesti tai mesenaattien tuella ja j\u00e4rjest\u00f6jen saamat avustukset pit\u00e4isi leikata kokonaan pois.&nbsp;<\/p>\n\n\n\n<figure class=\"wp-block-image aligncenter size-large is-style-default\"><img data-recalc-dims=\"1\" loading=\"lazy\" decoding=\"async\" width=\"852\" height=\"426\" src=\"https:\/\/i0.wp.com\/www.valonkuvia.fi\/blogi\/wp-content\/uploads\/2023\/03\/sidhille_09.jpg?resize=852%2C426&#038;ssl=1\" alt=\"\" class=\"wp-image-22061\" srcset=\"https:\/\/i0.wp.com\/www.valonkuvia.fi\/blogi\/wp-content\/uploads\/2023\/03\/sidhille_09.jpg?resize=852%2C426&amp;ssl=1 852w, https:\/\/i0.wp.com\/www.valonkuvia.fi\/blogi\/wp-content\/uploads\/2023\/03\/sidhille_09.jpg?resize=426%2C213&amp;ssl=1 426w, https:\/\/i0.wp.com\/www.valonkuvia.fi\/blogi\/wp-content\/uploads\/2023\/03\/sidhille_09.jpg?resize=768%2C384&amp;ssl=1 768w, https:\/\/i0.wp.com\/www.valonkuvia.fi\/blogi\/wp-content\/uploads\/2023\/03\/sidhille_09.jpg?w=1200&amp;ssl=1 1200w\" sizes=\"auto, (max-width: 852px) 100vw, 852px\" \/><figcaption class=\"wp-element-caption\"><em>Sid Hille F# Suomen Jazzliiton kiertueella Torniossa vuonna 2017<\/em>, konserttipaikkana Aineen taidemuseo.<\/figcaption><\/figure>\n\n\n\n<p>Tietysti kulttuurin kuluttajan t\u00e4ytyy osallistua kukkarollaan, on ostettava p\u00e4\u00e4sylippuja ja maksettava oma osansa kulttuurista. Kulttuurin kentt\u00e4 n\u00e4ytt\u00e4isi kuitenkin todella ankealta, jos j\u00e4ljelle j\u00e4isi vain kaupallisesti kannattavia tuotantoja, siis uusimpia hittikappaleita, stadionkeikkoja ja kevytt\u00e4 kirjallisuutta. Todenn\u00e4k\u00f6isesti my\u00f6s kaupallisen kulttuurin elinvoima hiipuisi, sill\u00e4 stadioneja ja teatterisaleja t\u00e4ytt\u00e4v\u00e4t esiintyj\u00e4t eiv\u00e4t synny tyhj\u00e4st\u00e4.&nbsp;<\/p>\n\n\n\n<p><\/p>\n\n\n\n<p>Pinnan alle tarvitaan monipuolista kulttuurin aluskasvillisuutta, joka vertautuu osuvasti ekologiasta tuttuun k\u00e4sitykseen luonnon monimuotoisuudesta. Rikas ja hyvinvoiva luonto muodostaa monimutkaisen verkoston, joka pit\u00e4\u00e4 yll\u00e4 maapallon kiertokulkuja, kaikkea el\u00e4m\u00e4\u00e4. Ilmastonmuutos ja lajien katoaminen todistetusti uhkaavat kaventaa el\u00e4misen mahdollisuuksia maapallolla. Vastaavasti kulttuurin huiput, orkesterit, ooppera ja isot museot, saavat ravintonsa aluskasvillisuudesta, jossa niin sanottu vapaa kentt\u00e4 toimii. Siell\u00e4 sinnittelev\u00e4t klubit, pienet galleriat, r\u00e4pp\u00e4rit, rokkarit, kamariorkesterit, sarjakuvapiirt\u00e4j\u00e4t, punkkarit, jazzmuusikot ja monet muut luovat toimijat.<\/p>\n\n\n\n<p><\/p>\n\n\n\n<p>Taiteen luonteeseen kuuluu olennaisesti kokeilu. Kaikki mestariteokset ovat vaatineet paljon yrityksi\u00e4 ja ep\u00e4onnistumisia. Vaikka en itse ole taiteilija, olen kuitenkin valokuvannut, piirt\u00e4nyt ja maalannut sen verran paljon, ett\u00e4 ymm\u00e4rr\u00e4n, ett\u00e4 on mahdotonta n\u00e4p\u00e4t\u00e4 pelk\u00e4st\u00e4\u00e4n hyvi\u00e4 valokuvia tai maalata ainoastaan mestariteoksia. Yksi onnistunut otos vaatii lukuisia keskinkertaisia, huonoja ja ep\u00e4onnistuneita yrityksi\u00e4. Taide vaatii kokeilua ja ep\u00e4onnistumista. Taiteen teht\u00e4viin kuuluu hankalien ja kulmikkaiden n\u00e4k\u00f6kulmien nostaminen esille. Siksi jotkut teokset saattavat \u00e4rsytt\u00e4\u00e4, huolestuttaa, vihastuttaa, h\u00e4tk\u00e4hdytt\u00e4\u00e4 ja ne saattavat n\u00e4ytt\u00e4\u00e4 \u201c<em>kakkakulttuurilta<\/em>\u201d. Kulttuurin el\u00e4v\u00e4n aluskasvillisuuden joukossa kukkivat monenlaiset kukat ja sielt\u00e4 nousevat uudet klassikot ja kansalliset merkkiteokset, joiden arvo paljastuu vasta joskus tulevaisuudessa.<\/p>\n\n\n\n<figure class=\"wp-block-image aligncenter size-large is-style-default\"><img data-recalc-dims=\"1\" loading=\"lazy\" decoding=\"async\" width=\"852\" height=\"568\" src=\"https:\/\/i0.wp.com\/www.valonkuvia.fi\/blogi\/wp-content\/uploads\/2023\/03\/2019_rpq-04.jpg?resize=852%2C568&#038;ssl=1\" alt=\"\" class=\"wp-image-22062\" srcset=\"https:\/\/i0.wp.com\/www.valonkuvia.fi\/blogi\/wp-content\/uploads\/2023\/03\/2019_rpq-04.jpg?resize=852%2C568&amp;ssl=1 852w, https:\/\/i0.wp.com\/www.valonkuvia.fi\/blogi\/wp-content\/uploads\/2023\/03\/2019_rpq-04.jpg?resize=426%2C284&amp;ssl=1 426w, https:\/\/i0.wp.com\/www.valonkuvia.fi\/blogi\/wp-content\/uploads\/2023\/03\/2019_rpq-04.jpg?resize=768%2C512&amp;ssl=1 768w, https:\/\/i0.wp.com\/www.valonkuvia.fi\/blogi\/wp-content\/uploads\/2023\/03\/2019_rpq-04.jpg?w=1500&amp;ssl=1 1500w\" sizes=\"auto, (max-width: 852px) 100vw, 852px\" \/><figcaption class=\"wp-element-caption\"><em>Riitta Paakki Suomen Jazzliiton kiertueella Torniossa vuonna 2019, konserttipaikkana Pop &amp; Jazz Konservatorio Lappian musiikkitalo.<\/em><\/figcaption><\/figure>\n\n\n\n<p>T\u00e4m\u00e4n aluskasvillisuuden yll\u00e4pito on edullista, siell\u00e4 ei tarvita valtavia summia rahaa. Itselleni t\u00e4rkein osa kulttuurin aluskasvillisuutta liittyy <a href=\"https:\/\/jazzfinland.fi\/\">suomalaiseen jazziin<\/a>, <a href=\"https:\/\/jazzliitto.fi\/\">Suomen Jazzliittoon<\/a> ja <a href=\"https:\/\/www.riversidejazz.fi\/\">Riverside Jazz<\/a>-yhdistykseen. Muutaman miljoonan euron panostuksella jazzin alan toimijat Suomessa rikastuttavat suomalaista kulttuuria ilman komeita seini\u00e4 ja monimutkaista hallintoa. Artikkelin valokuvat on Torniossa Suomen Jazzliiton kiertueiden yhteydess\u00e4. Ilman Jazzliiton kautta saatua tukea, olisivat torniolaiset musiikinyst\u00e4v\u00e4t j\u00e4\u00e4neet paitsi n\u00e4it\u00e4 el\u00e4myksi\u00e4.<\/p>\n\n\n\n<p><\/p>\n\n\n\n<p>Kulttuurin tukirahojen leikkaukset vaikeuttaisivat luultavasti eniten juuri jazzin kaltaisten marginaalissa toimivien el\u00e4m\u00e4\u00e4. Kulttuuriin ei suinkaan kulu liikaa rahaa, leikkausten sijaan kannattaisi toteuttaa <a href=\"https:\/\/kulttuurijataide.fi\/\">KULTA ry:n<\/a> tavoite kulttuuribudjetin nostamisesta yhteen prosenttiin valtion budjetista.&nbsp;&nbsp;<\/p>\n\n\n\n<p><\/p>\n\n\n\n<figure class=\"wp-block-image aligncenter size-large is-style-default\"><img data-recalc-dims=\"1\" loading=\"lazy\" decoding=\"async\" width=\"852\" height=\"479\" src=\"https:\/\/i0.wp.com\/www.valonkuvia.fi\/blogi\/wp-content\/uploads\/2023\/03\/52510695765_587574ef82_h.jpg?resize=852%2C479&#038;ssl=1\" alt=\"\" class=\"wp-image-22100\" srcset=\"https:\/\/i0.wp.com\/www.valonkuvia.fi\/blogi\/wp-content\/uploads\/2023\/03\/52510695765_587574ef82_h.jpg?resize=852%2C479&amp;ssl=1 852w, https:\/\/i0.wp.com\/www.valonkuvia.fi\/blogi\/wp-content\/uploads\/2023\/03\/52510695765_587574ef82_h.jpg?resize=426%2C240&amp;ssl=1 426w, https:\/\/i0.wp.com\/www.valonkuvia.fi\/blogi\/wp-content\/uploads\/2023\/03\/52510695765_587574ef82_h.jpg?resize=768%2C432&amp;ssl=1 768w, https:\/\/i0.wp.com\/www.valonkuvia.fi\/blogi\/wp-content\/uploads\/2023\/03\/52510695765_587574ef82_h.jpg?w=1500&amp;ssl=1 1500w\" sizes=\"auto, (max-width: 852px) 100vw, 852px\" \/><figcaption class=\"wp-element-caption\"><em>Mirja M\u00e4kel\u00e4 Trio Suomen Jazzliiton kiertueella Torniossa vuonna 2022, konserttipaikka ravintola Olof.<\/em><\/figcaption><\/figure>\n","protected":false},"excerpt":{"rendered":"<p>Kulttuuri k\u00e4v\u00e4isi hetkisen aikaa vaalikeskustelun aiheena, kun perussuomalaisten puheenjohtaja Riikka Purra v\u00e4itti kulttuurin olevan liian kallis luksustuote, johon kuluu liikaa yhteiskunnan varoja. Purran v\u00e4ite on tyypillinen populistipoliitikon provokaatio, joka kannattaisi j\u00e4tt\u00e4\u00e4 omaan arvoonsa. Se on kuitenkin osa laitaoikeiston ikiaikaista puhetapaa, jolla taiteen lis\u00e4ksi pyrit\u00e4\u00e4n kyseenalaistamaan niin media (nyt erityisesti YLE) kuin tiedekin (nyt erityisesti humanistiset [&hellip;]<\/p>\n","protected":false},"author":1,"featured_media":22061,"comment_status":"open","ping_status":"open","sticky":false,"template":"","format":"standard","meta":{"ngg_post_thumbnail":0,"_jetpack_memberships_contains_paid_content":false,"footnotes":"","jetpack_publicize_message":"","jetpack_publicize_feature_enabled":true,"jetpack_social_post_already_shared":true,"jetpack_social_options":{"image_generator_settings":{"template":"highway","default_image_id":0,"font":"","enabled":false},"version":2}},"categories":[162],"tags":[213,74,1032,18,79,1033],"class_list":["post-22057","post","type-post","status-publish","format-standard","has-post-thumbnail","hentry","category-mielipide","tag-kulttuuri","tag-politiikka","tag-rahoitus","tag-suomalainen-jazz","tag-suomen-jazzliitto","tag-vaalit"],"jetpack_publicize_connections":[],"jetpack_featured_media_url":"https:\/\/i0.wp.com\/www.valonkuvia.fi\/blogi\/wp-content\/uploads\/2023\/03\/sidhille_09.jpg?fit=1200%2C600&ssl=1","jetpack_likes_enabled":false,"jetpack_sharing_enabled":true,"_links":{"self":[{"href":"https:\/\/www.valonkuvia.fi\/blogi\/wp-json\/wp\/v2\/posts\/22057","targetHints":{"allow":["GET"]}}],"collection":[{"href":"https:\/\/www.valonkuvia.fi\/blogi\/wp-json\/wp\/v2\/posts"}],"about":[{"href":"https:\/\/www.valonkuvia.fi\/blogi\/wp-json\/wp\/v2\/types\/post"}],"author":[{"embeddable":true,"href":"https:\/\/www.valonkuvia.fi\/blogi\/wp-json\/wp\/v2\/users\/1"}],"replies":[{"embeddable":true,"href":"https:\/\/www.valonkuvia.fi\/blogi\/wp-json\/wp\/v2\/comments?post=22057"}],"version-history":[{"count":34,"href":"https:\/\/www.valonkuvia.fi\/blogi\/wp-json\/wp\/v2\/posts\/22057\/revisions"}],"predecessor-version":[{"id":25928,"href":"https:\/\/www.valonkuvia.fi\/blogi\/wp-json\/wp\/v2\/posts\/22057\/revisions\/25928"}],"wp:featuredmedia":[{"embeddable":true,"href":"https:\/\/www.valonkuvia.fi\/blogi\/wp-json\/wp\/v2\/media\/22061"}],"wp:attachment":[{"href":"https:\/\/www.valonkuvia.fi\/blogi\/wp-json\/wp\/v2\/media?parent=22057"}],"wp:term":[{"taxonomy":"category","embeddable":true,"href":"https:\/\/www.valonkuvia.fi\/blogi\/wp-json\/wp\/v2\/categories?post=22057"},{"taxonomy":"post_tag","embeddable":true,"href":"https:\/\/www.valonkuvia.fi\/blogi\/wp-json\/wp\/v2\/tags?post=22057"}],"curies":[{"name":"wp","href":"https:\/\/api.w.org\/{rel}","templated":true}]}}