{"id":23439,"date":"2023-04-23T14:49:41","date_gmt":"2023-04-23T11:49:41","guid":{"rendered":"https:\/\/www.valonkuvia.fi\/blogi\/?p=23439"},"modified":"2023-04-24T14:01:07","modified_gmt":"2023-04-24T11:01:07","slug":"lina-nyberg-worlds-a-stage","status":"publish","type":"post","link":"https:\/\/www.valonkuvia.fi\/blogi\/lina-nyberg-worlds-a-stage\/","title":{"rendered":"Lina Nyberg &#038; Bohusl\u00e4n Big Band: World&#8217;s A Stage (Prophone Records, 2023)"},"content":{"rendered":"\n<figure class=\"wp-block-image size-large is-style-default\"><img data-recalc-dims=\"1\" loading=\"lazy\" decoding=\"async\" width=\"852\" height=\"480\" src=\"https:\/\/i0.wp.com\/www.valonkuvia.fi\/blogi\/wp-content\/uploads\/2023\/04\/linanyberg-elvira-glante.webp?resize=852%2C480&#038;ssl=1\" alt=\"\" class=\"wp-image-23441\" srcset=\"https:\/\/i0.wp.com\/www.valonkuvia.fi\/blogi\/wp-content\/uploads\/2023\/04\/linanyberg-elvira-glante.webp?resize=852%2C480&amp;ssl=1 852w, https:\/\/i0.wp.com\/www.valonkuvia.fi\/blogi\/wp-content\/uploads\/2023\/04\/linanyberg-elvira-glante.webp?resize=426%2C240&amp;ssl=1 426w, https:\/\/i0.wp.com\/www.valonkuvia.fi\/blogi\/wp-content\/uploads\/2023\/04\/linanyberg-elvira-glante.webp?resize=768%2C432&amp;ssl=1 768w, https:\/\/i0.wp.com\/www.valonkuvia.fi\/blogi\/wp-content\/uploads\/2023\/04\/linanyberg-elvira-glante.webp?resize=1536%2C865&amp;ssl=1 1536w, https:\/\/i0.wp.com\/www.valonkuvia.fi\/blogi\/wp-content\/uploads\/2023\/04\/linanyberg-elvira-glante.webp?w=2020&amp;ssl=1 2020w\" sizes=\"auto, (max-width: 852px) 100vw, 852px\" \/><figcaption class=\"wp-element-caption\">Lina Nyberg. Kuva: Elvira Gl\u00e4nte<\/figcaption><\/figure>\n\n\n\n<p>Viime vuonna laulaja\/s\u00e4velt\u00e4j\u00e4 <strong>Lina Nyberg<\/strong> osallistui <a href=\"https:\/\/varakonserthus.se\/\">Varan konserttitalon <\/a>Composer in Residence -ohjelmaan. Residenssivuoden aikana Nyberg s\u00e4velsi Bohusl\u00e4n Big Bandille tilausteoksen &#8221;<em>World&#8217;s A Stage<\/em>&#8221;. Nyberg katselee sarjassaan muusikonuransa vaiheita ja h\u00e4n on omistanut kaikki sen seitsem\u00e4n osaa musiikillisille roolimalleilleen, kuten <strong>Gugge <em>Hedrenius<\/em><\/strong>, <strong>Jan Johansson<\/strong>, <strong>Carmen McRae<\/strong> ja <strong>Milton Nascimento<\/strong>. Erityisesti Nyberg juhlistaa esikoislevy\u00e4\u00e4n &#8221;<em>Close<\/em>&#8221;, jonka Nyberg levytti yhdess\u00e4 pianisti <strong>Esbj\u00f6rn Svenssonin <\/strong>kanssa kolmekymment\u00e4 vuotta sitten vuonna 1993. Nyt Nyberg palasi debyyttilevyns\u00e4 nimikappaleeseen ja sovitti sen &#8221;<em>World&#8217;s A Stagen<\/em>&#8221; kauniiksi p\u00e4\u00e4t\u00f6sraidaksi. <\/p>\n\n\n\n<p>&#8221;<em>World&#8217;s A Stage<\/em>&#8221; on kokonaisuutena vahvasti Nybergin hyppysiss\u00e4, sill\u00e4 s\u00e4vellysten lis\u00e4ksi h\u00e4n on sovittanut musiikin ja kirjoittanut p\u00e4tevilt\u00e4 kuulostavat englanninkieliset laulutekstit. Samalla &#8221;<em>World&#8217;s A Stage<\/em>&#8221; vankka taidonn\u00e4yte my\u00f6s Bohusl\u00e4n Big Bandilta. Ison orkesterin rikas ja t\u00e4ytel\u00e4inen sointipaletti on monipuolisesti k\u00e4yt\u00f6ss\u00e4 ja s\u00e4vellyksiin j\u00e4\u00e4 hyvin tilaa pitkille improvisoiduille sooloille. Vaikuttava esimerkki on dramaattinen &#8221;<em>Enough<\/em>&#8221;, jolla kuullaan <strong>Mikael Karlssonin<\/strong> jylh\u00e4 tenorisoolo. My\u00f6s levyn pisin kappale, yli kaksitoista minuuttia kest\u00e4v\u00e4, monivaiheinen &#8221;<em>A walk in the park<\/em>&#8221; ja nelj\u00e4n saksofonin voimin svengaava &#8221;<em>The Royal Rumble<\/em>&#8221; j\u00e4\u00e4v\u00e4t erityisen vahvoina mieleen. <\/p>\n\n\n\n<p>Nyberg kertoo s\u00e4velt\u00e4neens\u00e4 &#8221;<em>World&#8217;s A Stagen<\/em>&#8221; Broadway-musikaalin muotoon kunnianosoituksena <strong>Cole Porterille<\/strong>, <strong>George Gershwinille<\/strong> ja muille klassisille musikaalis\u00e4velt\u00e4jille. &#8221;<em>World&#8217;s A Stage<\/em>&#8221; onkin yhten\u00e4inen ja ehj\u00e4 kokonaisuus, joka  hellitt\u00e4m\u00e4tt\u00e4 yll\u00e4pit\u00e4\u00e4 j\u00e4nnitteens\u00e4 alkusoitosta p\u00e4\u00e4t\u00f6sraitaan asti.<\/p>\n\n\n\n<p>&#8221;<em>World&#8217;s A Stage<\/em>&#8221; on v\u00e4kev\u00e4 albumi, joka paikka on tietenkin Valon kuvia -blogin kuuntelusuositusten listalla:&nbsp;<a href=\"https:\/\/docs.google.com\/document\/d\/1G9_PipO18AM-hpmjqz-_yxiv2EUH-2vftZZcGXKytaY\/edit?usp=sharing\">Vuoden valinnat 2023<\/a>.<\/p>\n\n\n\n<p><strong>Lina Nyberg &amp; Bohusl\u00e4n Big Band:<\/strong> World&#8217;s A Stage (Prophone Records, 2023)<br><em>Lina Nyberg laulu, Fredrik Nor\u00e9n, Linnea Jonsson, Lennart Grahn, Samuel Olsson, Jan Eliasson, trumpetti, Niclas Rydh, Christer Olofsson, Hanne Sm\u00e5vik, Ingrid Utne, Gustaf Wiklund, pasuuna, Joakim Rolandsson, Martin Bjurek Svanstr\u00f6m, Linus Lindblom, Mikael Karlsson, Alberto Pinton, saksofonit, Stefan Wingefors, piano, Josef Kallerdahl, basso, G\u00f6ran Kroon, rummut<\/em><\/p>\n\n\n\n<figure class=\"wp-block-image aligncenter size-large is-resized is-style-default\"><img data-recalc-dims=\"1\" loading=\"lazy\" decoding=\"async\" src=\"https:\/\/i0.wp.com\/www.valonkuvia.fi\/blogi\/wp-content\/uploads\/2023\/04\/linanyberg.jpeg?resize=426%2C426&#038;ssl=1\" alt=\"\" class=\"wp-image-23442\" width=\"426\" height=\"426\" srcset=\"https:\/\/i0.wp.com\/www.valonkuvia.fi\/blogi\/wp-content\/uploads\/2023\/04\/linanyberg.jpeg?resize=852%2C852&amp;ssl=1 852w, https:\/\/i0.wp.com\/www.valonkuvia.fi\/blogi\/wp-content\/uploads\/2023\/04\/linanyberg.jpeg?resize=426%2C426&amp;ssl=1 426w, https:\/\/i0.wp.com\/www.valonkuvia.fi\/blogi\/wp-content\/uploads\/2023\/04\/linanyberg.jpeg?resize=150%2C150&amp;ssl=1 150w, https:\/\/i0.wp.com\/www.valonkuvia.fi\/blogi\/wp-content\/uploads\/2023\/04\/linanyberg.jpeg?resize=768%2C768&amp;ssl=1 768w, https:\/\/i0.wp.com\/www.valonkuvia.fi\/blogi\/wp-content\/uploads\/2023\/04\/linanyberg.jpeg?resize=400%2C400&amp;ssl=1 400w, https:\/\/i0.wp.com\/www.valonkuvia.fi\/blogi\/wp-content\/uploads\/2023\/04\/linanyberg.jpeg?resize=120%2C120&amp;ssl=1 120w, https:\/\/i0.wp.com\/www.valonkuvia.fi\/blogi\/wp-content\/uploads\/2023\/04\/linanyberg.jpeg?w=980&amp;ssl=1 980w\" sizes=\"auto, (max-width: 426px) 100vw, 426px\" \/><\/figure>\n","protected":false},"excerpt":{"rendered":"<p>Viime vuonna laulaja\/s\u00e4velt\u00e4j\u00e4 Lina Nyberg osallistui Varan konserttitalon Composer in Residence -ohjelmaan. Residenssivuoden aikana Nyberg s\u00e4velsi Bohusl\u00e4n Big Bandille tilausteoksen &#8221;World&#8217;s A Stage&#8221;. Nyberg katselee sarjassaan muusikonuransa vaiheita ja h\u00e4n on omistanut kaikki sen seitsem\u00e4n osaa musiikillisille roolimalleilleen, kuten Gugge Hedrenius, Jan Johansson, Carmen McRae ja Milton Nascimento. Erityisesti Nyberg juhlistaa esikoislevy\u00e4\u00e4n &#8221;Close&#8221;, jonka Nyberg [&hellip;]<\/p>\n","protected":false},"author":1,"featured_media":23443,"comment_status":"open","ping_status":"open","sticky":false,"template":"","format":"standard","meta":{"ngg_post_thumbnail":0,"_jetpack_memberships_contains_paid_content":false,"footnotes":"","jetpack_publicize_message":"","jetpack_publicize_feature_enabled":true,"jetpack_social_post_already_shared":true,"jetpack_social_options":{"image_generator_settings":{"template":"highway","default_image_id":0,"font":"","enabled":false},"version":2}},"categories":[3],"tags":[386,1046,378,13,279,14],"class_list":["post-23439","post","type-post","status-publish","format-standard","has-post-thumbnail","hentry","category-jazz","tag-big-band","tag-bohuslan-big-band","tag-jazzlaulu","tag-jazzlevyt-2","tag-lina-nyberg","tag-ruotsalainen-jazz"],"jetpack_publicize_connections":[],"jetpack_featured_media_url":"https:\/\/i0.wp.com\/www.valonkuvia.fi\/blogi\/wp-content\/uploads\/2023\/04\/linanyberg.jpg?fit=1200%2C628&ssl=1","jetpack_likes_enabled":false,"jetpack_sharing_enabled":true,"_links":{"self":[{"href":"https:\/\/www.valonkuvia.fi\/blogi\/wp-json\/wp\/v2\/posts\/23439","targetHints":{"allow":["GET"]}}],"collection":[{"href":"https:\/\/www.valonkuvia.fi\/blogi\/wp-json\/wp\/v2\/posts"}],"about":[{"href":"https:\/\/www.valonkuvia.fi\/blogi\/wp-json\/wp\/v2\/types\/post"}],"author":[{"embeddable":true,"href":"https:\/\/www.valonkuvia.fi\/blogi\/wp-json\/wp\/v2\/users\/1"}],"replies":[{"embeddable":true,"href":"https:\/\/www.valonkuvia.fi\/blogi\/wp-json\/wp\/v2\/comments?post=23439"}],"version-history":[{"count":17,"href":"https:\/\/www.valonkuvia.fi\/blogi\/wp-json\/wp\/v2\/posts\/23439\/revisions"}],"predecessor-version":[{"id":23547,"href":"https:\/\/www.valonkuvia.fi\/blogi\/wp-json\/wp\/v2\/posts\/23439\/revisions\/23547"}],"wp:featuredmedia":[{"embeddable":true,"href":"https:\/\/www.valonkuvia.fi\/blogi\/wp-json\/wp\/v2\/media\/23443"}],"wp:attachment":[{"href":"https:\/\/www.valonkuvia.fi\/blogi\/wp-json\/wp\/v2\/media?parent=23439"}],"wp:term":[{"taxonomy":"category","embeddable":true,"href":"https:\/\/www.valonkuvia.fi\/blogi\/wp-json\/wp\/v2\/categories?post=23439"},{"taxonomy":"post_tag","embeddable":true,"href":"https:\/\/www.valonkuvia.fi\/blogi\/wp-json\/wp\/v2\/tags?post=23439"}],"curies":[{"name":"wp","href":"https:\/\/api.w.org\/{rel}","templated":true}]}}