{"id":24045,"date":"2023-06-24T22:54:12","date_gmt":"2023-06-24T19:54:12","guid":{"rendered":"https:\/\/www.valonkuvia.fi\/blogi\/?p=24045"},"modified":"2023-06-24T22:54:17","modified_gmt":"2023-06-24T19:54:17","slug":"peter-brotzmann-1941-2023","status":"publish","type":"post","link":"https:\/\/www.valonkuvia.fi\/blogi\/peter-brotzmann-1941-2023\/","title":{"rendered":"Peter Br\u00f6tzmann (1941 &#8211; 2023)"},"content":{"rendered":"\n<figure class=\"wp-block-image size-large is-style-default\"><img data-recalc-dims=\"1\" loading=\"lazy\" decoding=\"async\" width=\"852\" height=\"446\" src=\"https:\/\/i0.wp.com\/www.valonkuvia.fi\/blogi\/wp-content\/uploads\/2023\/06\/brotzmann_.jpg?resize=852%2C446&#038;ssl=1\" alt=\"\" class=\"wp-image-24046\" srcset=\"https:\/\/i0.wp.com\/www.valonkuvia.fi\/blogi\/wp-content\/uploads\/2023\/06\/brotzmann_.jpg?resize=852%2C446&amp;ssl=1 852w, https:\/\/i0.wp.com\/www.valonkuvia.fi\/blogi\/wp-content\/uploads\/2023\/06\/brotzmann_.jpg?resize=426%2C223&amp;ssl=1 426w, https:\/\/i0.wp.com\/www.valonkuvia.fi\/blogi\/wp-content\/uploads\/2023\/06\/brotzmann_.jpg?resize=768%2C402&amp;ssl=1 768w, https:\/\/i0.wp.com\/www.valonkuvia.fi\/blogi\/wp-content\/uploads\/2023\/06\/brotzmann_.jpg?resize=1536%2C804&amp;ssl=1 1536w, https:\/\/i0.wp.com\/www.valonkuvia.fi\/blogi\/wp-content\/uploads\/2023\/06\/brotzmann_.jpg?resize=2048%2C1072&amp;ssl=1 2048w\" sizes=\"auto, (max-width: 852px) 100vw, 852px\" \/><figcaption class=\"wp-element-caption\">Kuva: Wikipedia\/Marek Lasarski<\/figcaption><\/figure>\n\n\n\n<p>Eurooppalaisen free jazzin keskeisiin j\u00e4rk\u00e4leisiin lukeutunut saksofonisti <strong>Peter Br\u00f6tzmann<\/strong> kuoli 22.6.2023 82-vuotiaana. Br\u00f6tzmann oli saksofonistina itseoppinut, sen sijaan h\u00e4n opiskeli kuvataidetta ja suunnitteli yleens\u00e4 omien levyjens\u00e4 kannet. H\u00e4n kuului jonkin aikaa my\u00f6s nykytaiteessa 1960- ja 1970 -luvuilla vaikuttaneeseen Fluxus-liikkeeseen, mutta siirtyi musiikin puolelle turhauduttuaan taidemuseoiden ja -gallerioiden toimintatapoihin.<\/p>\n\n\n\n<p>Br\u00f6tzmann  soitti 1950-luvulla hieman yll\u00e4tt\u00e4en dixieland-yhtyeiss\u00e4, mutta siirtyi seuraavalla vuosikymmenell\u00e4 free jazzin puolelle. Vuonna 1967 ilmestynyt ensimm\u00e4inen levy &#8221;<em>For Adolphe Sax<\/em>&#8221; yhdess\u00e4 basisti <strong>Peter Kowaldin<\/strong> ja rumpali <strong>Sven-\u00c5ke Johanssonin<\/strong> kanssa olikin jo tinkim\u00e4tt\u00f6m\u00e4n vapaata musiikkia. <\/p>\n\n\n\n<p>Br\u00f6tzmann tuli tunnetuksi \u00e4\u00e4rimm\u00e4isen intensiivist\u00e4 ilmaisusta, jossa h\u00e4n hy\u00f6dynt\u00e4\u00e4 saksofonin koko rekisteri\u00e4.  Br\u00f6tzmannin soitossa voi kuulla vaikutteita <strong>Albert Aylerin<\/strong> ja <strong>Pharoah Sandersin<\/strong> musiikista ja soundista, kuitenkin ilman bluesin s\u00e4vyj\u00e4. Br\u00f6tzmann levytti musiikkiaan ahkerasti ja h\u00e4nen diskografiassaan on yli 50 omaa albumia, joiden lis\u00e4ksi h\u00e4n oli mukana monien muiden muusikoiden levyill\u00e4. Vuonna 1968 ilmestynyt oktettilevy &#8221;<em>Machine Gun<\/em>&#8221; on eurooppalaiselle free jazzille suuntaa antanut ankara klassikko.<\/p>\n\n\n\n<h4 class=\"wp-block-heading\">Br\u00f6tzmann \/ van Hove \/ Bennink &#8211; Einheitsfrontlied<\/h4>\n\n\n\n<p>Peter Br\u00f6tzmannin levytt\u00e4m\u00e4t kappaleet olivat usein hyvin pitki\u00e4, mutta valitsin videon\u00e4ytteeksi vain nelj\u00e4 ja puoli minuuttia kest\u00e4v\u00e4n version <strong>Hans Eislerin<\/strong> laulusta &#8221;<em>Einheitsfrontlied<\/em>&#8221;. Vuonna 1974 Hannoverissa tallennetulla videolla soittavat my\u00f6s pianisti <strong>Fred van Hove<\/strong> ja rumpali <strong>Han Bennink<\/strong>.<\/p>\n\n\n\n<figure class=\"wp-block-embed is-type-video is-provider-youtube wp-block-embed-youtube wp-embed-aspect-4-3 wp-has-aspect-ratio\"><div class=\"wp-block-embed__wrapper\">\n<iframe loading=\"lazy\" title=\"Br\u00f6tzmann \/ van Hove \/ Bennink - Einheitslied (1974\/02\/04)\" width=\"500\" height=\"375\" src=\"https:\/\/www.youtube.com\/embed\/oQ7zHI-HLSU?feature=oembed\" frameborder=\"0\" allow=\"accelerometer; autoplay; clipboard-write; encrypted-media; gyroscope; picture-in-picture; web-share\" referrerpolicy=\"strict-origin-when-cross-origin\" allowfullscreen><\/iframe>\n<\/div><\/figure>\n","protected":false},"excerpt":{"rendered":"<p>Eurooppalaisen free jazzin keskeisiin j\u00e4rk\u00e4leisiin lukeutunut saksofonisti Peter Br\u00f6tzmann kuoli 22.6.2023 82-vuotiaana. Br\u00f6tzmann oli saksofonistina itseoppinut, sen sijaan h\u00e4n opiskeli kuvataidetta ja suunnitteli yleens\u00e4 omien levyjens\u00e4 kannet. H\u00e4n kuului jonkin aikaa my\u00f6s nykytaiteessa 1960- ja 1970 -luvuilla vaikuttaneeseen Fluxus-liikkeeseen, mutta siirtyi musiikin puolelle turhauduttuaan taidemuseoiden ja -gallerioiden toimintatapoihin. Br\u00f6tzmann soitti 1950-luvulla hieman yll\u00e4tt\u00e4en dixieland-yhtyeiss\u00e4, mutta [&hellip;]<\/p>\n","protected":false},"author":1,"featured_media":24046,"comment_status":"open","ping_status":"open","sticky":false,"template":"","format":"standard","meta":{"ngg_post_thumbnail":0,"_jetpack_memberships_contains_paid_content":false,"footnotes":"","jetpack_publicize_message":"","jetpack_publicize_feature_enabled":true,"jetpack_social_post_already_shared":true,"jetpack_social_options":{"image_generator_settings":{"template":"highway","default_image_id":0,"font":"","enabled":false},"version":2}},"categories":[3],"tags":[80,96,67,1059,59],"class_list":["post-24045","post","type-post","status-publish","format-standard","has-post-thumbnail","hentry","category-jazz","tag-eurooppalainen-jazz","tag-free-jazz","tag-in-memoriam","tag-peter-brotzmann","tag-video"],"jetpack_publicize_connections":[],"jetpack_featured_media_url":"https:\/\/i0.wp.com\/www.valonkuvia.fi\/blogi\/wp-content\/uploads\/2023\/06\/brotzmann_.jpg?fit=2560%2C1340&ssl=1","jetpack_likes_enabled":false,"jetpack_sharing_enabled":true,"_links":{"self":[{"href":"https:\/\/www.valonkuvia.fi\/blogi\/wp-json\/wp\/v2\/posts\/24045","targetHints":{"allow":["GET"]}}],"collection":[{"href":"https:\/\/www.valonkuvia.fi\/blogi\/wp-json\/wp\/v2\/posts"}],"about":[{"href":"https:\/\/www.valonkuvia.fi\/blogi\/wp-json\/wp\/v2\/types\/post"}],"author":[{"embeddable":true,"href":"https:\/\/www.valonkuvia.fi\/blogi\/wp-json\/wp\/v2\/users\/1"}],"replies":[{"embeddable":true,"href":"https:\/\/www.valonkuvia.fi\/blogi\/wp-json\/wp\/v2\/comments?post=24045"}],"version-history":[{"count":4,"href":"https:\/\/www.valonkuvia.fi\/blogi\/wp-json\/wp\/v2\/posts\/24045\/revisions"}],"predecessor-version":[{"id":24050,"href":"https:\/\/www.valonkuvia.fi\/blogi\/wp-json\/wp\/v2\/posts\/24045\/revisions\/24050"}],"wp:featuredmedia":[{"embeddable":true,"href":"https:\/\/www.valonkuvia.fi\/blogi\/wp-json\/wp\/v2\/media\/24046"}],"wp:attachment":[{"href":"https:\/\/www.valonkuvia.fi\/blogi\/wp-json\/wp\/v2\/media?parent=24045"}],"wp:term":[{"taxonomy":"category","embeddable":true,"href":"https:\/\/www.valonkuvia.fi\/blogi\/wp-json\/wp\/v2\/categories?post=24045"},{"taxonomy":"post_tag","embeddable":true,"href":"https:\/\/www.valonkuvia.fi\/blogi\/wp-json\/wp\/v2\/tags?post=24045"}],"curies":[{"name":"wp","href":"https:\/\/api.w.org\/{rel}","templated":true}]}}