{"id":24422,"date":"2023-09-13T14:59:12","date_gmt":"2023-09-13T11:59:12","guid":{"rendered":"https:\/\/www.valonkuvia.fi\/blogi\/?p=24422"},"modified":"2024-04-29T22:48:00","modified_gmt":"2024-04-29T19:48:00","slug":"jazz-valokuvan-silmin","status":"publish","type":"post","link":"https:\/\/www.valonkuvia.fi\/blogi\/jazz-valokuvan-silmin\/","title":{"rendered":"Jazz valokuvan silmin"},"content":{"rendered":"\n<figure class=\"wp-block-image alignwide size-large is-style-default\"><a href=\"https:\/\/i0.wp.com\/www.valonkuvia.fi\/blogi\/wp-content\/uploads\/2023\/09\/lassy-scaled.jpg?ssl=1\"><img data-recalc-dims=\"1\" loading=\"lazy\" decoding=\"async\" width=\"852\" height=\"479\" src=\"https:\/\/i0.wp.com\/www.valonkuvia.fi\/blogi\/wp-content\/uploads\/2023\/09\/lassy.jpg?resize=852%2C479&#038;ssl=1\" alt=\"\u201cJazz valokuvan silmin\u201d esittelee jazzin ja valokuvan suhdetta. Aiheina ovat hyv\u00e4n valokuvan ainekset sommittelusta ja rajaamisesta l\u00e4htien. My\u00f6s jazzmuusikoiden ilmeiden ja viestinn\u00e4n vangitseminen, jazzkeikoilla kuvaaminen, kuvank\u00e4sittely ja mustavalkoisen valokuvan lumo saavat sijansa. Esitys perustuu valokuviini, joista vanhimmat ovat 1980-luvun puoliv\u00e4lin Kalottjazz &amp; Blues -festivaaleilta ja tuoreimmat kuluvalta vuodelta\" class=\"wp-image-24427\" srcset=\"https:\/\/i0.wp.com\/www.valonkuvia.fi\/blogi\/wp-content\/uploads\/2023\/09\/lassy-scaled.jpg?resize=852%2C479&amp;ssl=1 852w, https:\/\/i0.wp.com\/www.valonkuvia.fi\/blogi\/wp-content\/uploads\/2023\/09\/lassy-scaled.jpg?resize=426%2C240&amp;ssl=1 426w, https:\/\/i0.wp.com\/www.valonkuvia.fi\/blogi\/wp-content\/uploads\/2023\/09\/lassy-scaled.jpg?resize=768%2C432&amp;ssl=1 768w, https:\/\/i0.wp.com\/www.valonkuvia.fi\/blogi\/wp-content\/uploads\/2023\/09\/lassy-scaled.jpg?resize=1536%2C864&amp;ssl=1 1536w, https:\/\/i0.wp.com\/www.valonkuvia.fi\/blogi\/wp-content\/uploads\/2023\/09\/lassy-scaled.jpg?resize=2048%2C1152&amp;ssl=1 2048w\" sizes=\"auto, (max-width: 852px) 100vw, 852px\" \/><\/a><figcaption class=\"wp-element-caption\">Timo Lassy, Helsinki 2012<\/figcaption><\/figure>\n\n\n\n<p>Kev\u00e4\u00e4ll\u00e4 2023 sain yll\u00e4tt\u00e4v\u00e4n, mutta mieluisan viestin, kun Lahti Big Bandin puheenjohtaja <strong>Janne Tarmio<\/strong> kutsui minut keskustelemaan jazzista ja valokuvauksesta osana Lahden Jazztori-festivaalia. Ehdotus oli mielenkiintoinen ja lupasin tietenkin tarttua  n\u00e4in mielenkiintoiseen tilaisuuteen tuoda esille vuosien varrella kuvaamiani valokuvia jazzmuusikoista.<\/p>\n\n\n\n<p>Valmistelin Lahteen diaesityksen \u201c<em>Jazz valokuvan silmin<\/em>\u201d. Pohdiskelen esityksess\u00e4 jazzin ja valokuvauksen suhdetta. Aiheina ovat esimerkiksi sommittelu,  rajaaminen, jazzmuusikoiden ilmeiden ja viestinn\u00e4n vangitseminen, erilaisilla jazzkeikoilla kuvaaminen, kuvank\u00e4sittely ja mustavalkoisen valokuvan lumo. Esitys perustuu siis valokuviini, joista vanhimmat ovat 1980-luvun puoliv\u00e4lin Kalottjazz &amp; Blues -festivaaleilta ja tuoreimmat kuluvalta vuodelta.<\/p>\n\n\n<h3 style=\"font-style:normal;font-weight:300;\" class=\"wp-block-post-title\">Jazz valokuvan silmin<\/h3>\n\n\n<figure class=\"wp-block-image size-large is-style-default\"><img data-recalc-dims=\"1\" loading=\"lazy\" decoding=\"async\" width=\"852\" height=\"568\" src=\"https:\/\/i0.wp.com\/www.valonkuvia.fi\/blogi\/wp-content\/uploads\/2023\/10\/jazztori-jazz-valokuvan-silmin.jpeg?resize=852%2C568&#038;ssl=1\" alt=\"\" class=\"wp-image-24584\" srcset=\"https:\/\/i0.wp.com\/www.valonkuvia.fi\/blogi\/wp-content\/uploads\/2023\/10\/jazztori-jazz-valokuvan-silmin.jpeg?resize=852%2C568&amp;ssl=1 852w, https:\/\/i0.wp.com\/www.valonkuvia.fi\/blogi\/wp-content\/uploads\/2023\/10\/jazztori-jazz-valokuvan-silmin.jpeg?resize=426%2C284&amp;ssl=1 426w, https:\/\/i0.wp.com\/www.valonkuvia.fi\/blogi\/wp-content\/uploads\/2023\/10\/jazztori-jazz-valokuvan-silmin.jpeg?resize=768%2C512&amp;ssl=1 768w, https:\/\/i0.wp.com\/www.valonkuvia.fi\/blogi\/wp-content\/uploads\/2023\/10\/jazztori-jazz-valokuvan-silmin.jpeg?w=1080&amp;ssl=1 1080w\" sizes=\"auto, (max-width: 852px) 100vw, 852px\" \/><figcaption class=\"wp-element-caption\">Jazz valokuvan silmin Lahden kirjastossa. Kuva: Timo M\u00e4kel\u00e4<\/figcaption><\/figure>\n\n\n\n<p>Ensimm\u00e4inen &#8221;Jazz valokuvan silmin&#8221; -esitys j\u00e4rjestettiin Lahden Jazztori-tapahtuman yhteydess\u00e4 26.9.2023. Lahden kirjaston musiikkiosastolla j\u00e4rjestetyss\u00e4 tilaisuudessa esittelin kuviani ja keskustelin niist\u00e4 ja niiden her\u00e4tt\u00e4mista ajatuksista Janne Tarmion kanssa.<\/p>\n\n\n\n<h3 class=\"wp-block-heading\">Jazz valokuvan silmin &#8211; Tornio 8.11.2023<\/h3>\n\n\n\n<figure class=\"wp-block-image size-large is-style-default\"><a href=\"https:\/\/i0.wp.com\/www.valonkuvia.fi\/blogi\/wp-content\/uploads\/2023\/11\/jazz-valokuvan-silmin-tornio.jpg?ssl=1\"><img data-recalc-dims=\"1\" loading=\"lazy\" decoding=\"async\" width=\"852\" height=\"479\" src=\"https:\/\/i0.wp.com\/www.valonkuvia.fi\/blogi\/wp-content\/uploads\/2023\/11\/jazz-valokuvan-silmin-tornio.jpg?resize=852%2C479&#038;ssl=1\" alt=\"\" class=\"wp-image-24736\" srcset=\"https:\/\/i0.wp.com\/www.valonkuvia.fi\/blogi\/wp-content\/uploads\/2023\/11\/jazz-valokuvan-silmin-tornio.jpg?resize=852%2C479&amp;ssl=1 852w, https:\/\/i0.wp.com\/www.valonkuvia.fi\/blogi\/wp-content\/uploads\/2023\/11\/jazz-valokuvan-silmin-tornio.jpg?resize=426%2C240&amp;ssl=1 426w, https:\/\/i0.wp.com\/www.valonkuvia.fi\/blogi\/wp-content\/uploads\/2023\/11\/jazz-valokuvan-silmin-tornio.jpg?resize=768%2C432&amp;ssl=1 768w, https:\/\/i0.wp.com\/www.valonkuvia.fi\/blogi\/wp-content\/uploads\/2023\/11\/jazz-valokuvan-silmin-tornio.jpg?resize=1536%2C864&amp;ssl=1 1536w, https:\/\/i0.wp.com\/www.valonkuvia.fi\/blogi\/wp-content\/uploads\/2023\/11\/jazz-valokuvan-silmin-tornio.jpg?w=1600&amp;ssl=1 1600w\" sizes=\"auto, (max-width: 852px) 100vw, 852px\" \/><\/a><figcaption class=\"wp-element-caption\">Kuvat: Esa Pirinen<\/figcaption><\/figure>\n\n\n\n<p>Esittelin jazzkuviani my\u00f6s Torniossa Riverside Jazzin ja Tornion kirjaston j\u00e4rjest\u00e4m\u00e4ss\u00e4 tilaisuudessa.<\/p>\n\n\n\n<h3 class=\"wp-block-heading\">Kiinnostaako &#8221;Jazz valokuvan silmin&#8221;?<\/h3>\n\n\n\n<p>Jos jazzvalokuvaus kiinnostaa ja haluat esitykseni osaksi vaikkapa jazzyhdistyksen ohjelmaa, ota yhteytt\u00e4 minuun s\u00e4hk\u00f6postilla: etunimi.sukunimi@valonkuvia.fi.<\/p>\n","protected":false},"excerpt":{"rendered":"<p>Valmistelin Lahteen diaesityksen \u201cJazz valokuvan silmin\u201d. Pohdiskelen esityksess\u00e4 jazzin ja valokuvauksen suhdetta. Aiheina ovat esimerkiksi sommittelu,  rajaaminen, jazzmuusikoiden ilmeiden ja viestinn\u00e4n vangitseminen, erilaisilla jazzkeikoilla kuvaaminen, kuvank\u00e4sittely ja mustavalkoisen valokuvan lumo. Esitys perustuu valokuviini, joista vanhimmat ovat 1980-luvun puoliv\u00e4lin Kalottjazz &#038; Blues -festivaaleilta ja tuoreimmat kuluvalta vuodelta<\/p>\n","protected":false},"author":1,"featured_media":24428,"comment_status":"open","ping_status":"open","sticky":false,"template":"","format":"standard","meta":{"ngg_post_thumbnail":0,"_jetpack_memberships_contains_paid_content":false,"footnotes":"","jetpack_publicize_message":"","jetpack_publicize_feature_enabled":true,"jetpack_social_post_already_shared":true,"jetpack_social_options":{"image_generator_settings":{"template":"highway","default_image_id":0,"font":"","enabled":false},"version":2}},"categories":[3,10],"tags":[991,1068,1067],"class_list":["post-24422","post","type-post","status-publish","format-standard","has-post-thumbnail","hentry","category-jazz","category-valokuvaus","tag-jazzfestivaalit","tag-jazzkuvaus","tag-lahden-jazztori"],"jetpack_publicize_connections":[],"jetpack_featured_media_url":"https:\/\/i0.wp.com\/www.valonkuvia.fi\/blogi\/wp-content\/uploads\/2023\/09\/lassy-1-scaled.jpg?fit=2560%2C1440&ssl=1","jetpack_likes_enabled":false,"jetpack_sharing_enabled":true,"_links":{"self":[{"href":"https:\/\/www.valonkuvia.fi\/blogi\/wp-json\/wp\/v2\/posts\/24422","targetHints":{"allow":["GET"]}}],"collection":[{"href":"https:\/\/www.valonkuvia.fi\/blogi\/wp-json\/wp\/v2\/posts"}],"about":[{"href":"https:\/\/www.valonkuvia.fi\/blogi\/wp-json\/wp\/v2\/types\/post"}],"author":[{"embeddable":true,"href":"https:\/\/www.valonkuvia.fi\/blogi\/wp-json\/wp\/v2\/users\/1"}],"replies":[{"embeddable":true,"href":"https:\/\/www.valonkuvia.fi\/blogi\/wp-json\/wp\/v2\/comments?post=24422"}],"version-history":[{"count":22,"href":"https:\/\/www.valonkuvia.fi\/blogi\/wp-json\/wp\/v2\/posts\/24422\/revisions"}],"predecessor-version":[{"id":25453,"href":"https:\/\/www.valonkuvia.fi\/blogi\/wp-json\/wp\/v2\/posts\/24422\/revisions\/25453"}],"wp:featuredmedia":[{"embeddable":true,"href":"https:\/\/www.valonkuvia.fi\/blogi\/wp-json\/wp\/v2\/media\/24428"}],"wp:attachment":[{"href":"https:\/\/www.valonkuvia.fi\/blogi\/wp-json\/wp\/v2\/media?parent=24422"}],"wp:term":[{"taxonomy":"category","embeddable":true,"href":"https:\/\/www.valonkuvia.fi\/blogi\/wp-json\/wp\/v2\/categories?post=24422"},{"taxonomy":"post_tag","embeddable":true,"href":"https:\/\/www.valonkuvia.fi\/blogi\/wp-json\/wp\/v2\/tags?post=24422"}],"curies":[{"name":"wp","href":"https:\/\/api.w.org\/{rel}","templated":true}]}}