{"id":24587,"date":"2023-10-12T22:43:49","date_gmt":"2023-10-12T19:43:49","guid":{"rendered":"https:\/\/www.valonkuvia.fi\/blogi\/?p=24587"},"modified":"2023-10-13T11:37:39","modified_gmt":"2023-10-13T08:37:39","slug":"kolme-pianotrioa-2023-2","status":"publish","type":"post","link":"https:\/\/www.valonkuvia.fi\/blogi\/kolme-pianotrioa-2023-2\/","title":{"rendered":"Kolme pianotrioa (j\u00e4lleen) &#8211; S\u00f8ren Bebe Trio, Tuomo Uusitalo Trio &#038; Enemy"},"content":{"rendered":"\n<figure class=\"wp-block-image alignwide size-large is-style-default\"><a href=\"https:\/\/i0.wp.com\/www.valonkuvia.fi\/blogi\/wp-content\/uploads\/2023\/10\/uusitalo-2022-1.jpg?ssl=1\"><img data-recalc-dims=\"1\" loading=\"lazy\" decoding=\"async\" width=\"852\" height=\"568\" src=\"https:\/\/i0.wp.com\/www.valonkuvia.fi\/blogi\/wp-content\/uploads\/2023\/10\/uusitalo-2022-1.jpg?resize=852%2C568&#038;ssl=1\" alt=\"\" class=\"wp-image-24608\" srcset=\"https:\/\/i0.wp.com\/www.valonkuvia.fi\/blogi\/wp-content\/uploads\/2023\/10\/uusitalo-2022-1.jpg?resize=852%2C568&amp;ssl=1 852w, https:\/\/i0.wp.com\/www.valonkuvia.fi\/blogi\/wp-content\/uploads\/2023\/10\/uusitalo-2022-1.jpg?resize=426%2C284&amp;ssl=1 426w, https:\/\/i0.wp.com\/www.valonkuvia.fi\/blogi\/wp-content\/uploads\/2023\/10\/uusitalo-2022-1.jpg?resize=768%2C512&amp;ssl=1 768w, https:\/\/i0.wp.com\/www.valonkuvia.fi\/blogi\/wp-content\/uploads\/2023\/10\/uusitalo-2022-1.jpg?w=1500&amp;ssl=1 1500w\" sizes=\"auto, (max-width: 852px) 100vw, 852px\" \/><\/a><figcaption class=\"wp-element-caption\">Tuomo Uusitalo, 3.9.2022 Joensuussa Case K\u00e4m\u00e4r\u00e4inen -yhtyeen pianistina<\/figcaption><\/figure>\n\n\n\n<p>Sain kuunneltavaksi j\u00e4lleen kolme uutta eurooppalaista pianotriolevy\u00e4, jotka sijoittuvat selv\u00e4sti eri puolille pianotriojen kent\u00e4ll\u00e4.<\/p>\n\n\n\n<figure class=\"wp-block-image size-large is-style-default\"><a href=\"https:\/\/i0.wp.com\/www.valonkuvia.fi\/blogi\/wp-content\/uploads\/2023\/10\/Soren_Bebe_Trio_2_photo_by_Jan_Palle.jpg?ssl=1\"><img data-recalc-dims=\"1\" loading=\"lazy\" decoding=\"async\" width=\"852\" height=\"502\" src=\"https:\/\/i0.wp.com\/www.valonkuvia.fi\/blogi\/wp-content\/uploads\/2023\/10\/Soren_Bebe_Trio_2_photo_by_Jan_Palle.jpg?resize=852%2C502&#038;ssl=1\" alt=\"\" class=\"wp-image-24588\" srcset=\"https:\/\/i0.wp.com\/www.valonkuvia.fi\/blogi\/wp-content\/uploads\/2023\/10\/Soren_Bebe_Trio_2_photo_by_Jan_Palle.jpg?resize=852%2C502&amp;ssl=1 852w, https:\/\/i0.wp.com\/www.valonkuvia.fi\/blogi\/wp-content\/uploads\/2023\/10\/Soren_Bebe_Trio_2_photo_by_Jan_Palle.jpg?resize=426%2C251&amp;ssl=1 426w, https:\/\/i0.wp.com\/www.valonkuvia.fi\/blogi\/wp-content\/uploads\/2023\/10\/Soren_Bebe_Trio_2_photo_by_Jan_Palle.jpg?resize=768%2C452&amp;ssl=1 768w, https:\/\/i0.wp.com\/www.valonkuvia.fi\/blogi\/wp-content\/uploads\/2023\/10\/Soren_Bebe_Trio_2_photo_by_Jan_Palle.jpg?resize=1536%2C905&amp;ssl=1 1536w, https:\/\/i0.wp.com\/www.valonkuvia.fi\/blogi\/wp-content\/uploads\/2023\/10\/Soren_Bebe_Trio_2_photo_by_Jan_Palle.jpg?w=2000&amp;ssl=1 2000w\" sizes=\"auto, (max-width: 852px) 100vw, 852px\" \/><\/a><figcaption class=\"wp-element-caption\">S\u00f8ren Bebe Trio. Kuva: Jan Palle<\/figcaption><\/figure>\n\n\n\n<p>Tanskalainen pianisti <strong>S\u00f8ren Bebe<\/strong> on itselleni uusi nimi, vaikka pian ilmestyv\u00e4 <em>\u201cHere Now\u201d<\/em> on jo h\u00e4nen nime\u00e4\u00e4n kantavan trion seitsem\u00e4s albumi. \u201c<em>Here Now<\/em>\u201d asettuu selv\u00e4sti siihen pohjoismaisen jazzin perinteeseen, johon liiittyv\u00e4t niin avarat ja viile\u00e4t maisemat kuin surumielisen syksyiset melodiat.&nbsp;<\/p>\n\n\n\n<p>Beben kymmenest\u00e4 s\u00e4vellyksest\u00e4 koostuva albumi soi kirkkaana ja vain olennaisimpaan keskittyneen\u00e4. Trio liikkuu l\u00e4hes koko ajan hitaassa balladitempossa, vain \u201c<em>Summerin<\/em>\u201d tarttuva groove painaa hetkeksi kaasupoljinta. L\u00e4heisen\u00e4 vertailukohtana mieleen tulee norjalaisen <strong>Tord Gustavsenin<\/strong> musiikki, esimerkiksi \u201c<em>Tangeriaa<\/em>\u201d olisin sokkotestiss\u00e4 veikannut Gustavsenin kappaleeksi.&nbsp;<\/p>\n\n\n\n<p>\u201c<em>Folksy (To Jan)<\/em>\u201d viittaa puolestaan sek\u00e4 nimens\u00e4 ett\u00e4 melodiansa puolesta pohjoisen jazzsoundin luojiin kuuluvan <strong>Jan Johanssonin<\/strong> suuntaan. Kappaleen rumpuintrossa <strong>Knut Finsrud<\/strong> todistaa, kuinka rumpali voi soittaa j\u00e4nnitt\u00e4v\u00e4\u00e4 musiikkia my\u00f6s pienill\u00e4 eleill\u00e4 ja hiljaisella volyymilla. Koko hiljainen albumi perustuu pienille eleille ja avara tilantunteelle, jonka onnistunut \u00e4\u00e4nitys on taitavasti tallentanut. \u201c<em>Here Now<\/em>\u201d on kuulaan kaunis kokonaisuus, jota annos rosoisuutta tai vaaran tunnetta olisi ep\u00e4ilem\u00e4tt\u00e4 ter\u00e4v\u00f6itt\u00e4nyt.  <\/p>\n\n\n\n<p><strong>S\u00f8ren Bebe Trio<\/strong>: Here Now (From Out Here Music, 2023)<br><em>S\u00f8ren Bebe, piano, Kasper Tagel, basso, Knut Finsrud, rummut<\/em><\/p>\n\n\n\n<figure class=\"wp-block-image size-large is-style-default\"><a href=\"https:\/\/i0.wp.com\/www.valonkuvia.fi\/blogi\/wp-content\/uploads\/2023\/10\/Tuomo-Uusitalo-Trio.jpg?ssl=1\"><img data-recalc-dims=\"1\" loading=\"lazy\" decoding=\"async\" width=\"813\" height=\"852\" src=\"https:\/\/i0.wp.com\/www.valonkuvia.fi\/blogi\/wp-content\/uploads\/2023\/10\/Tuomo-Uusitalo-Trio.jpg?resize=813%2C852&#038;ssl=1\" alt=\"\" class=\"wp-image-24602\" srcset=\"https:\/\/i0.wp.com\/www.valonkuvia.fi\/blogi\/wp-content\/uploads\/2023\/10\/Tuomo-Uusitalo-Trio.jpg?resize=813%2C852&amp;ssl=1 813w, https:\/\/i0.wp.com\/www.valonkuvia.fi\/blogi\/wp-content\/uploads\/2023\/10\/Tuomo-Uusitalo-Trio.jpg?resize=407%2C426&amp;ssl=1 407w, https:\/\/i0.wp.com\/www.valonkuvia.fi\/blogi\/wp-content\/uploads\/2023\/10\/Tuomo-Uusitalo-Trio.jpg?resize=768%2C805&amp;ssl=1 768w, https:\/\/i0.wp.com\/www.valonkuvia.fi\/blogi\/wp-content\/uploads\/2023\/10\/Tuomo-Uusitalo-Trio.jpg?resize=1466%2C1536&amp;ssl=1 1466w, https:\/\/i0.wp.com\/www.valonkuvia.fi\/blogi\/wp-content\/uploads\/2023\/10\/Tuomo-Uusitalo-Trio.jpg?w=1909&amp;ssl=1 1909w\" sizes=\"auto, (max-width: 813px) 100vw, 813px\" \/><\/a><figcaption class=\"wp-element-caption\">Tuomo Uusitalo Trio. Kuva: Meri Bj\u00f6rk<\/figcaption><\/figure>\n\n\n\n<p>New Yorkin vuosien j\u00e4lkeen koti-Suomeen palannut pianisti <strong>Tuomo Uusitalo<\/strong> on julkaissut uuden suomalaisen trionsa ensimm\u00e4isen albumin. Nimest\u00e4\u00e4n huolimatta albumi tuntuu katselevan New Yorkin suuntaan, sill\u00e4 levyn jalkoja naputtamaan ja sormia napsuttelemaan pakottava svengi kuulostaa juuri sellaiselta, jota kelpaisi (ainakin jazzromanttisen ja ehk\u00e4 kliseisen mielikuvani mukaan) kuunnella suurkaupungin jazzklubilla viskilasi k\u00e4dess\u00e4.&nbsp;<\/p>\n\n\n\n<p>Tuomo Uusitalo Trio on erinomainen yhtye, joka soittaa vet\u00e4v\u00e4sti svengaavaa jazzia vakuuttavasti. Levyll\u00e4 on yhdeks\u00e4n kappaletta, nelj\u00e4 Uusitalolta ja nelj\u00e4 rumpali <strong>Roope Kantoselta<\/strong> sek\u00e4 yksi basisti <strong>Juuso Rinnalta<\/strong>, jotka kaikki ovat toimivaa ja tyylilt\u00e4\u00e4n uskottavaa nykyjazzia. Esimerkiksi levyn avausraita \u201c<em>Three Bridges<\/em>\u201d vihjaa melodiassaan <strong>Thelonious Monkiin<\/strong> ja sen pianoriffi toistuu pitkin matkaa ja ennen kappaleen p\u00e4\u00e4t\u00f6st\u00e4 kokoaa itsepintaisesti&nbsp; j\u00e4nnityst\u00e4 vuoropuhelulla Kantosen rumpujen kanssa. \u201c<em>Mmoods<\/em>\u201d kumartaa viel\u00e4 avausraitaa enemm\u00e4n Monkin suuntaan ja tarjoaa tilaa Rinnan basson notkealle soololle sek\u00e4 Uusitalon tihe\u00e4lle ja moni-ilmeisen improvisaatiolle. My\u00f6s letke\u00e4sti kulkevat \u201c<em>Greenwich Village<\/em>\u201d ja \u201c<em>Cabrini 181<\/em>\u201d sek\u00e4 levyn p\u00e4\u00e4tt\u00e4v\u00e4 balladi \u201c<em>All Things Beautiful<\/em>\u201d j\u00e4\u00e4v\u00e4t miellytt\u00e4v\u00e4sti mieleen.&nbsp;<\/p>\n\n\n\n<p>\u201c<em>Homecoming<\/em>\u201d on t\u00e4ytel\u00e4inen ja tavallista onnistuneempi jazzlevy, jolla Tuomo Uusitalo Trio todistaa, ett\u00e4 perinteisen tyylin sis\u00e4ll\u00e4 on mahdollista luoda raikasta ja mielenkiintoista musiikkia.<\/p>\n\n\n\n<p><strong>Tuomo Uusitalo Trio<\/strong>: Homecoming (Fresh Sound New Talent, 2023)<br><em>Tuomo Uusitalo, piano, Juuso Rinta, basso, Roope Kantonen, rummut<\/em><\/p>\n\n\n\n<figure class=\"wp-block-image size-large is-style-default\"><a href=\"https:\/\/i0.wp.com\/www.valonkuvia.fi\/blogi\/wp-content\/uploads\/2023\/10\/Enemy-by-Juliane-Schutz.jpg?ssl=1\"><img data-recalc-dims=\"1\" loading=\"lazy\" decoding=\"async\" width=\"852\" height=\"568\" src=\"https:\/\/i0.wp.com\/www.valonkuvia.fi\/blogi\/wp-content\/uploads\/2023\/10\/Enemy-by-Juliane-Schutz.jpg?resize=852%2C568&#038;ssl=1\" alt=\"\" class=\"wp-image-24589\" srcset=\"https:\/\/i0.wp.com\/www.valonkuvia.fi\/blogi\/wp-content\/uploads\/2023\/10\/Enemy-by-Juliane-Schutz.jpg?resize=852%2C568&amp;ssl=1 852w, https:\/\/i0.wp.com\/www.valonkuvia.fi\/blogi\/wp-content\/uploads\/2023\/10\/Enemy-by-Juliane-Schutz.jpg?resize=426%2C284&amp;ssl=1 426w, https:\/\/i0.wp.com\/www.valonkuvia.fi\/blogi\/wp-content\/uploads\/2023\/10\/Enemy-by-Juliane-Schutz.jpg?resize=768%2C512&amp;ssl=1 768w, https:\/\/i0.wp.com\/www.valonkuvia.fi\/blogi\/wp-content\/uploads\/2023\/10\/Enemy-by-Juliane-Schutz.jpg?resize=1536%2C1024&amp;ssl=1 1536w, https:\/\/i0.wp.com\/www.valonkuvia.fi\/blogi\/wp-content\/uploads\/2023\/10\/Enemy-by-Juliane-Schutz.jpg?w=2000&amp;ssl=1 2000w\" sizes=\"auto, (max-width: 852px) 100vw, 852px\" \/><\/a><figcaption class=\"wp-element-caption\">Enemy. Kuva: Juliane Schultz<\/figcaption><\/figure>\n\n\n\n<p>Jo vuonna 2018 debyyttilevyns\u00e4 julkaisseessa Enemy-triossa soittavat brittil\u00e4iset <strong>Kit Downes<\/strong> (piano) ja <strong>James Maddren<\/strong> (rummut) sek\u00e4 ruotsalainen basisti <strong>Petter Eldh<\/strong>. Yhtyeen nime\u00e4 kantanut intensiivinen debyyttilevy ilmestyi Edition Recordsilla ja enemm\u00e4n kamarimusiikin hengess\u00e4 soiva ECM-levy \u201c<em>Vermillion<\/em>\u201d vuonna 2022. Yhtye vaihtoi levy-yhti\u00f6t\u00e4 my\u00f6s toisen albuminsa j\u00e4lkeen ja trion kolmas albumi, l\u00e4hinn\u00e4&nbsp; Downesin ja Eldhin s\u00e4vellyksist\u00e4 (kaksi kappaletta on merkitty koko yhtyeen nimiin) koostuva \u201c<em>The Betrayal<\/em>\u201d ilmestyi v\u00e4h\u00e4n aikaa sitten We Jazzilla.&nbsp;<\/p>\n\n\n\n<p>Kun \u201c<em>The Betrayal<\/em>\u201d pursuaa levotonta energiaa, saa kuulija odottaa odottamattomia k\u00e4\u00e4nteit\u00e4, eik\u00e4 yhden ajatuksen \u00e4\u00e4relle pys\u00e4hdyt\u00e4 mietiskelem\u00e4\u00e4n pitk\u00e4ksi aikaa. Reilun puolen tunnin mittaiselle levylle mahtuu kaksitoista lyhyehk\u00f6\u00e4 kappaletta (vajaasta kahdesta minuutista reiluun nelj\u00e4\u00e4n minuuttiin), mik\u00e4 vain korostaa musiikin moneen suuntaan kurkottavaa ilmett\u00e4. Musiikin levottomuudesta puristuu lopulta kuitenkin esille vahva kokonaisuus, jonka trion intensiivisen tiukka ja vuosien varrella hioutunut yhteissoitto sitoo yhteen.<\/p>\n\n\n\n<p>Monilta muiltakin We Jazzin tuotannoilta tutuksi tulleen Petter Eldhin k\u00e4denj\u00e4lki kuuluu levyll\u00e4 hienovaraisina studiotehosteina, jotka avartavat ja rikastavat muuten akustisen pianotrion soundia. \u201c<em>The Betrayal<\/em>\u201d onnistuu avaamaan uuden kuvakulman pianotriojen jazziin, mik\u00e4 formaatin yleisyyden huomioon ottaen on melkoinen saavutus.<\/p>\n\n\n\n<p><strong>Enemy<\/strong>: The Betrayal (We Jazz, 2023)<br><em>Kit Downes, piano, Petter Eldh, basso, James Maddren, rummut<\/em><\/p>\n\n\n\n<figure class=\"wp-block-gallery has-nested-images columns-default is-cropped wp-block-gallery-2 is-layout-flex wp-block-gallery-is-layout-flex\">\n<figure class=\"wp-block-image size-large is-style-default\"><a href=\"https:\/\/i0.wp.com\/www.valonkuvia.fi\/blogi\/wp-content\/uploads\/2023\/10\/soren-bebe-cover.webp?ssl=1\"><img data-recalc-dims=\"1\" loading=\"lazy\" decoding=\"async\" width=\"852\" height=\"852\" data-id=\"24592\" src=\"https:\/\/i0.wp.com\/www.valonkuvia.fi\/blogi\/wp-content\/uploads\/2023\/10\/soren-bebe-cover.webp?resize=852%2C852&#038;ssl=1\" alt=\"\" class=\"wp-image-24592\" srcset=\"https:\/\/i0.wp.com\/www.valonkuvia.fi\/blogi\/wp-content\/uploads\/2023\/10\/soren-bebe-cover.webp?resize=852%2C852&amp;ssl=1 852w, https:\/\/i0.wp.com\/www.valonkuvia.fi\/blogi\/wp-content\/uploads\/2023\/10\/soren-bebe-cover.webp?resize=426%2C426&amp;ssl=1 426w, https:\/\/i0.wp.com\/www.valonkuvia.fi\/blogi\/wp-content\/uploads\/2023\/10\/soren-bebe-cover.webp?resize=150%2C150&amp;ssl=1 150w, https:\/\/i0.wp.com\/www.valonkuvia.fi\/blogi\/wp-content\/uploads\/2023\/10\/soren-bebe-cover.webp?resize=768%2C768&amp;ssl=1 768w, https:\/\/i0.wp.com\/www.valonkuvia.fi\/blogi\/wp-content\/uploads\/2023\/10\/soren-bebe-cover.webp?resize=400%2C400&amp;ssl=1 400w, https:\/\/i0.wp.com\/www.valonkuvia.fi\/blogi\/wp-content\/uploads\/2023\/10\/soren-bebe-cover.webp?resize=1536%2C1536&amp;ssl=1 1536w, https:\/\/i0.wp.com\/www.valonkuvia.fi\/blogi\/wp-content\/uploads\/2023\/10\/soren-bebe-cover.webp?resize=120%2C120&amp;ssl=1 120w, https:\/\/i0.wp.com\/www.valonkuvia.fi\/blogi\/wp-content\/uploads\/2023\/10\/soren-bebe-cover.webp?w=2048&amp;ssl=1 2048w\" sizes=\"auto, (max-width: 852px) 100vw, 852px\" \/><\/a><\/figure>\n\n\n\n<figure class=\"wp-block-image size-large is-style-default\"><a href=\"https:\/\/i0.wp.com\/www.valonkuvia.fi\/blogi\/wp-content\/uploads\/2023\/10\/tuomo-uusitalo-cover.jpeg?ssl=1\"><img data-recalc-dims=\"1\" loading=\"lazy\" decoding=\"async\" width=\"852\" height=\"852\" data-id=\"24599\" src=\"https:\/\/i0.wp.com\/www.valonkuvia.fi\/blogi\/wp-content\/uploads\/2023\/10\/tuomo-uusitalo-cover.jpeg?resize=852%2C852&#038;ssl=1\" alt=\"\" class=\"wp-image-24599\" srcset=\"https:\/\/i0.wp.com\/www.valonkuvia.fi\/blogi\/wp-content\/uploads\/2023\/10\/tuomo-uusitalo-cover.jpeg?resize=852%2C852&amp;ssl=1 852w, https:\/\/i0.wp.com\/www.valonkuvia.fi\/blogi\/wp-content\/uploads\/2023\/10\/tuomo-uusitalo-cover.jpeg?resize=426%2C426&amp;ssl=1 426w, https:\/\/i0.wp.com\/www.valonkuvia.fi\/blogi\/wp-content\/uploads\/2023\/10\/tuomo-uusitalo-cover.jpeg?resize=150%2C150&amp;ssl=1 150w, https:\/\/i0.wp.com\/www.valonkuvia.fi\/blogi\/wp-content\/uploads\/2023\/10\/tuomo-uusitalo-cover.jpeg?resize=768%2C768&amp;ssl=1 768w, https:\/\/i0.wp.com\/www.valonkuvia.fi\/blogi\/wp-content\/uploads\/2023\/10\/tuomo-uusitalo-cover.jpeg?resize=400%2C400&amp;ssl=1 400w, https:\/\/i0.wp.com\/www.valonkuvia.fi\/blogi\/wp-content\/uploads\/2023\/10\/tuomo-uusitalo-cover.jpeg?resize=120%2C120&amp;ssl=1 120w, https:\/\/i0.wp.com\/www.valonkuvia.fi\/blogi\/wp-content\/uploads\/2023\/10\/tuomo-uusitalo-cover.jpeg?w=1500&amp;ssl=1 1500w\" sizes=\"auto, (max-width: 852px) 100vw, 852px\" \/><\/a><\/figure>\n\n\n\n<figure class=\"wp-block-image size-large is-style-default\"><a href=\"https:\/\/i0.wp.com\/www.valonkuvia.fi\/blogi\/wp-content\/uploads\/2023\/10\/WJLP52-Enemy-DIGI-2500.jpeg?ssl=1\"><img data-recalc-dims=\"1\" loading=\"lazy\" decoding=\"async\" width=\"852\" height=\"852\" data-id=\"24593\" src=\"https:\/\/i0.wp.com\/www.valonkuvia.fi\/blogi\/wp-content\/uploads\/2023\/10\/WJLP52-Enemy-DIGI-2500.jpeg?resize=852%2C852&#038;ssl=1\" alt=\"\" class=\"wp-image-24593\" srcset=\"https:\/\/i0.wp.com\/www.valonkuvia.fi\/blogi\/wp-content\/uploads\/2023\/10\/WJLP52-Enemy-DIGI-2500.jpeg?resize=852%2C852&amp;ssl=1 852w, https:\/\/i0.wp.com\/www.valonkuvia.fi\/blogi\/wp-content\/uploads\/2023\/10\/WJLP52-Enemy-DIGI-2500.jpeg?resize=426%2C426&amp;ssl=1 426w, https:\/\/i0.wp.com\/www.valonkuvia.fi\/blogi\/wp-content\/uploads\/2023\/10\/WJLP52-Enemy-DIGI-2500.jpeg?resize=150%2C150&amp;ssl=1 150w, https:\/\/i0.wp.com\/www.valonkuvia.fi\/blogi\/wp-content\/uploads\/2023\/10\/WJLP52-Enemy-DIGI-2500.jpeg?resize=768%2C768&amp;ssl=1 768w, https:\/\/i0.wp.com\/www.valonkuvia.fi\/blogi\/wp-content\/uploads\/2023\/10\/WJLP52-Enemy-DIGI-2500.jpeg?resize=400%2C400&amp;ssl=1 400w, https:\/\/i0.wp.com\/www.valonkuvia.fi\/blogi\/wp-content\/uploads\/2023\/10\/WJLP52-Enemy-DIGI-2500.jpeg?resize=1536%2C1536&amp;ssl=1 1536w, https:\/\/i0.wp.com\/www.valonkuvia.fi\/blogi\/wp-content\/uploads\/2023\/10\/WJLP52-Enemy-DIGI-2500.jpeg?resize=2048%2C2048&amp;ssl=1 2048w, https:\/\/i0.wp.com\/www.valonkuvia.fi\/blogi\/wp-content\/uploads\/2023\/10\/WJLP52-Enemy-DIGI-2500.jpeg?resize=120%2C120&amp;ssl=1 120w\" sizes=\"auto, (max-width: 852px) 100vw, 852px\" \/><\/a><\/figure>\n<\/figure>\n\n\n\n<h4 class=\"wp-block-heading\">Yhteenveto:<\/h4>\n\n\n\n<ul class=\"wp-block-list\">\n<li><strong>S\u00f8ren Bebe Trio<\/strong> &#8211; kauniisti \u00e4\u00e4nitetty albumi tallentaa niin avaraa tilan tuntua kuin melodisesti miellytt\u00e4v\u00e4\u00e4 jazzia<\/li>\n\n\n\n<li><strong>Tuomo Uusitalo Trio<\/strong> &#8211; svengaavaa ja uskottavaa jazzia tuoreesti tulkittuna<\/li>\n\n\n\n<li><strong>Enemy<\/strong> &#8211;  tiivis ja intensiivinen levy hakee uusia kuvakulmia<\/li>\n<\/ul>\n\n\n\n<p>Kaikki kolme levy\u00e4 p\u00e4\u00e4sev\u00e4t mukaan Valon kuvia -blogin t\u00e4m\u00e4n vuoden kuuntelusuositusten listalle:&nbsp;<a href=\"https:\/\/docs.google.com\/document\/d\/1G9_PipO18AM-hpmjqz-_yxiv2EUH-2vftZZcGXKytaY\/edit?usp=sharing\">Vuoden valinnat 2023<\/a>.&nbsp;<\/p>\n\n\n\n<p>Vuosien varrella olen kuunnellut useita pianotrioja &#8211; lue niist\u00e4 t\u00e4\u00e4lt\u00e4: <a href=\"https:\/\/www.valonkuvia.fi\/blogi\/tag\/pianotrio\/\" data-type=\"link\" data-id=\"https:\/\/www.valonkuvia.fi\/blogi\/tag\/pianotrio\/\">Pianotrio<\/a>.<\/p>\n\n\n\n<h3 class=\"wp-block-heading\"><a href=\"https:\/\/www.valonkuvia.fi\/blogi\/darius-jones-fluxkit-vancouver\/#darius-jones-zubot-animated-score\"><\/a><\/h3>\n","protected":false},"excerpt":{"rendered":"<p>Sain kuunneltavaksi j\u00e4lleen kolme uutta eurooppalaista pianotriolevy\u00e4, jotka sijoittuvat selv\u00e4sti eri puolille pianotriojen kent\u00e4ll\u00e4. Tanskalainen pianisti S\u00f8ren Bebe on itselleni uusi nimi, vaikka pian ilmestyv\u00e4 \u201cHere Now\u201d on jo h\u00e4nen nime\u00e4\u00e4n kantavan trion seitsem\u00e4s albumi. \u201cHere Now\u201d asettuu selv\u00e4sti siihen pohjoismaisen jazzin perinteeseen, johon liiittyv\u00e4t niin avarat ja viile\u00e4t maisemat kuin surumielisen syksyiset melodiat.&nbsp; Beben [&hellip;]<\/p>\n","protected":false},"author":1,"featured_media":24589,"comment_status":"open","ping_status":"open","sticky":false,"template":"","format":"standard","meta":{"ngg_post_thumbnail":0,"_jetpack_memberships_contains_paid_content":false,"footnotes":"","jetpack_publicize_message":"","jetpack_publicize_feature_enabled":true,"jetpack_social_post_already_shared":true,"jetpack_social_options":{"image_generator_settings":{"template":"highway","default_image_id":0,"font":"","enabled":false},"version":2}},"categories":[3],"tags":[1076,80,13,1054,640,319,18,1077,1061],"class_list":["post-24587","post","type-post","status-publish","format-standard","has-post-thumbnail","hentry","category-jazz","tag-enemy","tag-eurooppalainen-jazz","tag-jazzlevyt-2","tag-kit-downes","tag-petter-eldh","tag-pianotrio","tag-suomalainen-jazz","tag-soren-bebe","tag-tuomo-uusitalo"],"jetpack_publicize_connections":[],"jetpack_featured_media_url":"https:\/\/i0.wp.com\/www.valonkuvia.fi\/blogi\/wp-content\/uploads\/2023\/10\/Enemy-by-Juliane-Schutz.jpg?fit=2000%2C1333&ssl=1","jetpack_likes_enabled":false,"jetpack_sharing_enabled":true,"_links":{"self":[{"href":"https:\/\/www.valonkuvia.fi\/blogi\/wp-json\/wp\/v2\/posts\/24587","targetHints":{"allow":["GET"]}}],"collection":[{"href":"https:\/\/www.valonkuvia.fi\/blogi\/wp-json\/wp\/v2\/posts"}],"about":[{"href":"https:\/\/www.valonkuvia.fi\/blogi\/wp-json\/wp\/v2\/types\/post"}],"author":[{"embeddable":true,"href":"https:\/\/www.valonkuvia.fi\/blogi\/wp-json\/wp\/v2\/users\/1"}],"replies":[{"embeddable":true,"href":"https:\/\/www.valonkuvia.fi\/blogi\/wp-json\/wp\/v2\/comments?post=24587"}],"version-history":[{"count":21,"href":"https:\/\/www.valonkuvia.fi\/blogi\/wp-json\/wp\/v2\/posts\/24587\/revisions"}],"predecessor-version":[{"id":24620,"href":"https:\/\/www.valonkuvia.fi\/blogi\/wp-json\/wp\/v2\/posts\/24587\/revisions\/24620"}],"wp:featuredmedia":[{"embeddable":true,"href":"https:\/\/www.valonkuvia.fi\/blogi\/wp-json\/wp\/v2\/media\/24589"}],"wp:attachment":[{"href":"https:\/\/www.valonkuvia.fi\/blogi\/wp-json\/wp\/v2\/media?parent=24587"}],"wp:term":[{"taxonomy":"category","embeddable":true,"href":"https:\/\/www.valonkuvia.fi\/blogi\/wp-json\/wp\/v2\/categories?post=24587"},{"taxonomy":"post_tag","embeddable":true,"href":"https:\/\/www.valonkuvia.fi\/blogi\/wp-json\/wp\/v2\/tags?post=24587"}],"curies":[{"name":"wp","href":"https:\/\/api.w.org\/{rel}","templated":true}]}}