{"id":24828,"date":"2023-11-24T23:00:11","date_gmt":"2023-11-24T21:00:11","guid":{"rendered":"https:\/\/www.valonkuvia.fi\/blogi\/?p=24828"},"modified":"2023-11-25T15:29:57","modified_gmt":"2023-11-25T13:29:57","slug":"we-jazz-2023","status":"publish","type":"post","link":"https:\/\/www.valonkuvia.fi\/blogi\/we-jazz-2023\/","title":{"rendered":"We Jazz 2023"},"content":{"rendered":"\n<figure class=\"wp-block-image aligncenter size-large is-style-default\"><a href=\"https:\/\/i0.wp.com\/www.valonkuvia.fi\/blogi\/wp-content\/uploads\/2023\/11\/wejazz2023-2.jpeg?ssl=1\"><img data-recalc-dims=\"1\" loading=\"lazy\" decoding=\"async\" width=\"852\" height=\"811\" src=\"https:\/\/i0.wp.com\/www.valonkuvia.fi\/blogi\/wp-content\/uploads\/2023\/11\/wejazz2023-2.jpeg?resize=852%2C811&#038;ssl=1\" alt=\"\" class=\"wp-image-24831\" srcset=\"https:\/\/i0.wp.com\/www.valonkuvia.fi\/blogi\/wp-content\/uploads\/2023\/11\/wejazz2023-2.jpeg?resize=852%2C811&amp;ssl=1 852w, https:\/\/i0.wp.com\/www.valonkuvia.fi\/blogi\/wp-content\/uploads\/2023\/11\/wejazz2023-2.jpeg?resize=426%2C405&amp;ssl=1 426w, https:\/\/i0.wp.com\/www.valonkuvia.fi\/blogi\/wp-content\/uploads\/2023\/11\/wejazz2023-2.jpeg?resize=768%2C731&amp;ssl=1 768w, https:\/\/i0.wp.com\/www.valonkuvia.fi\/blogi\/wp-content\/uploads\/2023\/11\/wejazz2023-2.jpeg?w=1440&amp;ssl=1 1440w\" sizes=\"auto, (max-width: 852px) 100vw, 852px\" \/><\/a><\/figure>\n\n\n\n<p>We Jazz -festivaali tarjoilee j\u00e4lleen viikon ajan uutta jazzia ja jazzin liepeill\u00e4 liikkuvaa musiikkia Helsingiss\u00e4. Festivaalin tutuksi tulleet tuntomerkit ovat ennallaan, siis kotimaista musiikkia ja ulkomaisia vieraita yhdist\u00e4v\u00e4 kunnianhimoinen ohjelmisto sek\u00e4 festivaalin monet, osin ep\u00e4tavalliset esiintymispaikat. Keskit\u00e4n katseeni t\u00e4ss\u00e4 ennakkojutussa niihin festivaalin loppup\u00e4\u00e4n konsertteihin,  joihin minulla on mahdollisuus osallistua yhdess\u00e4 kameran kanssa.<\/p>\n\n\n\n<h4 class=\"wp-block-heading\">Petter Eldh -ilta &#8211; Kuudes Linja<\/h4>\n\n\n\n<p>Perjantain 1.12. iltakonsertissa Kuudes Linja -klubilla esiintyy kaksi yhtyett\u00e4, joita  ajankohtainen basisti <strong>Petter Eldh<\/strong> yhdist\u00e4\u00e4. H\u00e4n on mukana norjalaisen rumpalin <strong>Gard Nilssenin<\/strong> johtamassa Acoustic Unity -yhtyeess\u00e4, jossa soittaa viel\u00e4 kaksi saksofonistia, trion vakituinen fonisti <strong>Andr\u00e9 Roligheten<\/strong> ja erityisvieras <strong>Kjetil M\u00f8ster<\/strong>. <\/p>\n\n\n\n<p>Illan toinen yhtye on Eldhin trio Post Koma, jossa basistin lis\u00e4ksi soittavat saksofonisti <strong>Otis Sandsj\u00f6<\/strong> ja rumpali <strong>Teppo M\u00e4kynen<\/strong>. On j\u00e4nnitt\u00e4v\u00e4\u00e4 kuulla, milt\u00e4 Sandsj\u00f6n omintakeinen saksofonisoundi kuulostaa liven\u00e4. Yht\u00e4lailla kiinnostavaaa on kuulla, miten trio tulkitsee konsertissa \u00e4skett\u00e4inen ilmestyneen &#8221;<em><a href=\"https:\/\/www.valonkuvia.fi\/blogi\/post-koma\/\" data-type=\"post\" data-id=\"24805\">Post Koma<\/a><\/em>&#8221; -albumin musiikkia.<\/p>\n\n\n\n<figure class=\"wp-block-image aligncenter size-large is-style-default\"><img data-recalc-dims=\"1\" loading=\"lazy\" decoding=\"async\" width=\"852\" height=\"479\" src=\"https:\/\/i0.wp.com\/www.valonkuvia.fi\/blogi\/wp-content\/uploads\/2023\/09\/Supersonic-Orchestra-photo3-Anna-Niedermeier.jpg?resize=852%2C479&#038;ssl=1\" alt=\"\" class=\"wp-image-24410\" srcset=\"https:\/\/i0.wp.com\/www.valonkuvia.fi\/blogi\/wp-content\/uploads\/2023\/09\/Supersonic-Orchestra-photo3-Anna-Niedermeier.jpg?resize=852%2C479&amp;ssl=1 852w, https:\/\/i0.wp.com\/www.valonkuvia.fi\/blogi\/wp-content\/uploads\/2023\/09\/Supersonic-Orchestra-photo3-Anna-Niedermeier.jpg?resize=426%2C239&amp;ssl=1 426w, https:\/\/i0.wp.com\/www.valonkuvia.fi\/blogi\/wp-content\/uploads\/2023\/09\/Supersonic-Orchestra-photo3-Anna-Niedermeier.jpg?resize=768%2C432&amp;ssl=1 768w, https:\/\/i0.wp.com\/www.valonkuvia.fi\/blogi\/wp-content\/uploads\/2023\/09\/Supersonic-Orchestra-photo3-Anna-Niedermeier.jpg?w=1500&amp;ssl=1 1500w\" sizes=\"auto, (max-width: 852px) 100vw, 852px\" \/><figcaption class=\"wp-element-caption\"><em>Supersonic Orchestra. Kuva: Anna Niedermeier<\/em><\/figcaption><\/figure>\n\n\n\n<h4 class=\"wp-block-heading\">Keskustelua &amp; elokuvia<\/h4>\n\n\n\n<p>Lauantaina 2.12. kulttuurikeskus Korjaamossa voi viett\u00e4\u00e4 koko p\u00e4iv\u00e4n aamup\u00e4iv\u00e4st\u00e4 my\u00f6h\u00e4iseen y\u00f6h\u00f6n saakka. Korjaamon oheisohjelma ennen illan konsertteja pit\u00e4\u00e4 sis\u00e4ll\u00e4\u00e4n sek\u00e4 keskusteluja ett\u00e4 elokuvia. Keskusteluissa on luvassa <strong>Darius Jonesin<\/strong> n\u00e4kemyksi\u00e4 <a href=\"https:\/\/www.valonkuvia.fi\/blogi\/darius-jones-fluxkit-vancouver\/\" data-type=\"post\" data-id=\"24456\">uudesta albumistaan<\/a> ja iltap\u00e4iv\u00e4n elokuvien esittelyj\u00e4. Oheisohjelma p\u00e4\u00e4ttyy Petter Eldhin Post Koma-albumin syntyvaiheita valottavaan workshopiin.<\/p>\n\n\n\n<p>Korjaamon alkuillan kaksi elokuvaa on ohjannut <strong>Antoine Prum<\/strong>, joka on keskuteluissa paikalla kertomassa t\u00f6ist\u00e4\u00e4n. Ensin &#8221;<em>Blue For a Moment<\/em>&#8221; on henkil\u00f6kuva festivaaleilla esiintyv\u00e4st\u00e4 ly\u00f6m\u00e4soittaja <strong>Sven-\u00c5ke Johanssonista<\/strong> ja toinen elokuva &#8221;<em>Frippe<\/em>&#8221; kertoo ruotsalaisen free jazzin myyttisest\u00e4 hahmosta, saksofonisti<em> <\/em><strong>Bengt \u201d<em>Frippe<\/em>\u201d Nordstr\u00f6mist\u00e4<\/strong>. Frippe Nordstr\u00f6m on vahvasti esill\u00e4 my\u00f6hemmin illan konsertissa, kun Korjaamolla kuullaan saksofonistille omistettu 13 sooloimprovisaation sarja.<\/p>\n\n\n\n<figure class=\"wp-block-image aligncenter size-large is-style-default\"><img data-recalc-dims=\"1\" loading=\"lazy\" decoding=\"async\" width=\"852\" height=\"568\" src=\"https:\/\/i0.wp.com\/www.valonkuvia.fi\/blogi\/wp-content\/uploads\/2023\/11\/52563572299_28a312424d_h.jpg?resize=852%2C568&#038;ssl=1\" alt=\"\" class=\"wp-image-24837\" srcset=\"https:\/\/i0.wp.com\/www.valonkuvia.fi\/blogi\/wp-content\/uploads\/2023\/11\/52563572299_28a312424d_h.jpg?resize=852%2C568&amp;ssl=1 852w, https:\/\/i0.wp.com\/www.valonkuvia.fi\/blogi\/wp-content\/uploads\/2023\/11\/52563572299_28a312424d_h.jpg?resize=426%2C284&amp;ssl=1 426w, https:\/\/i0.wp.com\/www.valonkuvia.fi\/blogi\/wp-content\/uploads\/2023\/11\/52563572299_28a312424d_h.jpg?resize=768%2C512&amp;ssl=1 768w, https:\/\/i0.wp.com\/www.valonkuvia.fi\/blogi\/wp-content\/uploads\/2023\/11\/52563572299_28a312424d_h.jpg?w=1500&amp;ssl=1 1500w\" sizes=\"auto, (max-width: 852px) 100vw, 852px\" \/><figcaption class=\"wp-element-caption\">Mats Gustafsson, We Jazz 2022<\/figcaption><\/figure>\n\n\n\n<h4 class=\"wp-block-heading\">Sooloista massiiviseen jazziin<\/h4>\n\n\n\n<p>Festivaali huipentuu Korjaamon lauantai-illan &#8221;<em>mega-iltamiin&#8221;<\/em>, jonka tarjonta ulottuu edell\u00e4 mainituista sooloimprovisaatioista Gard Nilssenin massiivisen <a href=\"https:\/\/www.valonkuvia.fi\/blogi\/kaksi-isoa-orkesteria\/\" data-type=\"post\" data-id=\"24409\">Supersonic Orchestran<\/a> konserttiin. Viime vuoden tapaan Korjaamolle&nbsp;on suunniteltu ohjelmisto, jossa konsertit menev\u00e4t osittain p\u00e4\u00e4llekk\u00e4in. Kaikkia esiintyji\u00e4 ei ole mahdollista kuunnella, vaan kuulijan t\u00e4ytyy suunnitella itselleen sopiva reitti ja keskitty\u00e4 rauhassa musiikkiin.<\/p>\n\n\n\n<p>Muita illan esiintyji\u00e4 ovat esimerkiksi JAF Trio, Magnetia Orkesteri, The Stance Brothers ja Valtteri Laurell Nonet. Lue illan koko ohjelma: <a href=\"https:\/\/wejazz.fi\/2023\/events\/gard-nilssens-supersonic-orchestra-co\/\" data-type=\"link\" data-id=\"https:\/\/wejazz.fi\/2023\/events\/gard-nilssens-supersonic-orchestra-co\/\">Korjaamon ohjelma 2.12.2023<\/a>.<\/p>\n\n\n\n<figure class=\"wp-block-image aligncenter size-large is-style-default\"><a href=\"https:\/\/i0.wp.com\/www.valonkuvia.fi\/blogi\/wp-content\/uploads\/2023\/11\/51961353345_8f8bcef8be_k.jpg?ssl=1\"><img data-recalc-dims=\"1\" loading=\"lazy\" decoding=\"async\" width=\"852\" height=\"568\" src=\"https:\/\/i0.wp.com\/www.valonkuvia.fi\/blogi\/wp-content\/uploads\/2023\/11\/51961353345_8f8bcef8be_k.jpg?resize=852%2C568&#038;ssl=1\" alt=\"\" class=\"wp-image-24838\" srcset=\"https:\/\/i0.wp.com\/www.valonkuvia.fi\/blogi\/wp-content\/uploads\/2023\/11\/51961353345_8f8bcef8be_k.jpg?resize=852%2C568&amp;ssl=1 852w, https:\/\/i0.wp.com\/www.valonkuvia.fi\/blogi\/wp-content\/uploads\/2023\/11\/51961353345_8f8bcef8be_k.jpg?resize=426%2C284&amp;ssl=1 426w, https:\/\/i0.wp.com\/www.valonkuvia.fi\/blogi\/wp-content\/uploads\/2023\/11\/51961353345_8f8bcef8be_k.jpg?resize=768%2C512&amp;ssl=1 768w, https:\/\/i0.wp.com\/www.valonkuvia.fi\/blogi\/wp-content\/uploads\/2023\/11\/51961353345_8f8bcef8be_k.jpg?resize=1536%2C1024&amp;ssl=1 1536w, https:\/\/i0.wp.com\/www.valonkuvia.fi\/blogi\/wp-content\/uploads\/2023\/11\/51961353345_8f8bcef8be_k.jpg?w=2000&amp;ssl=1 2000w\" sizes=\"auto, (max-width: 852px) 100vw, 852px\" \/><\/a><figcaption class=\"wp-element-caption\">Teppo M\u00e4kynen, Oulu 2022<\/figcaption><\/figure>\n\n\n\n<p>Koko festivaalin ohjelma: <a href=\"https:\/\/wejazz.fi\/2023\/\" target=\"_blank\" rel=\"noreferrer noopener\">We Jazz 2023<\/a>.  <\/p>\n","protected":false},"excerpt":{"rendered":"<p>We Jazz -festivaali tarjoilee j\u00e4lleen viikon ajan uutta jazzia ja jazzin liepeill\u00e4 liikkuvaa musiikkia Helsingiss\u00e4. Festivaalin tutuksi tulleet tuntomerkit ovat ennallaan, siis kotimaista musiikkia ja ulkomaisia vieraita yhdist\u00e4v\u00e4 kunnianhimoinen ohjelmisto sek\u00e4 festivaalin monet, osin ep\u00e4tavalliset esiintymispaikat. Keskit\u00e4n katseeni t\u00e4ss\u00e4 ennakkojutussa niihin festivaalin loppup\u00e4\u00e4n konsertteihin, joihin minulla on mahdollisuus osallistua yhdess\u00e4 kameran kanssa. Petter Eldh -ilta [&hellip;]<\/p>\n","protected":false},"author":1,"featured_media":24829,"comment_status":"open","ping_status":"open","sticky":false,"template":"","format":"standard","meta":{"ngg_post_thumbnail":0,"_jetpack_memberships_contains_paid_content":false,"footnotes":"","jetpack_publicize_message":"","jetpack_publicize_feature_enabled":true,"jetpack_social_post_already_shared":true,"jetpack_social_options":{"image_generator_settings":{"template":"highway","default_image_id":0,"font":"","enabled":false},"version":2}},"categories":[3],"tags":[80,991,18,14,148],"class_list":["post-24828","post","type-post","status-publish","format-standard","has-post-thumbnail","hentry","category-jazz","tag-eurooppalainen-jazz","tag-jazzfestivaalit","tag-suomalainen-jazz","tag-ruotsalainen-jazz","tag-we-jazz"],"jetpack_publicize_connections":[],"jetpack_featured_media_url":"https:\/\/i0.wp.com\/www.valonkuvia.fi\/blogi\/wp-content\/uploads\/2023\/11\/wejazz2023.jpeg?fit=1440%2C1440&ssl=1","jetpack_likes_enabled":false,"jetpack_sharing_enabled":true,"_links":{"self":[{"href":"https:\/\/www.valonkuvia.fi\/blogi\/wp-json\/wp\/v2\/posts\/24828","targetHints":{"allow":["GET"]}}],"collection":[{"href":"https:\/\/www.valonkuvia.fi\/blogi\/wp-json\/wp\/v2\/posts"}],"about":[{"href":"https:\/\/www.valonkuvia.fi\/blogi\/wp-json\/wp\/v2\/types\/post"}],"author":[{"embeddable":true,"href":"https:\/\/www.valonkuvia.fi\/blogi\/wp-json\/wp\/v2\/users\/1"}],"replies":[{"embeddable":true,"href":"https:\/\/www.valonkuvia.fi\/blogi\/wp-json\/wp\/v2\/comments?post=24828"}],"version-history":[{"count":9,"href":"https:\/\/www.valonkuvia.fi\/blogi\/wp-json\/wp\/v2\/posts\/24828\/revisions"}],"predecessor-version":[{"id":24845,"href":"https:\/\/www.valonkuvia.fi\/blogi\/wp-json\/wp\/v2\/posts\/24828\/revisions\/24845"}],"wp:featuredmedia":[{"embeddable":true,"href":"https:\/\/www.valonkuvia.fi\/blogi\/wp-json\/wp\/v2\/media\/24829"}],"wp:attachment":[{"href":"https:\/\/www.valonkuvia.fi\/blogi\/wp-json\/wp\/v2\/media?parent=24828"}],"wp:term":[{"taxonomy":"category","embeddable":true,"href":"https:\/\/www.valonkuvia.fi\/blogi\/wp-json\/wp\/v2\/categories?post=24828"},{"taxonomy":"post_tag","embeddable":true,"href":"https:\/\/www.valonkuvia.fi\/blogi\/wp-json\/wp\/v2\/tags?post=24828"}],"curies":[{"name":"wp","href":"https:\/\/api.w.org\/{rel}","templated":true}]}}