{"id":24870,"date":"2023-12-04T23:32:36","date_gmt":"2023-12-04T21:32:36","guid":{"rendered":"https:\/\/www.valonkuvia.fi\/blogi\/?p=24870"},"modified":"2023-12-05T10:21:53","modified_gmt":"2023-12-05T08:21:53","slug":"we-jazz-2023-2","status":"publish","type":"post","link":"https:\/\/www.valonkuvia.fi\/blogi\/we-jazz-2023-2\/","title":{"rendered":"We Jazz 2023 &#8211; festivaaliraportti"},"content":{"rendered":"\n<figure class=\"wp-block-image alignwide size-large is-style-default\"><img data-recalc-dims=\"1\" loading=\"lazy\" decoding=\"async\" width=\"852\" height=\"568\" src=\"https:\/\/i0.wp.com\/www.valonkuvia.fi\/blogi\/wp-content\/uploads\/2023\/12\/2023-WeJazz-022.jpg?resize=852%2C568&#038;ssl=1\" alt=\"\" class=\"wp-image-24874\" srcset=\"https:\/\/i0.wp.com\/www.valonkuvia.fi\/blogi\/wp-content\/uploads\/2023\/12\/2023-WeJazz-022.jpg?resize=852%2C568&amp;ssl=1 852w, https:\/\/i0.wp.com\/www.valonkuvia.fi\/blogi\/wp-content\/uploads\/2023\/12\/2023-WeJazz-022.jpg?resize=426%2C284&amp;ssl=1 426w, https:\/\/i0.wp.com\/www.valonkuvia.fi\/blogi\/wp-content\/uploads\/2023\/12\/2023-WeJazz-022.jpg?resize=768%2C512&amp;ssl=1 768w, https:\/\/i0.wp.com\/www.valonkuvia.fi\/blogi\/wp-content\/uploads\/2023\/12\/2023-WeJazz-022.jpg?resize=1536%2C1024&amp;ssl=1 1536w, https:\/\/i0.wp.com\/www.valonkuvia.fi\/blogi\/wp-content\/uploads\/2023\/12\/2023-WeJazz-022.jpg?w=2000&amp;ssl=1 2000w\" sizes=\"auto, (max-width: 852px) 100vw, 852px\" \/><figcaption class=\"wp-element-caption\">Gard Nilssen\u00b4s Acoustic Unity &#8211; Kuudes linja<\/figcaption><\/figure>\n\n\n\n<h4 class=\"wp-block-heading\">Kuudes linja &#8211; perjantai 1.12.2023 <\/h4>\n\n\n\n<p>T\u00e4m\u00e4n vuoden We Jazz -festivaali alkoi osaltani perjantai-iltana (1.12.2023) Kuudes linja -klubilta. Siell\u00e4 esiintyi kaksi yhtyett\u00e4, joita yhdisti ruotsalainen basisti <strong>Petter Eldh<\/strong>. Illan avanneessa rumpali <strong>Gard Nilssenin<\/strong> Acoustic Unityssa h\u00e4n esiintyi vahvassa rivimiehen roolissa, kun taas illan toinen yhtye Post Koma on edelt\u00e4j\u00e4ns\u00e4 Koma Saxon tavoin nimenomaan Eldhin yhdess\u00e4 saksofonisti <strong>Otis Sandsj\u00f6n<\/strong> kanssa luotsaama projekti.<\/p>\n\n\n\n<p>Kaksi tenorisaksonistia ja komppipari lupaa usein svengaavaa free jazzin suuntaan kallellaan olevaa musiikkia. Lupaus toteutui t\u00e4ydellisesti Acoustic Unityn keikalla, jossa yhtyeen vakituinen fonisti <strong>Andr\u00e9 Roligheten <\/strong>sai rinnalleen vieraaksi <strong>Kjetil M\u00f8sterin<\/strong>. Kvartetti todisti voimallisesti, ett\u00e4 norjalainen jazz voi hyvin olla muutakin kuin kuulasta vuonojazzia, sill\u00e4 Acoustic Unity soitti v\u00e4kivahvaa ja svengaavaa jazzia, jossa voi kuulla viittauksia niin <strong>Albert Aylerin<\/strong> kuin <strong>Ornette Colemanin<\/strong> suuntiin. <\/p>\n\n\n\n<p>P\u00e4\u00e4sin Acoustic Unityn setin aikana kamerani kanssa niin hyv\u00e4lle paikalle, ett\u00e4 j\u00e4in siihen odottamaan Post Koman keikkaa. Post Koma esiintyi triona, jossa Eldhin ja Sandsj\u00f6n lis\u00e4ksi rumpuja soitti <strong>Teppo M\u00e4kynen<\/strong>. Trion s\u00e4hk\u00f6ll\u00e4 ter\u00e4stetty musiikki tuli eturiviin turhan kovalla volyymilla, joten jouduin jonkin ajan kuluttua vaihtamaan paikkaa ja menetin n\u00e4k\u00f6yhteyden lavalla. Samalla oheni yhteys musiikkiin ja keikan loppu j\u00e4i hieman taustamusiikiksi, toki loppupuolen kansanmusiikillinen teema (olikohan se joltain Koma Saxon levylt\u00e4?) oli vaikuttava. <\/p>\n\n\n\n<h4 class=\"wp-block-heading\">Conversations lauantaina 2.12.2023 <\/h4>\n\n\n\n<p>El\u00e4m\u00e4ss\u00e4 t\u00e4ytyy tehd\u00e4 valintoja ja lauantaiaamuna valinta oli teht\u00e4v\u00e4 <strong>Pentti Sammallahden<\/strong> valokuvan\u00e4yttelyn ja We Jazzin ohjelmaan kuuluvien keskustelujen v\u00e4lill\u00e4. Koska olin matkustanut Helsinkiin nimenomaan We Jazzin takia, p\u00e4\u00e4tin menn\u00e4 Korjaamolle kuuntelemaan keskusteluja ja muusikkohaastatteluja, jotka alkoivat jo klo 11. Ensimm\u00e4isess\u00e4 istunnossa saksofonisti ja s\u00e4velt\u00e4j\u00e4 <strong>Darius Jones<\/strong> keskusteli viime vuoden parhaimpien levyjen joukkoon kuuluneesta \u201d<em><a href=\"https:\/\/www.valonkuvia.fi\/blogi\/darius-jones-fluxkit-vancouver\/\">fLuXkit Vancouver (<s>its<\/s>&nbsp;suite but sacred<\/a><\/em>\u201d -albumistaan, monitaiteellisesta Fluxus-liikkeest\u00e4 sek\u00e4 tavoitteesta p\u00e4\u00e4st\u00e4 musiikissa aina kartoittamattomalle maaper\u00e4lle. <\/p>\n\n\n\n<figure class=\"wp-block-image size-large is-style-default\"><img data-recalc-dims=\"1\" loading=\"lazy\" decoding=\"async\" width=\"852\" height=\"568\" src=\"https:\/\/i0.wp.com\/www.valonkuvia.fi\/blogi\/wp-content\/uploads\/2023\/12\/2023-WeJazz-044.jpg?resize=852%2C568&#038;ssl=1\" alt=\"\" class=\"wp-image-24875\" srcset=\"https:\/\/i0.wp.com\/www.valonkuvia.fi\/blogi\/wp-content\/uploads\/2023\/12\/2023-WeJazz-044.jpg?resize=852%2C568&amp;ssl=1 852w, https:\/\/i0.wp.com\/www.valonkuvia.fi\/blogi\/wp-content\/uploads\/2023\/12\/2023-WeJazz-044.jpg?resize=426%2C284&amp;ssl=1 426w, https:\/\/i0.wp.com\/www.valonkuvia.fi\/blogi\/wp-content\/uploads\/2023\/12\/2023-WeJazz-044.jpg?resize=768%2C512&amp;ssl=1 768w, https:\/\/i0.wp.com\/www.valonkuvia.fi\/blogi\/wp-content\/uploads\/2023\/12\/2023-WeJazz-044.jpg?resize=1536%2C1024&amp;ssl=1 1536w, https:\/\/i0.wp.com\/www.valonkuvia.fi\/blogi\/wp-content\/uploads\/2023\/12\/2023-WeJazz-044.jpg?w=2000&amp;ssl=1 2000w\" sizes=\"auto, (max-width: 852px) 100vw, 852px\" \/><figcaption class=\"wp-element-caption\">Darius Jones ja Matti Nives<\/figcaption><\/figure>\n\n\n\n<p>Toinen keskustelu meni ruotsalaisen avantgarden ja siihen liittyvien dokumenttielokuvien merkeiss\u00e4. Puheena olivat paikan p\u00e4\u00e4ll\u00e4 itsekin ollut ly\u00f6m\u00e4soittaja ja k\u00e4sitemuusikko <strong>Sven-\u00c5ke Johansson<\/strong> sek\u00e4 ruotsalaisen vapaan improvisaation yksin\u00e4inen edell\u00e4k\u00e4vij\u00e4<strong> Bengt \u201dFrippe\u201d Nordstr\u00f6m<\/strong> (1936-2000), joista molemmista on tehty dokumenttielokuvat. Elokuvaan liittyy l\u00e4heisesti my\u00f6s <strong>Mats Gustafssonin<\/strong> ty\u00f6st\u00e4m\u00e4 levyboksi, joka kokoaa yhteen Frippe Nordstr\u00f6min aikoinaan l\u00e4hinn\u00e4 itselleen ja l\u00e4hipiirilleen \u00e4\u00e4nitt\u00e4m\u00e4t saksofonisoolot. <\/p>\n\n\n\n<p>Keskusteluosion kolmantena jaksona Petter Eldh ja Otis Sandj\u00f6 demonstroivat ty\u00f6tapojaan. Samplaamalla p\u00e4tki\u00e4 Sven-\u00c5ke Johanssonin ja pianisti <strong>Jan Johanssonin<\/strong> versioista ruotsalaisesta kansanlaulusta \u201d<em>Flickorna i Sm\u00e5land<\/em>\u201d he rakensivat rytmisen aihion, josta saattaa lopulta kehitty\u00e4 ihan oikea kappale. Digitaalinen \u00e4\u00e4nen muokkaaminen ja my\u00f6hemmin illalla kuultu vapaa, t\u00e4ysin akustinen improvisointi ovat ensi silm\u00e4yksell\u00e4 t\u00e4ysin eri maailmoista, mutta ainakin Petter Eldh pystyy toimimaan molemmissa ymp\u00e4rist\u00f6iss\u00e4. <\/p>\n\n\n\n<p>On arvokasta, ett\u00e4 We Jazz  tarjoaa musiikin lis\u00e4ksi syvent\u00e4v\u00e4\u00e4 oheisohjelmaa, vaikka keskustelujen ja elokuvien osallistujam\u00e4\u00e4r\u00e4t j\u00e4iv\u00e4t nyt aika pieniksi. Musiikki ei koskaan el\u00e4 tyhji\u00f6ss\u00e4 ja keskustelut niin muusikoiden kuin muidenkin musiikin ymp\u00e4rill\u00e4 toimivien kanssa laventavat ymm\u00e4rryst\u00e4 musiikista.<\/p>\n\n\n\n<h4 class=\"wp-block-heading\">Blue For A Moment &amp; Frippe lauantaina 2.12.2023 <\/h4>\n\n\n\n<p>Vuonna 2017 ilmestynyt dokumenttielokuva \u201d<em>Blue For a Moment<\/em>\u201d kertoo 1960-luvulla Saksaan muuttaneen Sven-\u00c5ke Johanssonin uran vaiheista ja n\u00e4ytt\u00e4\u00e4 h\u00e4net esiintymislavalla erilaisten kokoonpanojen kanssa. Vaikka niihin n\u00e4ytti kuuluvan tavallinen marssimusiikkia soittava puhallinorkesterikin, on Johansson pohjimmiltaan musiikin olemusta tai rajoja pohdiskeleva k\u00e4sitetaiteilija, joka haastaa esimerkiksi ajatuksia instrumentista soittamalla jousella vaikkapa pahvilaatikoita.<\/p>\n\n\n\n<p>Kuulin Johanssonia jo vuosia sitten Kerava Jazzeilla ja muistan tuolloin ihastuneeni h\u00e4nen t\u00e4ysin arvaamattomalta ja absurdilta vaikuttaneeseen soittoonsa. H\u00e4n esimerkiksi l\u00f6i rumpuja pyyhkeell\u00e4 ja sama toistuu my\u00f6s elokuvassa useita kertoja. Kuten elokuvassa haastateltu Johanssonin yhteisty\u00f6kumppani<strong> R\u00fcdiger Carl<\/strong> toteaa, on vapaallakin improvisoinnilla omat rajansa ja vakiintuneet k\u00e4yt\u00e4nt\u00f6ns\u00e4.<\/p>\n\n\n\n<p>Illan toisena dokumenttina esitettiin Bengt \u201d<em>Frippe<\/em>\u201d Nordstr\u00f6mist\u00e4 kertovan \u201d<em>Frippe<\/em>\u201d-elokuvan t\u00e4m\u00e4n hetkinen ty\u00f6versio, sill\u00e4 elokuva valmistuu lopullisesti vasta ensi vuonna. Keskener\u00e4isen\u00e4kin \u201d<em>Frippe<\/em>\u201d toi esille ristiriitaisen, surullisenkin hahmon. Frippe Nordstr\u00f6m oli toisille vapaan improvisoinnin edell\u00e4k\u00e4vij\u00e4 ja torille sukunsa varoilla muusikkoa leikkiv\u00e4 amat\u00f6\u00f6ri, joka ei oikeasti osannut soittaa. Ehk\u00e4 h\u00e4n oli jonkinlainen kyl\u00e4hullu, joka kuitenkin jaksoi v\u00e4sym\u00e4tt\u00e4 haastaa sovinnaisia musiikintekemisen muotoja ja asettui n\u00e4in esikuvaksi monelle, esimerkiksi juuri Mats Gustafssonille. <\/p>\n\n\n\n<figure class=\"wp-block-image aligncenter size-large is-style-default\"><a href=\"https:\/\/i0.wp.com\/www.valonkuvia.fi\/blogi\/wp-content\/uploads\/2023\/12\/2023-WeJazz-050.jpg?ssl=1\"><img data-recalc-dims=\"1\" loading=\"lazy\" decoding=\"async\" width=\"852\" height=\"568\" src=\"https:\/\/i0.wp.com\/www.valonkuvia.fi\/blogi\/wp-content\/uploads\/2023\/12\/2023-WeJazz-050.jpg?resize=852%2C568&#038;ssl=1\" alt=\"\" class=\"wp-image-24876\" srcset=\"https:\/\/i0.wp.com\/www.valonkuvia.fi\/blogi\/wp-content\/uploads\/2023\/12\/2023-WeJazz-050.jpg?resize=852%2C568&amp;ssl=1 852w, https:\/\/i0.wp.com\/www.valonkuvia.fi\/blogi\/wp-content\/uploads\/2023\/12\/2023-WeJazz-050.jpg?resize=426%2C284&amp;ssl=1 426w, https:\/\/i0.wp.com\/www.valonkuvia.fi\/blogi\/wp-content\/uploads\/2023\/12\/2023-WeJazz-050.jpg?resize=768%2C512&amp;ssl=1 768w, https:\/\/i0.wp.com\/www.valonkuvia.fi\/blogi\/wp-content\/uploads\/2023\/12\/2023-WeJazz-050.jpg?resize=1536%2C1024&amp;ssl=1 1536w, https:\/\/i0.wp.com\/www.valonkuvia.fi\/blogi\/wp-content\/uploads\/2023\/12\/2023-WeJazz-050.jpg?w=2000&amp;ssl=1 2000w\" sizes=\"auto, (max-width: 852px) 100vw, 852px\" \/><\/a><figcaption class=\"wp-element-caption\">Joonas Tuuri &amp; Adele Sauros &#8211; JAF Trio<\/figcaption><\/figure>\n\n\n\n<figure class=\"wp-block-image aligncenter size-large is-style-default\"><a href=\"https:\/\/i0.wp.com\/www.valonkuvia.fi\/blogi\/wp-content\/uploads\/2023\/12\/2023-WeJazz-059.jpg?ssl=1\"><img data-recalc-dims=\"1\" loading=\"lazy\" decoding=\"async\" width=\"852\" height=\"568\" src=\"https:\/\/i0.wp.com\/www.valonkuvia.fi\/blogi\/wp-content\/uploads\/2023\/12\/2023-WeJazz-059.jpg?resize=852%2C568&#038;ssl=1\" alt=\"\" class=\"wp-image-24899\" srcset=\"https:\/\/i0.wp.com\/www.valonkuvia.fi\/blogi\/wp-content\/uploads\/2023\/12\/2023-WeJazz-059.jpg?resize=852%2C568&amp;ssl=1 852w, https:\/\/i0.wp.com\/www.valonkuvia.fi\/blogi\/wp-content\/uploads\/2023\/12\/2023-WeJazz-059.jpg?resize=426%2C284&amp;ssl=1 426w, https:\/\/i0.wp.com\/www.valonkuvia.fi\/blogi\/wp-content\/uploads\/2023\/12\/2023-WeJazz-059.jpg?resize=768%2C512&amp;ssl=1 768w, https:\/\/i0.wp.com\/www.valonkuvia.fi\/blogi\/wp-content\/uploads\/2023\/12\/2023-WeJazz-059.jpg?resize=1536%2C1024&amp;ssl=1 1536w, https:\/\/i0.wp.com\/www.valonkuvia.fi\/blogi\/wp-content\/uploads\/2023\/12\/2023-WeJazz-059.jpg?w=2000&amp;ssl=1 2000w\" sizes=\"auto, (max-width: 852px) 100vw, 852px\" \/><\/a><figcaption class=\"wp-element-caption\">Frederik Emil B\u00fclow &#8211; JAF Trio<\/figcaption><\/figure>\n\n\n\n<h4 class=\"wp-block-heading\">Solos for Frippe &#8211; lauantai 2.12.2023 <\/h4>\n\n\n\n<p>Lauantain Korjaamon mega-illan valikoima  oli valtava, Hesarin <a href=\"https:\/\/www.hs.fi\/kulttuuri\/art-2000010030574.html\">laskujen<\/a> mukaan ohjelmassa oli yhteens\u00e4 noin viisitoista tuntia musiikkia. Kuulija oli siis pakollisen valinnan \u00e4\u00e4rell\u00e4. Elokuvan ja keskustelun innoittamana p\u00e4\u00e4tin valita p\u00e4\u00e4kohteekseni sooloimprovisaatioiden sarjan \u201d<em>Solos for Frippe<\/em>\u201d, jonka Mats Gustafsson oli kuratoinut Frippe Nordstr\u00f6min kunniaksi. T\u00e4llaisia vapaan improvisaation paketteja on harvoin tarjolla. <\/p>\n\n\n\n<p>Gustafsson oli valinnut mukaan kaikkiaan kolmetoista muusikkoa, jotka kukin soittivat noin vartin mittaisen vapaan improvisaation. Kun seuraava muusikko astui lavalle soittamaan edellisen viel\u00e4 lopetellessa, syntyi keskeytym\u00e4tt\u00e4 jatkuva virta niin kontrabasson naputtelua ja basson kielten raapimista kuin raastavia saksofonisoundeja. Varsinkin <strong>Mette Rasmussen<\/strong> onnistui puhaltamaan fonistaan suorastaan j\u00e4risytt\u00e4v\u00e4n intensiivisi\u00e4 \u00e4\u00e4ni\u00e4.<\/p>\n\n\n\n<figure class=\"wp-block-image size-large is-style-default\"><img data-recalc-dims=\"1\" loading=\"lazy\" decoding=\"async\" width=\"852\" height=\"568\" src=\"https:\/\/i0.wp.com\/www.valonkuvia.fi\/blogi\/wp-content\/uploads\/2023\/12\/2023-WeJazz-051.jpg?resize=852%2C568&#038;ssl=1\" alt=\"\" class=\"wp-image-24877\" srcset=\"https:\/\/i0.wp.com\/www.valonkuvia.fi\/blogi\/wp-content\/uploads\/2023\/12\/2023-WeJazz-051.jpg?resize=852%2C568&amp;ssl=1 852w, https:\/\/i0.wp.com\/www.valonkuvia.fi\/blogi\/wp-content\/uploads\/2023\/12\/2023-WeJazz-051.jpg?resize=426%2C284&amp;ssl=1 426w, https:\/\/i0.wp.com\/www.valonkuvia.fi\/blogi\/wp-content\/uploads\/2023\/12\/2023-WeJazz-051.jpg?resize=768%2C512&amp;ssl=1 768w, https:\/\/i0.wp.com\/www.valonkuvia.fi\/blogi\/wp-content\/uploads\/2023\/12\/2023-WeJazz-051.jpg?resize=1536%2C1024&amp;ssl=1 1536w, https:\/\/i0.wp.com\/www.valonkuvia.fi\/blogi\/wp-content\/uploads\/2023\/12\/2023-WeJazz-051.jpg?w=2000&amp;ssl=1 2000w\" sizes=\"auto, (max-width: 852px) 100vw, 852px\" \/><figcaption class=\"wp-element-caption\">Mats Gustafsson<\/figcaption><\/figure>\n\n\n\n<p>Illan erikoisvieras oli <strong>Seppo Laine<\/strong>, suomalaisen vapaan improvisaation tuntemattomin hahmo, jonka Mats Gustafsson kuitenkin l\u00f6ysi ja kutsui mukaan Frippe-sarjaan.  Laine \u00e4\u00e4nitti vuonna 1970 yhdess\u00e4 ly\u00f6m\u00e4soittaja <strong>Jouni Kestin <\/strong>kanssa levyn \u201d<em>Vallankumouksen analyysi<\/em>\u201d. Parikymment\u00e4 minuuttia kest\u00e4v\u00e4 ep-levy vaipui unohduksiin ja on j\u00e4\u00e4nyt useimmilta (my\u00f6s minulta) t\u00e4ysin piiloon. Nyt Laine siis nousi pitk\u00e4n tauon j\u00e4lkeen yleis\u00f6n eteen, ty\u00f6nsi mikrofonin mustaksi ja punaiseksi maalatun saksofoninsa torveen ja soitti.<\/p>\n\n\n\n<figure class=\"wp-block-image size-large is-style-default\"><img data-recalc-dims=\"1\" loading=\"lazy\" decoding=\"async\" width=\"852\" height=\"568\" src=\"https:\/\/i0.wp.com\/www.valonkuvia.fi\/blogi\/wp-content\/uploads\/2023\/12\/2023-WeJazz-056.jpg?resize=852%2C568&#038;ssl=1\" alt=\"\" class=\"wp-image-24878\" srcset=\"https:\/\/i0.wp.com\/www.valonkuvia.fi\/blogi\/wp-content\/uploads\/2023\/12\/2023-WeJazz-056.jpg?resize=852%2C568&amp;ssl=1 852w, https:\/\/i0.wp.com\/www.valonkuvia.fi\/blogi\/wp-content\/uploads\/2023\/12\/2023-WeJazz-056.jpg?resize=426%2C284&amp;ssl=1 426w, https:\/\/i0.wp.com\/www.valonkuvia.fi\/blogi\/wp-content\/uploads\/2023\/12\/2023-WeJazz-056.jpg?resize=768%2C512&amp;ssl=1 768w, https:\/\/i0.wp.com\/www.valonkuvia.fi\/blogi\/wp-content\/uploads\/2023\/12\/2023-WeJazz-056.jpg?resize=1536%2C1024&amp;ssl=1 1536w, https:\/\/i0.wp.com\/www.valonkuvia.fi\/blogi\/wp-content\/uploads\/2023\/12\/2023-WeJazz-056.jpg?w=2000&amp;ssl=1 2000w\" sizes=\"auto, (max-width: 852px) 100vw, 852px\" \/><figcaption class=\"wp-element-caption\">Seppo Laine<\/figcaption><\/figure>\n\n\n\n<p>Mielest\u00e4ni on tarpeetonta arvioida soolojen vapaata lentoa tai vertailla solistien ilmaisua ja k\u00e4ytt\u00e4mi\u00e4 keinoja. Vapaa improvisaatio on parhaimmillaan Korjaamon kaltaisessa intiimiss\u00e4 tilanteessa, jossa muusikon n\u00e4kee ja kokee aivan silmiens\u00e4 edess\u00e4. Silloin voi antaa melodioita ja s\u00e4\u00e4nn\u00f6llisi\u00e4 rytmej\u00e4 v\u00e4ltt\u00e4v\u00e4n abstraktin musiikin tulla korviin ilman pyrkimyst\u00e4 ymm\u00e4rt\u00e4miseen tai analyysiin. Kuuntelin sarjan soolot kahta viimeist\u00e4 lukuunottamatta ja ankarista \u00e4\u00e4nist\u00e4 huolimatta kokemus oli jollain tavalla levollinen, jopa puhdistava. <\/p>\n\n\n\n<h4 class=\"wp-block-heading\">Gard Nilssen\u00b4s Supertronic Orchestra &#8211; lauantai 2.12.2023 <\/h4>\n\n\n\n<figure class=\"wp-block-image alignwide size-large is-style-default\"><img data-recalc-dims=\"1\" loading=\"lazy\" decoding=\"async\" width=\"852\" height=\"568\" src=\"https:\/\/i0.wp.com\/www.valonkuvia.fi\/blogi\/wp-content\/uploads\/2023\/12\/2023-WeJazz-058.jpg?resize=852%2C568&#038;ssl=1\" alt=\"\" class=\"wp-image-24879\" srcset=\"https:\/\/i0.wp.com\/www.valonkuvia.fi\/blogi\/wp-content\/uploads\/2023\/12\/2023-WeJazz-058.jpg?resize=852%2C568&amp;ssl=1 852w, https:\/\/i0.wp.com\/www.valonkuvia.fi\/blogi\/wp-content\/uploads\/2023\/12\/2023-WeJazz-058.jpg?resize=426%2C284&amp;ssl=1 426w, https:\/\/i0.wp.com\/www.valonkuvia.fi\/blogi\/wp-content\/uploads\/2023\/12\/2023-WeJazz-058.jpg?resize=768%2C512&amp;ssl=1 768w, https:\/\/i0.wp.com\/www.valonkuvia.fi\/blogi\/wp-content\/uploads\/2023\/12\/2023-WeJazz-058.jpg?resize=1536%2C1024&amp;ssl=1 1536w, https:\/\/i0.wp.com\/www.valonkuvia.fi\/blogi\/wp-content\/uploads\/2023\/12\/2023-WeJazz-058.jpg?w=2000&amp;ssl=1 2000w\" sizes=\"auto, (max-width: 852px) 100vw, 852px\" \/><figcaption class=\"wp-element-caption\">Gard Nilssen\u00b4s Supertronic Orchestra<\/figcaption><\/figure>\n\n\n\n<p>J\u00e4tin siis improvisaatiot virtaamaan ja siirryin yksin\u00e4isten solistien \u00e4\u00e4relt\u00e4 kuuntelemaan festivaalin suurinta kokoonpanoa eli 17-henkist\u00e4 Gard Nilssen\u00b4s Supertronic Orchestraa, jonka keikka oli ep\u00e4ilem\u00e4tt\u00e4 koko festivaalin tapaus. Orkesteri julkaisi aiemmin t\u00e4n\u00e4 vuonna We Jazzilla erinomaisen levyn &#8221;<em>Family<\/em>&#8221;, josta kirjoittamani p\u00e4tee hyvin orkesterin upeaan live-esitykseenkin. Siis n\u00e4in: \u201d<em>Supersonic Orchestrasta tarvittaessa irtoaa massiivinen \u00e4\u00e4nimuuri, mutta orkesterin ei kuitenkaan paahda t\u00e4ysill\u00e4 koko aikaa. Isosta orkesterista n\u00e4et kohoaa esille erilaisia pienempi\u00e4 kokoonpanoja ja t\u00e4yden orkesterin pauhun vastapainoksi kuullaan l\u00e4hes lyyrisi\u00e4 jaksoja<\/em>.\u201d Vaikka orkesteri on iso, kyse ei mill\u00e4\u00e4n lailla ole big band -musiikista totutussa mieless\u00e4, vaan v\u00e4rikk\u00e4\u00e4st\u00e4 voimajazzista vaikkapa <strong>Charles Minguksen<\/strong> orkesterien hengess\u00e4.<\/p>\n\n\n\n<p>T\u00e4m\u00e4n vuoden We Jazz -reittini kulki vahvasti siis vapaan improvisaation ja norjalaisen jazzin merkeiss\u00e4. Kuuntelin lauantaina vajaat setit my\u00f6s JAF Triolta ja Valtteri Laurell Nonetilta. Niist\u00e4 keikoista liitin t\u00e4h\u00e4n raporttiin muutaman kuvan. Palaan festivaalin kuvasatoon viel\u00e4 laajemmin ja julkaisen lis\u00e4\u00e4 valokuvia my\u00f6hemm\u00e4ss\u00e4 postauksessa.<\/p>\n\n\n\n<h4 class=\"wp-block-heading\">Lis\u00e4tietoja<\/h4>\n\n\n\n<ul class=\"wp-block-list\">\n<li>Jouni Kesti &amp; Seppo Laine: <a href=\"https:\/\/www.youtube.com\/watch?v=fgeHEjWLLj4https:\/\/yle.fi\/aihe\/a\/20-10005878\">Vallankumouksen analyysi<\/a> &#8211; unohdettu levy YouTubessa<\/li>\n\n\n\n<li>Tuomas Karemo: <a href=\"https:\/\/yle.fi\/aihe\/a\/20-10005878\">Seppo Laine teki yhden legendaarisen jazz-vinyylin ja katosi<\/a> &#8211; toimittaja Tuomas Karemon tuore haastattelu ja artikkeli Seppo Laineesta<\/li>\n\n\n\n<li><a href=\"https:\/\/wejazz.fi\/2023\/\">We Jazz 2023<\/a> &#8211; festivaalin koko ohjelma<\/li>\n\n\n\n<li><a href=\"https:\/\/www.valonkuvia.fi\/blogi\/kaksi-isoa-orkesteria\/\" data-type=\"link\" data-id=\"https:\/\/www.valonkuvia.fi\/blogi\/kaksi-isoa-orkesteria\/\">Gard Nilssen\u00b4s Supertronic Orchestra: Family<\/a>, lue koko juttu Gard Nilssenin orkesterin levyst\u00e4<\/li>\n<\/ul>\n\n\n\n<figure class=\"wp-block-image aligncenter size-large is-style-default\"><img data-recalc-dims=\"1\" loading=\"lazy\" decoding=\"async\" width=\"852\" height=\"568\" src=\"https:\/\/i0.wp.com\/www.valonkuvia.fi\/blogi\/wp-content\/uploads\/2023\/12\/2023-WeJazz-048.jpg?resize=852%2C568&#038;ssl=1\" alt=\"\" class=\"wp-image-24896\" srcset=\"https:\/\/i0.wp.com\/www.valonkuvia.fi\/blogi\/wp-content\/uploads\/2023\/12\/2023-WeJazz-048.jpg?resize=852%2C568&amp;ssl=1 852w, https:\/\/i0.wp.com\/www.valonkuvia.fi\/blogi\/wp-content\/uploads\/2023\/12\/2023-WeJazz-048.jpg?resize=426%2C284&amp;ssl=1 426w, https:\/\/i0.wp.com\/www.valonkuvia.fi\/blogi\/wp-content\/uploads\/2023\/12\/2023-WeJazz-048.jpg?resize=768%2C512&amp;ssl=1 768w, https:\/\/i0.wp.com\/www.valonkuvia.fi\/blogi\/wp-content\/uploads\/2023\/12\/2023-WeJazz-048.jpg?resize=1536%2C1024&amp;ssl=1 1536w, https:\/\/i0.wp.com\/www.valonkuvia.fi\/blogi\/wp-content\/uploads\/2023\/12\/2023-WeJazz-048.jpg?w=2000&amp;ssl=1 2000w\" sizes=\"auto, (max-width: 852px) 100vw, 852px\" \/><figcaption class=\"wp-element-caption\">Antti Sarpila soitti Valtteri Laurell Nonetissa<\/figcaption><\/figure>\n\n\n\n<figure class=\"wp-block-image aligncenter size-large is-style-default\"><img data-recalc-dims=\"1\" loading=\"lazy\" decoding=\"async\" width=\"852\" height=\"568\" src=\"https:\/\/i0.wp.com\/www.valonkuvia.fi\/blogi\/wp-content\/uploads\/2023\/12\/2023-WeJazz-049.jpg?resize=852%2C568&#038;ssl=1\" alt=\"\" class=\"wp-image-24900\" srcset=\"https:\/\/i0.wp.com\/www.valonkuvia.fi\/blogi\/wp-content\/uploads\/2023\/12\/2023-WeJazz-049.jpg?resize=852%2C568&amp;ssl=1 852w, https:\/\/i0.wp.com\/www.valonkuvia.fi\/blogi\/wp-content\/uploads\/2023\/12\/2023-WeJazz-049.jpg?resize=426%2C284&amp;ssl=1 426w, https:\/\/i0.wp.com\/www.valonkuvia.fi\/blogi\/wp-content\/uploads\/2023\/12\/2023-WeJazz-049.jpg?resize=768%2C512&amp;ssl=1 768w, https:\/\/i0.wp.com\/www.valonkuvia.fi\/blogi\/wp-content\/uploads\/2023\/12\/2023-WeJazz-049.jpg?resize=1536%2C1024&amp;ssl=1 1536w, https:\/\/i0.wp.com\/www.valonkuvia.fi\/blogi\/wp-content\/uploads\/2023\/12\/2023-WeJazz-049.jpg?w=2000&amp;ssl=1 2000w\" sizes=\"auto, (max-width: 852px) 100vw, 852px\" \/><figcaption class=\"wp-element-caption\">Valtteri Laurell P\u00f6yh\u00f6nen<\/figcaption><\/figure>\n","protected":false},"excerpt":{"rendered":"<p>Kuudes linja &#8211; perjantai 1.12.2023 T\u00e4m\u00e4n vuoden We Jazz -festivaali alkoi osaltani perjantai-iltana (1.12.2023) Kuudes linja -klubilta. Siell\u00e4 esiintyi kaksi yhtyett\u00e4, joita yhdisti ruotsalainen basisti Petter Eldh. Illan avanneessa rumpali Gard Nilssenin Acoustic Unityssa h\u00e4n esiintyi vahvassa rivimiehen roolissa, kun taas illan toinen yhtye Post Koma on edelt\u00e4j\u00e4ns\u00e4 Koma Saxon tavoin nimenomaan Eldhin yhdess\u00e4 saksofonisti [&hellip;]<\/p>\n","protected":false},"author":1,"featured_media":24874,"comment_status":"open","ping_status":"open","sticky":false,"template":"","format":"standard","meta":{"ngg_post_thumbnail":0,"_jetpack_memberships_contains_paid_content":false,"footnotes":"","jetpack_publicize_message":"","jetpack_publicize_feature_enabled":true,"jetpack_social_post_already_shared":true,"jetpack_social_options":{"image_generator_settings":{"template":"highway","default_image_id":0,"font":"","enabled":false},"version":2}},"categories":[3],"tags":[561,991,148],"class_list":["post-24870","post","type-post","status-publish","format-standard","has-post-thumbnail","hentry","category-jazz","tag-festivaaliraportti","tag-jazzfestivaalit","tag-we-jazz"],"jetpack_publicize_connections":[],"jetpack_featured_media_url":"https:\/\/i0.wp.com\/www.valonkuvia.fi\/blogi\/wp-content\/uploads\/2023\/12\/2023-WeJazz-022.jpg?fit=2000%2C1333&ssl=1","jetpack_likes_enabled":false,"jetpack_sharing_enabled":true,"_links":{"self":[{"href":"https:\/\/www.valonkuvia.fi\/blogi\/wp-json\/wp\/v2\/posts\/24870","targetHints":{"allow":["GET"]}}],"collection":[{"href":"https:\/\/www.valonkuvia.fi\/blogi\/wp-json\/wp\/v2\/posts"}],"about":[{"href":"https:\/\/www.valonkuvia.fi\/blogi\/wp-json\/wp\/v2\/types\/post"}],"author":[{"embeddable":true,"href":"https:\/\/www.valonkuvia.fi\/blogi\/wp-json\/wp\/v2\/users\/1"}],"replies":[{"embeddable":true,"href":"https:\/\/www.valonkuvia.fi\/blogi\/wp-json\/wp\/v2\/comments?post=24870"}],"version-history":[{"count":20,"href":"https:\/\/www.valonkuvia.fi\/blogi\/wp-json\/wp\/v2\/posts\/24870\/revisions"}],"predecessor-version":[{"id":24914,"href":"https:\/\/www.valonkuvia.fi\/blogi\/wp-json\/wp\/v2\/posts\/24870\/revisions\/24914"}],"wp:featuredmedia":[{"embeddable":true,"href":"https:\/\/www.valonkuvia.fi\/blogi\/wp-json\/wp\/v2\/media\/24874"}],"wp:attachment":[{"href":"https:\/\/www.valonkuvia.fi\/blogi\/wp-json\/wp\/v2\/media?parent=24870"}],"wp:term":[{"taxonomy":"category","embeddable":true,"href":"https:\/\/www.valonkuvia.fi\/blogi\/wp-json\/wp\/v2\/categories?post=24870"},{"taxonomy":"post_tag","embeddable":true,"href":"https:\/\/www.valonkuvia.fi\/blogi\/wp-json\/wp\/v2\/tags?post=24870"}],"curies":[{"name":"wp","href":"https:\/\/api.w.org\/{rel}","templated":true}]}}