{"id":24987,"date":"2023-12-17T10:46:10","date_gmt":"2023-12-17T08:46:10","guid":{"rendered":"https:\/\/www.valonkuvia.fi\/blogi\/?p=24987"},"modified":"2023-12-17T22:03:34","modified_gmt":"2023-12-17T20:03:34","slug":"vuoden-valinnat-2023","status":"publish","type":"post","link":"https:\/\/www.valonkuvia.fi\/blogi\/vuoden-valinnat-2023\/","title":{"rendered":"12 + 3 &#8211; Vuoden valinnat 2023"},"content":{"rendered":"\n<figure class=\"wp-block-image alignwide size-large is-style-default\"><img data-recalc-dims=\"1\" loading=\"lazy\" decoding=\"async\" width=\"852\" height=\"568\" src=\"https:\/\/i0.wp.com\/www.valonkuvia.fi\/blogi\/wp-content\/uploads\/2023\/12\/2023-WeJazz-bnw-34.jpg?resize=852%2C568&#038;ssl=1\" alt=\"\" class=\"wp-image-25015\" srcset=\"https:\/\/i0.wp.com\/www.valonkuvia.fi\/blogi\/wp-content\/uploads\/2023\/12\/2023-WeJazz-bnw-34.jpg?resize=852%2C568&amp;ssl=1 852w, https:\/\/i0.wp.com\/www.valonkuvia.fi\/blogi\/wp-content\/uploads\/2023\/12\/2023-WeJazz-bnw-34.jpg?resize=426%2C284&amp;ssl=1 426w, https:\/\/i0.wp.com\/www.valonkuvia.fi\/blogi\/wp-content\/uploads\/2023\/12\/2023-WeJazz-bnw-34.jpg?resize=768%2C512&amp;ssl=1 768w, https:\/\/i0.wp.com\/www.valonkuvia.fi\/blogi\/wp-content\/uploads\/2023\/12\/2023-WeJazz-bnw-34.jpg?resize=1536%2C1024&amp;ssl=1 1536w, https:\/\/i0.wp.com\/www.valonkuvia.fi\/blogi\/wp-content\/uploads\/2023\/12\/2023-WeJazz-bnw-34.jpg?w=2000&amp;ssl=1 2000w\" sizes=\"auto, (max-width: 852px) 100vw, 852px\" \/><figcaption class=\"wp-element-caption\">Gard Nilssen\u00b4s Supersonic Orchestra, We Jazz 2023<\/figcaption><\/figure>\n\n\n\n<p>On j\u00e4lleen vuoden valintojen aika. T\u00e4n\u00e4 vuonna valikoin listalle kaksitoista levyj\u00e4 ja kolme kirjaa. Kaksitoista levy\u00e4 on tietenkin mit\u00e4tt\u00f6m\u00e4n pieni otos vuoden aikana ilmestyneiden uusien levyjen tulvasta. Vaikka valinta on siis pakostakin jossain m\u00e4\u00e4rin sattumanvarainen, olen mielest\u00e4ni onnistunut valitsemaan listalle jollain tavalla erityisen hyvi\u00e4 levytyksi\u00e4. Vaikka en yrit\u00e4 tavoitella objektiivisuutta, valitsin listalle kuitenkin erilaista nykyjazzia Suomesta ja muualta Euroopasta sek\u00e4 tietenkin Yhdysvalloista. Jos olen kirjoittanut levyst\u00e4 blogissa, levyn nimess\u00e4 on linkki kyseiseen postaukseen. <\/p>\n\n\n\n<p>Levyt ovat satunnaisessa j\u00e4rjestyksess\u00e4. Vilkaise my\u00f6s laajempi <a href=\"https:\/\/docs.google.com\/document\/d\/1G9_PipO18AM-hpmjqz-_yxiv2EUH-2vftZZcGXKytaY\/edit?usp=sharing\">Vuoden valinnat 2023<\/a> -lista.<\/p>\n\n\n\n<figure class=\"wp-block-image size-large is-style-default\"><img data-recalc-dims=\"1\" loading=\"lazy\" decoding=\"async\" width=\"852\" height=\"479\" src=\"https:\/\/i0.wp.com\/www.valonkuvia.fi\/blogi\/wp-content\/uploads\/2023\/08\/joakimberghall.jpg?resize=852%2C479&#038;ssl=1\" alt=\"\" class=\"wp-image-24327\" srcset=\"https:\/\/i0.wp.com\/www.valonkuvia.fi\/blogi\/wp-content\/uploads\/2023\/08\/joakimberghall.jpg?resize=852%2C479&amp;ssl=1 852w, https:\/\/i0.wp.com\/www.valonkuvia.fi\/blogi\/wp-content\/uploads\/2023\/08\/joakimberghall.jpg?resize=426%2C240&amp;ssl=1 426w, https:\/\/i0.wp.com\/www.valonkuvia.fi\/blogi\/wp-content\/uploads\/2023\/08\/joakimberghall.jpg?resize=768%2C432&amp;ssl=1 768w, https:\/\/i0.wp.com\/www.valonkuvia.fi\/blogi\/wp-content\/uploads\/2023\/08\/joakimberghall.jpg?w=1200&amp;ssl=1 1200w\" sizes=\"auto, (max-width: 852px) 100vw, 852px\" \/><figcaption class=\"wp-element-caption\">Joakim Bergh\u00e4ll, Tornio 2020<\/figcaption><\/figure>\n\n\n\n<h4 class=\"wp-block-heading\">12 albumia<\/h4>\n\n\n\n<p><a data-type=\"post\" data-id=\"21065\" href=\"https:\/\/www.valonkuvia.fi\/blogi\/aeco-the-sixth-decade-from-paris-to-paris\/\"><strong>Art Ensemble of Chicago: The Sixth Decade<\/strong> &#8211; From Paris to Paris (Rogue Art, 2023)<\/a> &#8211;  Yli viisikymment\u00e4 vuotta toiminut instituutio luo edelleen el\u00e4v\u00e4\u00e4 ja valtavan moni-ilmeist\u00e4 nykymusiikkia<br \/><\/p>\n\n\n\n<p><a data-type=\"post\" data-id=\"22220\" href=\"https:\/\/www.valonkuvia.fi\/blogi\/jason-moran-james-reese-europe\/\"><strong>Jason Moran<\/strong>: From the Dancehall to the Battlefield (Yes Records, 2023)<\/a> &#8211;  Pianisti ja s\u00e4velt\u00e4j\u00e4 <strong>Jason Moran<\/strong> kunnioittaa levyll\u00e4\u00e4n orkesterinjohtaja ja s\u00e4velt\u00e4j\u00e4 <strong>James Reese Europen<\/strong> (1881-1919) muistoa. Europe oli Moranin mukaan Amerikan mustan musiikin edell\u00e4k\u00e4vij\u00f6it\u00e4, er\u00e4s mustan musiikin alkur\u00e4j\u00e4hdyksist\u00e4.<br \/><\/p>\n\n\n\n<p><a data-type=\"post\" data-id=\"24765\" href=\"https:\/\/www.valonkuvia.fi\/blogi\/josefiina-vannesluoma-mortal-lease\/\"><strong>Josefiina Vannesluoma &amp; Mortal Lease<\/strong>: Mortal Lease (Flame Jazz Records, 2023)<\/a> &#8211; Josefiina Vannesluoma esittelee jazzin keinojen luovaa hallintaa, kun 1900-luvun alun korkeakirjallinen runous k\u00e4\u00e4ntyy omaper\u00e4iseksi musiikiksi.<br \/><\/p>\n\n\n\n<p><a data-type=\"post\" data-id=\"24326\" href=\"https:\/\/www.valonkuvia.fi\/blogi\/berghall-brothers-big-band\/\"><strong>Bergh\u00e4ll Brothers Big Band:<\/strong> Vol. II (Boulder Music, 2023)<\/a> &#8211; <strong>Joakim Bergh\u00e4llin<\/strong> ainutlaatuinen one-man band luo kipe\u00e4st\u00e4 aiheestaan kaunista ja vaikuttavaa musiikkia.<br \/><\/p>\n\n\n\n<p><a data-type=\"post\" data-id=\"24456\" href=\"https:\/\/www.valonkuvia.fi\/blogi\/darius-jones-fluxkit-vancouver\/\"><strong>Darius Jones<\/strong>: fLuXkit Vancouver (its suite but sacred) (We Jazz &amp; Northern Spy, 2023)<\/a> &#8211; Vangitseva sarja imaisee kuulijan vastustamattomasti mukaansa.<br \/><\/p>\n\n\n\n<p><a data-type=\"post\" data-id=\"20993\" href=\"https:\/\/www.valonkuvia.fi\/blogi\/antti-lotjonen-circus-citadel\/\"><strong>Antti L\u00f6tj\u00f6nen<\/strong>: Circus\/Citadel (We Jazz, 2023)<\/a> &#8211; Albumi s\u00e4teilee jazzin valoa, improvisaation l\u00e4mp\u00f6\u00e4 ja svengin voimaa.<br \/><\/p>\n\n\n\n<p><strong>Kris Davis\u00b4 Diatom Ribbons:<\/strong> Live At The Village Vanguard (Pyroclastic Records, 2023) &#8211; Pianisti Kris Davisin johtaman yhtyeen live\u00e4\u00e4nitys nousee korkealle Village Vanguard -klubilla \u00e4\u00e4nitettyjen jazzlevyjen pitk\u00e4ll\u00e4 listalla.<br \/> <\/p>\n\n\n\n<p><strong>James Brandon Lewis Red Lily Quintet<\/strong>: For Mahalia, With Love (Tao Forms, 2023) &#8211; James Brandon Lewis yhtyeineen luo vahvaa jazzia <strong>Mahalia Jacksonin<\/strong> tunnetuksi tekemist\u00e4 gospel-lauluista.<br \/><\/p>\n\n\n\n<p><strong>Tyshawn Sorey<\/strong>: Continuing (Pi Recordings, 2023) &#8211; Rumpalin johtama pianotrio esitt\u00e4\u00e4 nelj\u00e4 pitk\u00e4\u00e4 tulkintaa hyvin valituista lainakappaleista.<br \/><\/p>\n\n\n\n<p><a data-type=\"post\" data-id=\"24409\" href=\"https:\/\/www.valonkuvia.fi\/blogi\/kaksi-isoa-orkesteria\/\"><strong>Gard Nilssen\u00b4s Supersonic Orchestra<\/strong>: Family (We Jazz, 2023)<\/a> &#8211; Supersonic Orchestrasta irtoaa massiivinen \u00e4\u00e4nimuuri, mutta orkesteri ei kuitenkaan paahda t\u00e4ysill\u00e4 koko aikaa. Isosta orkesterista n\u00e4et kohoaa esille erilaisia pienempi\u00e4 kokoonpanoja ja t\u00e4yden orkesterin pauhun vastapainoksi kuullaan l\u00e4hes lyyrisi\u00e4 jaksoja.<br \/><\/p>\n\n\n\n<p><a data-type=\"post\" data-id=\"23358\" href=\"https:\/\/www.valonkuvia.fi\/blogi\/kaksi-ruotsalaista-pianotrioa\/\"><strong>Bobo Stenson Trio<\/strong>: Sphere (ECM, 2023)<\/a> &#8211; Bobo Stenson Trio soittaa keskittyneesti ja <strong>Bobo Stensonin<\/strong> kosketuksen, <strong>Anders Jorminin<\/strong> basson \u00e4\u00e4nen ja <strong>Jon F\u00e4ltin<\/strong> hienovaraisen ly\u00f6m\u00e4soitintaiteen yhdistelm\u00e4st\u00e4 syntyv\u00e4 tunnistettava soundi p\u00e4\u00e4see oikeuksiinsa.<br \/><\/p>\n\n\n\n<p><strong>Sylvie Courvoisier<\/strong>: Chimaera (Intakt Records, 2023) &#8211; Pianisti <strong>Sylvie Courvoisierin<\/strong> uusi yhtye luo levollista kamarimusiikkia, ryhm\u00e4n eturiviss\u00e4 trumpetistit <strong>Wadada Leo Smith<\/strong> ja <strong>Nate Wooley<\/strong>. Tupla-cd:n pitki\u00e4 kappaleita tulkitsevat kiireett\u00f6m\u00e4sti my\u00f6s basisti <strong>Drew Gress<\/strong>, rumpali <strong>Kenny Wollesen<\/strong> ja kitaristi <strong>Christian Fennesz<\/strong>.<\/p>\n\n\n\nngg_shortcode_0_placeholder\n\n\n\n<h4 class=\"wp-block-heading\">Kolme kirjaa<\/h4>\n\n\n\n<p>Jos tusinan levyn siivil\u00f6iminen vuoden tarjonnasti oli vaikeaa, oli kirjavalinta sen sijaan helppo. Listalle n\u00e4et p\u00e4\u00e4tyiv\u00e4t kaikki blogissa esittelem\u00e4ni vuonna  2023 ilmestyneet jazzkirjat. Kirjojen nimiss\u00e4 on linkit tarkempiin esittelyihin.<\/p>\n\n\n\n<p><a href=\"https:\/\/www.valonkuvia.fi\/blogi\/mikko-mattlar-olli-ahvenlahti-piano\/\" data-type=\"post\" data-id=\"24621\">Mikko Mattlar: Olli Ahvenlahti, piano (Docendo, 2023)<\/a>; Olli Ahvenlahti on ollut monessa mukana, mutta rakkaus jazzin on s\u00e4ilynyt koko ajan.<\/p>\n\n\n\n<p><a href=\"https:\/\/www.valonkuvia.fi\/blogi\/aidan-levy-saxophone-colossus\/\" data-type=\"post\" data-id=\"21084\">Aidan Levy: Saxophone Colossus (Hachette Books, 2022)<\/a>; jazzin j\u00e4ttil\u00e4isen el\u00e4m\u00e4nkerrasta tuli tiiliskivi.<\/p>\n\n\n\n<p><a href=\"https:\/\/www.valonkuvia.fi\/blogi\/threadgill-easily-slip-into-another-world\/\" data-type=\"post\" data-id=\"24933\">Henry Threadgill: Easily Slip into Another World (Alfred A. Knopf, 2023)<\/a>; omael\u00e4m\u00e4kertojen huippua<\/p>\n\n\n\n<figure class=\"wp-block-gallery has-nested-images columns-default is-cropped wp-block-gallery-2 is-layout-flex wp-block-gallery-is-layout-flex\">\n<figure class=\"wp-block-image size-large is-style-default\"><a href=\"https:\/\/i0.wp.com\/www.valonkuvia.fi\/blogi\/wp-content\/uploads\/2023\/10\/2006-ahvenlahti.jpeg?ssl=1\"><img data-recalc-dims=\"1\" loading=\"lazy\" decoding=\"async\" width=\"537\" height=\"800\" data-id=\"24623\" src=\"https:\/\/i0.wp.com\/www.valonkuvia.fi\/blogi\/wp-content\/uploads\/2023\/10\/2006-ahvenlahti.jpeg?resize=537%2C800&#038;ssl=1\" alt=\"\" class=\"wp-image-24623\" srcset=\"https:\/\/i0.wp.com\/www.valonkuvia.fi\/blogi\/wp-content\/uploads\/2023\/10\/2006-ahvenlahti.jpeg?w=537&amp;ssl=1 537w, https:\/\/i0.wp.com\/www.valonkuvia.fi\/blogi\/wp-content\/uploads\/2023\/10\/2006-ahvenlahti.jpeg?resize=286%2C426&amp;ssl=1 286w\" sizes=\"auto, (max-width: 537px) 100vw, 537px\" \/><\/a><\/figure>\n\n\n\n<figure class=\"wp-block-image size-large is-style-default\"><a href=\"https:\/\/i0.wp.com\/www.valonkuvia.fi\/blogi\/wp-content\/uploads\/2023\/02\/saxophone-colossus2.jpeg?ssl=1\"><img data-recalc-dims=\"1\" loading=\"lazy\" decoding=\"async\" width=\"564\" height=\"852\" data-id=\"21091\" src=\"https:\/\/i0.wp.com\/www.valonkuvia.fi\/blogi\/wp-content\/uploads\/2023\/02\/saxophone-colossus2.jpeg?resize=564%2C852&#038;ssl=1\" alt=\"\" class=\"wp-image-21091\" srcset=\"https:\/\/i0.wp.com\/www.valonkuvia.fi\/blogi\/wp-content\/uploads\/2023\/02\/saxophone-colossus2.jpeg?resize=564%2C852&amp;ssl=1 564w, https:\/\/i0.wp.com\/www.valonkuvia.fi\/blogi\/wp-content\/uploads\/2023\/02\/saxophone-colossus2.jpeg?resize=282%2C426&amp;ssl=1 282w, https:\/\/i0.wp.com\/www.valonkuvia.fi\/blogi\/wp-content\/uploads\/2023\/02\/saxophone-colossus2.jpeg?resize=768%2C1159&amp;ssl=1 768w, https:\/\/i0.wp.com\/www.valonkuvia.fi\/blogi\/wp-content\/uploads\/2023\/02\/saxophone-colossus2.jpeg?resize=1018%2C1536&amp;ssl=1 1018w, https:\/\/i0.wp.com\/www.valonkuvia.fi\/blogi\/wp-content\/uploads\/2023\/02\/saxophone-colossus2.jpeg?resize=1357%2C2048&amp;ssl=1 1357w, https:\/\/i0.wp.com\/www.valonkuvia.fi\/blogi\/wp-content\/uploads\/2023\/02\/saxophone-colossus2.jpeg?w=1696&amp;ssl=1 1696w\" sizes=\"auto, (max-width: 564px) 100vw, 564px\" \/><\/a><\/figure>\n\n\n\n<figure class=\"wp-block-image aligncenter size-large is-style-default\"><a href=\"https:\/\/i0.wp.com\/www.valonkuvia.fi\/blogi\/wp-content\/uploads\/2023\/12\/threadgill-kansi-iso.jpg?ssl=1\"><img data-recalc-dims=\"1\" loading=\"lazy\" decoding=\"async\" width=\"572\" height=\"852\" data-id=\"24936\" src=\"https:\/\/i0.wp.com\/www.valonkuvia.fi\/blogi\/wp-content\/uploads\/2023\/12\/threadgill-kansi-iso.jpg?resize=572%2C852&#038;ssl=1\" alt=\"\" class=\"wp-image-24936\" srcset=\"https:\/\/i0.wp.com\/www.valonkuvia.fi\/blogi\/wp-content\/uploads\/2023\/12\/threadgill-kansi-iso.jpg?resize=572%2C852&amp;ssl=1 572w, https:\/\/i0.wp.com\/www.valonkuvia.fi\/blogi\/wp-content\/uploads\/2023\/12\/threadgill-kansi-iso.jpg?resize=286%2C426&amp;ssl=1 286w, https:\/\/i0.wp.com\/www.valonkuvia.fi\/blogi\/wp-content\/uploads\/2023\/12\/threadgill-kansi-iso.jpg?resize=768%2C1144&amp;ssl=1 768w, https:\/\/i0.wp.com\/www.valonkuvia.fi\/blogi\/wp-content\/uploads\/2023\/12\/threadgill-kansi-iso.jpg?w=1000&amp;ssl=1 1000w\" sizes=\"auto, (max-width: 572px) 100vw, 572px\" \/><\/a><\/figure>\n<\/figure>\n\n\n\n<h4 class=\"wp-block-heading\">Vuoden valinnat 2022<\/h4>\n\n\n\n<p>Ilmeisesti viime kev\u00e4\u00e4n sivuston <a href=\"https:\/\/www.valonkuvia.fi\/blogi\/blogin-ulkoasu-uudistunut\/\" data-type=\"post\" data-id=\"23160\">ulkoasuremontin<\/a> yhteydess\u00e4 onnistuin hukkaamaan Vuoden valinnat vuodelta 2022.  Postauksen teksti oli hukassa, eik\u00e4 apua l\u00f6ytynyt varmuuskopioista eik\u00e4 internetin arkistosta, mutta valitsemieni levyjen kansikuvat sent\u00e4\u00e4n l\u00f6ytyiv\u00e4t kuvagalleriana. Julkaisen galleria muistin virkistykseksi uudelleen t\u00e4ss\u00e4:<\/p>\n\n\n\nngg_shortcode_1_placeholder\n","protected":false},"excerpt":{"rendered":"<p>On j\u00e4lleen vuoden valintojen aika. T\u00e4n\u00e4 vuonna valikoin listalle kaksitoista levyj\u00e4 ja kolme kirjaa. Kaksitoista levy\u00e4 on tietenkin mit\u00e4tt\u00f6m\u00e4n pieni otos vuoden aikana ilmestyneiden uusien levyjen tulvasta. Vaikka valinta on siis pakostakin jossain m\u00e4\u00e4rin sattumanvarainen, olen mielest\u00e4ni onnistunut valitsemaan listalle jollain tavalla erityisen hyvi\u00e4 levytyksi\u00e4. Vaikka en yrit\u00e4 tavoitella objektiivisuutta, valitsin listalle kuitenkin erilaista nykyjazzia [&hellip;]<\/p>\n","protected":false},"author":1,"featured_media":24330,"comment_status":"open","ping_status":"open","sticky":false,"template":"","format":"standard","meta":{"ngg_post_thumbnail":0,"_jetpack_memberships_contains_paid_content":false,"footnotes":"","jetpack_publicize_message":"","jetpack_publicize_feature_enabled":true,"jetpack_social_post_already_shared":true,"jetpack_social_options":{"image_generator_settings":{"template":"highway","default_image_id":0,"font":"","enabled":false},"version":2}},"categories":[3],"tags":[20,80,13,18,14,68],"class_list":["post-24987","post","type-post","status-publish","format-standard","has-post-thumbnail","hentry","category-jazz","tag-amerikkalainen-jazz","tag-eurooppalainen-jazz","tag-jazzlevyt-2","tag-suomalainen-jazz","tag-ruotsalainen-jazz","tag-vuoden-valinnat"],"jetpack_publicize_connections":[],"jetpack_featured_media_url":"https:\/\/i0.wp.com\/www.valonkuvia.fi\/blogi\/wp-content\/uploads\/2023\/08\/bbbb-artikkeli.png?fit=800%2C419&ssl=1","jetpack_likes_enabled":false,"jetpack_sharing_enabled":true,"_links":{"self":[{"href":"https:\/\/www.valonkuvia.fi\/blogi\/wp-json\/wp\/v2\/posts\/24987","targetHints":{"allow":["GET"]}}],"collection":[{"href":"https:\/\/www.valonkuvia.fi\/blogi\/wp-json\/wp\/v2\/posts"}],"about":[{"href":"https:\/\/www.valonkuvia.fi\/blogi\/wp-json\/wp\/v2\/types\/post"}],"author":[{"embeddable":true,"href":"https:\/\/www.valonkuvia.fi\/blogi\/wp-json\/wp\/v2\/users\/1"}],"replies":[{"embeddable":true,"href":"https:\/\/www.valonkuvia.fi\/blogi\/wp-json\/wp\/v2\/comments?post=24987"}],"version-history":[{"count":26,"href":"https:\/\/www.valonkuvia.fi\/blogi\/wp-json\/wp\/v2\/posts\/24987\/revisions"}],"predecessor-version":[{"id":25045,"href":"https:\/\/www.valonkuvia.fi\/blogi\/wp-json\/wp\/v2\/posts\/24987\/revisions\/25045"}],"wp:featuredmedia":[{"embeddable":true,"href":"https:\/\/www.valonkuvia.fi\/blogi\/wp-json\/wp\/v2\/media\/24330"}],"wp:attachment":[{"href":"https:\/\/www.valonkuvia.fi\/blogi\/wp-json\/wp\/v2\/media?parent=24987"}],"wp:term":[{"taxonomy":"category","embeddable":true,"href":"https:\/\/www.valonkuvia.fi\/blogi\/wp-json\/wp\/v2\/categories?post=24987"},{"taxonomy":"post_tag","embeddable":true,"href":"https:\/\/www.valonkuvia.fi\/blogi\/wp-json\/wp\/v2\/tags?post=24987"}],"curies":[{"name":"wp","href":"https:\/\/api.w.org\/{rel}","templated":true}]}}