{"id":25172,"date":"2024-01-23T22:58:33","date_gmt":"2024-01-23T20:58:33","guid":{"rendered":"https:\/\/www.valonkuvia.fi\/blogi\/?p=25172"},"modified":"2024-01-24T18:07:59","modified_gmt":"2024-01-24T16:07:59","slug":"mark-lotz-freshta","status":"publish","type":"post","link":"https:\/\/www.valonkuvia.fi\/blogi\/mark-lotz-freshta\/","title":{"rendered":"Mark Lotz: Freshta (ZenneZ Records, 2023)"},"content":{"rendered":"\n<figure class=\"wp-block-image aligncenter size-large is-style-default\"><img data-recalc-dims=\"1\" loading=\"lazy\" decoding=\"async\" width=\"852\" height=\"781\" src=\"https:\/\/i0.wp.com\/www.valonkuvia.fi\/blogi\/wp-content\/uploads\/2024\/01\/mark-lotz-Krijin-van.jpeg?resize=852%2C781&#038;ssl=1\" alt=\"\" class=\"wp-image-25176\" srcset=\"https:\/\/i0.wp.com\/www.valonkuvia.fi\/blogi\/wp-content\/uploads\/2024\/01\/mark-lotz-Krijin-van.jpeg?resize=852%2C781&amp;ssl=1 852w, https:\/\/i0.wp.com\/www.valonkuvia.fi\/blogi\/wp-content\/uploads\/2024\/01\/mark-lotz-Krijin-van.jpeg?resize=426%2C391&amp;ssl=1 426w, https:\/\/i0.wp.com\/www.valonkuvia.fi\/blogi\/wp-content\/uploads\/2024\/01\/mark-lotz-Krijin-van.jpeg?resize=768%2C704&amp;ssl=1 768w, https:\/\/i0.wp.com\/www.valonkuvia.fi\/blogi\/wp-content\/uploads\/2024\/01\/mark-lotz-Krijin-van.jpeg?resize=1536%2C1409&amp;ssl=1 1536w, https:\/\/i0.wp.com\/www.valonkuvia.fi\/blogi\/wp-content\/uploads\/2024\/01\/mark-lotz-Krijin-van.jpeg?w=1699&amp;ssl=1 1699w\" sizes=\"auto, (max-width: 852px) 100vw, 852px\" \/><figcaption class=\"wp-element-caption\">Mark Lotz. Kuva: Krijn van Noordwijk<\/figcaption><\/figure>\n\n\n\n<p>Hollannissa asuva saksalainen huilisti ja s\u00e4velt\u00e4j\u00e4 <strong>Mark Lotz<\/strong> on varttunut Saksan lis\u00e4ksi my\u00f6s Thaimaassa ja Keniassa sek\u00e4 opiskellut jazzia sek\u00e4 klassista huilua ett\u00e4 intialaista bansuri-huilua. Niinp\u00e4 ei ole syyt\u00e4 kummastella, ett\u00e4 h\u00e4n on taitelijana kotonaan monenlaisissa ymp\u00e4rist\u00f6iss\u00e4 soolohuilusta, tanssiin, teatteriin tai yhteisiin hankkeisiin kuubalaisten ja afrikkalaisten muusikoiden kanssa.<\/p>\n\n\n\n<p>Lotzin viimeisin albumi on sekin vaikuttava esimerkki rajoja ylitt\u00e4v\u00e4st\u00e4 musiikista. \u201d<em>Freshta<\/em>\u201d on omistettu vuonna 2020 murhatun afganistanilaisen naisten oikeuksien ja demokratian puolesta taistelleen <strong>Freshta Kohistanin<\/strong> muistolle. Albumin kaikki kymmenen kappaletta ovat saaneet innoituksensa ja nimens\u00e4 eri puolilla maailmaa vaikuttavan tai vaikuttaneen naisaktivistin mukaan. (Lista nimist\u00e4 l\u00f6ytyy alempana, kannattaa googlata ne kaikki ja sivisty\u00e4.)<\/p>\n\n\n\n<p>Vakavasta aiheestaan huolimatta \u201d<em>Freshta<\/em>\u201d kuulostaa toiveikkaalta, mihin levyll\u00e4 soittavan taidokkaan kvintetin harvinaisen mielenkiintoinen kokoonpano vaikuttaa. Mark Lotzin huilut ja <strong>Claudio Puntinin<\/strong> klarinetit soivat kauniisti yhteen ja luovat yhtyeen eturiviin ilmavan soinnin. <strong>J\u00f6rg Brinkmann<\/strong> n\u00e4pp\u00e4ilee selloaan jazzbasson tapaan ja ottaa itselleen basistin roolin. Sellon keve\u00e4mpi \u00e4\u00e4ni sopeutuukin hienosti yhtyeen valoisaan ilmeeseen. Paikoitellen hienovaraisen tyylikk\u00e4\u00e4sti k\u00e4ytetyt s\u00e4hk\u00f6iset efektit v\u00e4ritt\u00e4v\u00e4t ja laajentavat yhtyeen soundia. <\/p>\n\n\n\n<p>\u201d<em>Freshta<\/em>\u201d on l\u00e4mmin kokonaisuus, jota leimaavat niin jazzin vapautunut svengi kuin  etnovaikutteiset pohdiskelut. Albumin  avaava nimikappale ja heti per\u00e4\u00e4n seuraava &#8221;<em>Malalai<\/em>&#8221; tarjoavat erityisen vangitsevan n\u00e4ytteen yhtyeen notkean vaivattomasta svengist\u00e4. Itsepintaisesti toistuvan rytmikuvion kantama &#8221;<em>Wangari<\/em>&#8221; ja  kuulaan levollinen &#8221;<em>Frouzan<\/em>&#8221; hiljentyv\u00e4t seesteisen mietiskelyn \u00e4\u00e4relle.<\/p>\n\n\n\n<hr class=\"wp-block-separator has-alpha-channel-opacity is-style-dots\" style=\"margin-top:0;margin-bottom:0\"\/>\n\n\n\n<p>Lopuksi viel\u00e4 lista aktivisteista, joiden ty\u00f6t\u00e4 Mark Lotz on s\u00e4vellyksill\u00e4\u00e4n kunnioittanut: <strong>Freshta Kohistani, Malalai Joya, Malala Yousafzai, Durga Gawde, Nasrin Sotoudeh, Isabel Cabanillas de la Torre, Wangar\u0129 Muta Maathai, Frouzan Safi, Mahbouba Seraj, Hasina Saifi Rastgaar, Viji Penkoottu<\/strong>.<\/p>\n\n\n\n<p><strong>Mark Lotz<\/strong>: Freshta (ZenneZ\/Berthold Records, 2023)<br><em>Mark Lotz, huilut, efektit, Claudio Puntin, klarinetit,&nbsp;J\u00f6rg Brinkmann sello, <em>efektit,<\/em><\/em> <em>Jeroen van Vliet, piano, <em>efektit,<\/em>&nbsp;Dirk-Peter K\u00f6lsch, rummut<\/em><\/p>\n\n\n\n<figure class=\"wp-block-image aligncenter size-medium is-style-default\"><img data-recalc-dims=\"1\" loading=\"lazy\" decoding=\"async\" width=\"426\" height=\"426\" src=\"https:\/\/i0.wp.com\/www.valonkuvia.fi\/blogi\/wp-content\/uploads\/2024\/01\/CD-cover-Freshta-Z_B.jpg?resize=426%2C426&#038;ssl=1\" alt=\"\" class=\"wp-image-25174\" srcset=\"https:\/\/i0.wp.com\/www.valonkuvia.fi\/blogi\/wp-content\/uploads\/2024\/01\/CD-cover-Freshta-Z_B.jpg?resize=426%2C426&amp;ssl=1 426w, https:\/\/i0.wp.com\/www.valonkuvia.fi\/blogi\/wp-content\/uploads\/2024\/01\/CD-cover-Freshta-Z_B.jpg?resize=852%2C852&amp;ssl=1 852w, https:\/\/i0.wp.com\/www.valonkuvia.fi\/blogi\/wp-content\/uploads\/2024\/01\/CD-cover-Freshta-Z_B.jpg?resize=150%2C150&amp;ssl=1 150w, https:\/\/i0.wp.com\/www.valonkuvia.fi\/blogi\/wp-content\/uploads\/2024\/01\/CD-cover-Freshta-Z_B.jpg?resize=768%2C768&amp;ssl=1 768w, https:\/\/i0.wp.com\/www.valonkuvia.fi\/blogi\/wp-content\/uploads\/2024\/01\/CD-cover-Freshta-Z_B.jpg?resize=400%2C400&amp;ssl=1 400w, https:\/\/i0.wp.com\/www.valonkuvia.fi\/blogi\/wp-content\/uploads\/2024\/01\/CD-cover-Freshta-Z_B.jpg?resize=1536%2C1536&amp;ssl=1 1536w, https:\/\/i0.wp.com\/www.valonkuvia.fi\/blogi\/wp-content\/uploads\/2024\/01\/CD-cover-Freshta-Z_B.jpg?resize=120%2C120&amp;ssl=1 120w, https:\/\/i0.wp.com\/www.valonkuvia.fi\/blogi\/wp-content\/uploads\/2024\/01\/CD-cover-Freshta-Z_B.jpg?w=1558&amp;ssl=1 1558w\" sizes=\"auto, (max-width: 426px) 100vw, 426px\" \/><\/figure>\n\n\n\n<p class=\"has-text-align-center\">Vaikka \u201d<em>Freshta<\/em>\u201d ilmestyi jo viime vuoden lopulla, se kuuluu Vuoden valinnat 2024-listalle :&nbsp;<a href=\"https:\/\/docs.google.com\/document\/d\/164fOSEY53E2ICehK1jmBCqyv54Y2t8vmFQ5HsbQ3TiQ\/edit?usp=sharing\">Vuoden valinnat 2024<\/a>.<\/p>\n","protected":false},"excerpt":{"rendered":"<p>Hollannissa asuva saksalainen huilisti ja s\u00e4velt\u00e4j\u00e4 Mark Lotz on varttunut Saksan lis\u00e4ksi my\u00f6s Thaimaassa ja Keniassa sek\u00e4 opiskellut jazzia sek\u00e4 klassista huilua ett\u00e4 intialaista bansuri-huilua. Niinp\u00e4 ei ole syyt\u00e4 kummastella, ett\u00e4 h\u00e4n on taitelijana kotonaan monenlaisissa ymp\u00e4rist\u00f6iss\u00e4 soolohuilusta, tanssiin, teatteriin tai yhteisiin hankkeisiin kuubalaisten ja afrikkalaisten muusikoiden kanssa. Lotzin viimeisin albumi on sekin vaikuttava esimerkki [&hellip;]<\/p>\n","protected":false},"author":1,"featured_media":25176,"comment_status":"open","ping_status":"open","sticky":false,"template":"","format":"standard","meta":{"ngg_post_thumbnail":0,"_jetpack_memberships_contains_paid_content":false,"footnotes":"","jetpack_publicize_message":"","jetpack_publicize_feature_enabled":true,"jetpack_social_post_already_shared":true,"jetpack_social_options":{"image_generator_settings":{"template":"highway","default_image_id":0,"font":"","enabled":false},"version":2}},"categories":[3],"tags":[80,196,13,1104],"class_list":["post-25172","post","type-post","status-publish","format-standard","has-post-thumbnail","hentry","category-jazz","tag-eurooppalainen-jazz","tag-huilu","tag-jazzlevyt-2","tag-mark-lotz"],"jetpack_publicize_connections":[],"jetpack_featured_media_url":"https:\/\/i0.wp.com\/www.valonkuvia.fi\/blogi\/wp-content\/uploads\/2024\/01\/mark-lotz-Krijin-van.jpeg?fit=1699%2C1558&ssl=1","jetpack_likes_enabled":false,"jetpack_sharing_enabled":true,"_links":{"self":[{"href":"https:\/\/www.valonkuvia.fi\/blogi\/wp-json\/wp\/v2\/posts\/25172","targetHints":{"allow":["GET"]}}],"collection":[{"href":"https:\/\/www.valonkuvia.fi\/blogi\/wp-json\/wp\/v2\/posts"}],"about":[{"href":"https:\/\/www.valonkuvia.fi\/blogi\/wp-json\/wp\/v2\/types\/post"}],"author":[{"embeddable":true,"href":"https:\/\/www.valonkuvia.fi\/blogi\/wp-json\/wp\/v2\/users\/1"}],"replies":[{"embeddable":true,"href":"https:\/\/www.valonkuvia.fi\/blogi\/wp-json\/wp\/v2\/comments?post=25172"}],"version-history":[{"count":14,"href":"https:\/\/www.valonkuvia.fi\/blogi\/wp-json\/wp\/v2\/posts\/25172\/revisions"}],"predecessor-version":[{"id":25192,"href":"https:\/\/www.valonkuvia.fi\/blogi\/wp-json\/wp\/v2\/posts\/25172\/revisions\/25192"}],"wp:featuredmedia":[{"embeddable":true,"href":"https:\/\/www.valonkuvia.fi\/blogi\/wp-json\/wp\/v2\/media\/25176"}],"wp:attachment":[{"href":"https:\/\/www.valonkuvia.fi\/blogi\/wp-json\/wp\/v2\/media?parent=25172"}],"wp:term":[{"taxonomy":"category","embeddable":true,"href":"https:\/\/www.valonkuvia.fi\/blogi\/wp-json\/wp\/v2\/categories?post=25172"},{"taxonomy":"post_tag","embeddable":true,"href":"https:\/\/www.valonkuvia.fi\/blogi\/wp-json\/wp\/v2\/tags?post=25172"}],"curies":[{"name":"wp","href":"https:\/\/api.w.org\/{rel}","templated":true}]}}