{"id":25193,"date":"2024-02-13T16:46:09","date_gmt":"2024-02-13T14:46:09","guid":{"rendered":"https:\/\/www.valonkuvia.fi\/blogi\/?p=25193"},"modified":"2025-07-26T18:50:41","modified_gmt":"2025-07-26T15:50:41","slug":"melissa-harris-josef-koudelka-next","status":"publish","type":"post","link":"https:\/\/www.valonkuvia.fi\/blogi\/melissa-harris-josef-koudelka-next\/","title":{"rendered":"Melissa Harris: Josef Koudelka. Next. A Visual Biography (Aperture, 2023)"},"content":{"rendered":"\n<figure class=\"wp-block-image size-large is-style-default\"><img data-recalc-dims=\"1\" loading=\"lazy\" decoding=\"async\" width=\"852\" height=\"568\" src=\"https:\/\/i0.wp.com\/www.valonkuvia.fi\/blogi\/wp-content\/uploads\/2024\/02\/koudelka1.jpg?resize=852%2C568&#038;ssl=1\" alt=\"\" class=\"wp-image-25265\" srcset=\"https:\/\/i0.wp.com\/www.valonkuvia.fi\/blogi\/wp-content\/uploads\/2024\/02\/koudelka1.jpg?resize=852%2C568&amp;ssl=1 852w, https:\/\/i0.wp.com\/www.valonkuvia.fi\/blogi\/wp-content\/uploads\/2024\/02\/koudelka1.jpg?resize=426%2C284&amp;ssl=1 426w, https:\/\/i0.wp.com\/www.valonkuvia.fi\/blogi\/wp-content\/uploads\/2024\/02\/koudelka1.jpg?resize=768%2C512&amp;ssl=1 768w, https:\/\/i0.wp.com\/www.valonkuvia.fi\/blogi\/wp-content\/uploads\/2024\/02\/koudelka1.jpg?w=1500&amp;ssl=1 1500w\" sizes=\"auto, (max-width: 852px) 100vw, 852px\" \/><\/figure>\n\n\n\n<p>T\u0161ekkil\u00e4inen valokuvaaja <strong>Josef Koudelka<\/strong> syntyi 10. tammikuuta 1938, siis hieman ennen toisen maailmansodan mukanaan tuomia mullistuksia. Koudelkan perhe asui Valchovin kyl\u00e4ss\u00e4, joka sijaitsee M\u00e4\u00e4riss\u00e4 Brnon pohjoispuolella. Molemmat vanhemmat ty\u00f6skenteliv\u00e4t kotona, jossa \u00e4iti <strong>Marie Koudelka<\/strong> piti ruokakauppaa ja is\u00e4 <strong>Josef<\/strong> <strong>Koudelka<\/strong> ompeli vaatteita l\u00e4heisen Boskovicen kaupungin tekstiilitehtaalle. Perhe oli roomalaiskatolinen ja uskonnolla oli t\u00e4rke\u00e4 osa el\u00e4m\u00e4ss\u00e4. Niinp\u00e4 oli selv\u00e4\u00e4, ett\u00e4 is\u00e4 ei koskaan hyv\u00e4ksynyt sodan j\u00e4lkeen valtaan noussutta kommunistista hallintoa, vaan piti sit\u00e4 diktatuurina.<\/p>\n\n\n\n<p>Koudelkojen perheyst\u00e4v\u00e4, naapurikyl\u00e4n leipuri <strong>Dy\u010dka<\/strong>, oli amat\u00f6\u00f6rikuvaaja, jolla oli oma laboratorio kuvien kehitt\u00e4mist\u00e4 varten. Herra Dy\u010dka opetti nuorelle Koudelkalle valokuvien kehitt\u00e4misen perusteet, kun t\u00e4m\u00e4 oli onnistunut s\u00e4\u00e4st\u00e4m\u00e4\u00e4n itselleen ensimm\u00e4isen kameransa, bakeliitista valmistetun kaksisilm\u00e4isen peiliheijastuskameran.<\/p>\n\n\n\n<p>Vuonna 1952 Koudelka muutti Prahaan ilmailutekniseen kouluun, josta h\u00e4n my\u00f6hemmin siirtyi tekniseen korkeakouluun ja valmistui sielt\u00e4 insin\u00f6\u00f6riksi. Koudelka lainaili koulukaverinsa <strong>Josef \u0160alekin<\/strong> vanhaa Rolleiflex-kameraa, kunnes is\u00e4 tuli avuksi ja osti Koudelkalle oman Rolleiflexin. Koudelka kuljetti kameraansa mukanaan joka paikkaan, kuvasi ahkerasti ja osallistui opiskeluvuosinaan ensimm\u00e4isiin valokuvan\u00e4yttelyihins\u00e4. <\/p>\n\n\n\n<p>Nuori Koudelka oli valokuvauksen lis\u00e4ksi kiinnostunut my\u00f6s musiikista ja h\u00e4n soitti kansanmusiikkiyhtyeiss\u00e4 t\u0161ekkil\u00e4ist\u00e4 s\u00e4kkipilli\u00e4 (dudy). Musiikki vei Koudelkan ensimm\u00e4isen kerran l\u00e4nteen, kun h\u00e4nen yhtyeens\u00e4 osallistui Italian kommunistisen puolueen j\u00e4rjest\u00e4mille festivaaleille vuonna 1961. T\u00e4ll\u00e4 matkalla h\u00e4n tutustui kaverinsa kinofilmikameraan ja innostui sen mahdollisuuksista, mutta pystyi hankkimaan oman Exakta-kameran vasta pari vuotta my\u00f6hemmin.<\/p>\n\n\n\n<p>Kansanmusiikkijuhlilla Koudelka kohtasi my\u00f6s romanimuusikoita ja aloitti vuosia jatkuneen kuvausprojektin, jonka tuloksena 1970-luvun puoliv\u00e4liss\u00e4 julkaistiin Koudelkan t\u00e4rkeimpiin kuvakokonaisuuksiin kuuluva kirja \u201d<em>Gypsies<\/em>\u201d. Kirjan kuvat Koudelka kuvasi p\u00e4\u00e4osin 1960-luvulla T\u0161ekiss\u00e4, Slovakiassa ja Romaniassa.<\/p>\n\n\n\n<figure class=\"wp-block-image size-large is-style-default\"><img data-recalc-dims=\"1\" loading=\"lazy\" decoding=\"async\" width=\"852\" height=\"556\" src=\"https:\/\/i0.wp.com\/www.valonkuvia.fi\/blogi\/wp-content\/uploads\/2024\/02\/josef-koudelka-romania-1968.jpeg?resize=852%2C556&#038;ssl=1\" alt=\"\" class=\"wp-image-25266\" srcset=\"https:\/\/i0.wp.com\/www.valonkuvia.fi\/blogi\/wp-content\/uploads\/2024\/02\/josef-koudelka-romania-1968.jpeg?resize=852%2C556&amp;ssl=1 852w, https:\/\/i0.wp.com\/www.valonkuvia.fi\/blogi\/wp-content\/uploads\/2024\/02\/josef-koudelka-romania-1968.jpeg?resize=426%2C278&amp;ssl=1 426w, https:\/\/i0.wp.com\/www.valonkuvia.fi\/blogi\/wp-content\/uploads\/2024\/02\/josef-koudelka-romania-1968.jpeg?resize=768%2C501&amp;ssl=1 768w, https:\/\/i0.wp.com\/www.valonkuvia.fi\/blogi\/wp-content\/uploads\/2024\/02\/josef-koudelka-romania-1968.jpeg?resize=1536%2C1001&amp;ssl=1 1536w, https:\/\/i0.wp.com\/www.valonkuvia.fi\/blogi\/wp-content\/uploads\/2024\/02\/josef-koudelka-romania-1968.jpeg?w=2000&amp;ssl=1 2000w\" sizes=\"auto, (max-width: 852px) 100vw, 852px\" \/><figcaption class=\"wp-element-caption\">Josef Koudelka, Romania 1968 &#8211; romaniprojektin tunnetuimpia kuvia<\/figcaption><\/figure>\n\n\n\n<p>Insin\u00f6\u00f6riksi valmistuttuaan Koudelka ty\u00f6skenteli Prahan lentoasemalla ja k\u00e4ytti vapaa-aikansa ja kaikki liikenev\u00e4t rahansa valokuvaukseen. Lopulta Koudelka hylk\u00e4si leip\u00e4ty\u00f6ns\u00e4 ja aloitti freelance-kuvaajana Divadlo za branou -teatterissa.<\/p>\n\n\n\n<p>Kun Prahan kev\u00e4t p\u00e4\u00e4ttyi dramaattisesti Neuvostoliiton ja muiden Varsovan liiton maiden miehitykseen elokuussa 1968, Koudelka kuvasi intensiivisesti miehityst\u00e4 ja sen nostattamaa vastarintaa Prahan kaduilla. Syntyi Koudelkan ainoa selke\u00e4n dokumentaarinen projekti &#8221;<em>Invasion 1968: Prague<\/em>&#8221;, jonka negatiivit salakuljetettiin my\u00f6hemmin l\u00e4nteen. Tunnettu kuvatoimisto Magnum julkaisi kuvia aluksi anonyymisti nimimerkill\u00e4 PP eli Prague photographer. Koudelka tunnustautui dokumentin kuvaajaksi vasta muutettuaan pois kotimaastaan.<\/p>\n\n\n\n<p>Miehityksest\u00e4 huolimatta Koudelkan sai vierailla Isossa-Britanniassa kaksikin kertaa vuonna 1969. Ensin Divadlo za branou -teatteri p\u00e4\u00e4si Lontooseen teatterifestivaaleille ja Koudelka kutsuttiin esittelem\u00e4\u00e4n kokeellisia teatterikuviaan ja my\u00f6hemmin Koudelka p\u00e4\u00e4si viel\u00e4 toistamiseen Lontooseen. T\u00e4lt\u00e4kin matkalta h\u00e4n viel\u00e4 palasi kotimaahan, mutta kun h\u00e4n vuonna 1970 sai uuden luvan matkustaa Ranskaan jatkamaan romaniprojektiaan, h\u00e4n p\u00e4\u00e4tti j\u00e4tt\u00e4\u00e4 T\u0161ekkoslovakian taakseen ja loikata l\u00e4nteen. Koudelka palasi seuraavan kerran kotimaahansa vasta vuonna 1990, kun samettivallankumous oli kaatanut kommunistivallan.<\/p>\n\n\n\n<p>L\u00e4nness\u00e4 Koudelka eli vuosikausia suoranaista kulkurin el\u00e4m\u00e4\u00e4 ilman vakituista kotia, sill\u00e4 h\u00e4n hankki ensimm\u00e4isen vakituisen asuntonsa vasta vuonna 1987 Pariisista. Sit\u00e4 ennen h\u00e4n asui pitki\u00e4kin aikoja yst\u00e4vien nurkissa, y\u00f6pyi usein makuupussissa Magnumin Pariisin toimiston lattialla tai jopa paljaan taivaan alla kuvausretkill\u00e4\u00e4n Etel\u00e4-Euroopassa.<\/p>\n\n\n\n<figure class=\"wp-block-image aligncenter size-large is-style-default\"><img data-recalc-dims=\"1\" loading=\"lazy\" decoding=\"async\" width=\"852\" height=\"809\" src=\"https:\/\/i0.wp.com\/www.valonkuvia.fi\/blogi\/wp-content\/uploads\/2024\/02\/tank.jpg?resize=852%2C809&#038;ssl=1\" alt=\"\" class=\"wp-image-25273\" srcset=\"https:\/\/i0.wp.com\/www.valonkuvia.fi\/blogi\/wp-content\/uploads\/2024\/02\/tank.jpg?resize=852%2C809&amp;ssl=1 852w, https:\/\/i0.wp.com\/www.valonkuvia.fi\/blogi\/wp-content\/uploads\/2024\/02\/tank.jpg?resize=426%2C405&amp;ssl=1 426w, https:\/\/i0.wp.com\/www.valonkuvia.fi\/blogi\/wp-content\/uploads\/2024\/02\/tank.jpg?resize=768%2C730&amp;ssl=1 768w, https:\/\/i0.wp.com\/www.valonkuvia.fi\/blogi\/wp-content\/uploads\/2024\/02\/tank.jpg?w=1500&amp;ssl=1 1500w\" sizes=\"auto, (max-width: 852px) 100vw, 852px\" \/><figcaption class=\"wp-element-caption\">Josef Koudelka kuvaamassa neuvostoliittolaisen tankin p\u00e4\u00e4ll\u00e4 elokuussa 1968. <br>Kuva: Aperture\/kuvaaja tuntematon<\/figcaption><\/figure>\n\n\n\n<p>T\u00e4m\u00e4 tiivistelm\u00e4 Josef Koudelkan el\u00e4m\u00e4n ensimm\u00e4isist\u00e4 vuosikymmenist\u00e4 perustuu amerikkalaisen valokuvataiteeseen keskittyv\u00e4n Aperturen-lehden toimittajan <strong>Melissa Harrisin <\/strong>kirjoittamaan tuoreeseen el\u00e4m\u00e4kertaan. Kirja k\u00e4y l\u00e4pi Koudelkan el\u00e4m\u00e4vaiheet suorasukaisesti peittelem\u00e4tt\u00e4 t\u00e4m\u00e4n ajoittain hyvin originellin  el\u00e4m\u00e4ntavan mukanaan tuomia ongelmia.<\/p>\n\n\n\n<p>Koudelka toteutti urallaan suhteellisen harvoja, mutta sit\u00e4kin pidemm\u00e4n aikaa vaatineita kuvausprojekteja. Kaikista projekteista syntyi useita n\u00e4yttelyit\u00e4 ja kirjoja, joista h\u00e4n hioi ja muokkasi vuosien aikana useita erilaisia versioita. Ty\u00f6skentelytapa muistuttaa jossain m\u00e4\u00e4rin joidenkin rockyhtyeiden t\u00e4ydellisyyteen pyrkiv\u00e4\u00e4 tapaa ty\u00f6st\u00e4\u00e4 musiikkia albumeille.<\/p>\n\n\n\n<p>Romaniprojektin ja vuoden 1968 tapahtumien dokumentoinnin ohella merkitt\u00e4vi\u00e4 Koudelkan projekteja ovat olleet esimerkiksi panoraamakameralla kuvatut \u201d<em>Chaos<\/em>\u201d, Israelin L\u00e4nsirannalle rakentamaa muuria k\u00e4sittelev\u00e4 \u201d<em>Wall<\/em>\u201d sek\u00e4 yli kahdenkymmenen vuoden ty\u00f6n tuloksena syntynyt antiikin ajan raunioita k\u00e4sittelev\u00e4 \u201d<em>Ruins<\/em>\u201d.<\/p>\n\n\n\n<p>Valokuvaajan el\u00e4m\u00e4kerta esittelee luonnollisesti paljon valokuvia, taiteellisen ty\u00f6n lis\u00e4ksi my\u00f6s arkisia otoksia sek\u00e4 Koudelkan ett\u00e4 yst\u00e4vien ja sukulaisten kotialbumeista. Kun teksti on kuitenkin kirjan p\u00e4\u00e4asia, on kuvat usein painettu niin pieneen kokoon, ett\u00e4 Koudelkan taiteesta kiinnostuneen lukijan kannattaa hankkia joku varsinainen valokuvateos. <\/p>\n\n\n\n<p>&#8221;<em>Next<\/em>&#8221; perustuu Koudelkan muistikirjoihin, kirjeenvaihtoon sek\u00e4 ennen kaikkea laajoihin haastatteluihin, jotka Harris aloitti haastattelut jo vuonna 2012. Viimeiset keskustelut k\u00e4ytiin koronavuosina et\u00e4yhteydell\u00e4. P\u00e4\u00e4henkil\u00f6n lis\u00e4ksi Harris on etsinyt k\u00e4siins\u00e4 suuren m\u00e4\u00e4r\u00e4n Koudelkan sukulaisia, yst\u00e4vi\u00e4 ja ty\u00f6tovereita eri puolilta maailmaa. My\u00f6s Koudelkan kolme lasta ja heid\u00e4n \u00e4itins\u00e4 p\u00e4\u00e4sev\u00e4t kertomaan omat n\u00e4k\u00f6kulmansa. <\/p>\n\n\n\n<p>Harris kirjoittaa haastatteluista usein min\u00e4-muodossa, mik\u00e4 vie lukijan ik\u00e4\u00e4n kuin el\u00e4m\u00e4kerran tiedonhankinnan reaaliaikaiseksi osallistujaksi. Syntyy eloisa kuvaus omaper\u00e4isen taiteilijan omintakeisesta ja valokuvauksen t\u00e4ytt\u00e4m\u00e4st\u00e4 el\u00e4m\u00e4st\u00e4. <\/p>\n\n\n\n<h4 class=\"wp-block-heading\">Yksityiskohta paikalleen &#8211; Jarabina, Slovakia 1963<\/h4>\n\n\n\n<figure class=\"wp-block-image size-large is-style-default\"><a href=\"https:\/\/i0.wp.com\/www.valonkuvia.fi\/blogi\/wp-content\/uploads\/2024\/02\/szarkowski.jpg?ssl=1\"><img data-recalc-dims=\"1\" loading=\"lazy\" decoding=\"async\" width=\"852\" height=\"479\" src=\"https:\/\/i0.wp.com\/www.valonkuvia.fi\/blogi\/wp-content\/uploads\/2024\/02\/szarkowski.jpg?resize=852%2C479&#038;ssl=1\" alt=\"\" class=\"wp-image-25269\" srcset=\"https:\/\/i0.wp.com\/www.valonkuvia.fi\/blogi\/wp-content\/uploads\/2024\/02\/szarkowski.jpg?resize=852%2C479&amp;ssl=1 852w, https:\/\/i0.wp.com\/www.valonkuvia.fi\/blogi\/wp-content\/uploads\/2024\/02\/szarkowski.jpg?resize=426%2C240&amp;ssl=1 426w, https:\/\/i0.wp.com\/www.valonkuvia.fi\/blogi\/wp-content\/uploads\/2024\/02\/szarkowski.jpg?resize=768%2C432&amp;ssl=1 768w, https:\/\/i0.wp.com\/www.valonkuvia.fi\/blogi\/wp-content\/uploads\/2024\/02\/szarkowski.jpg?w=1500&amp;ssl=1 1500w\" sizes=\"auto, (max-width: 852px) 100vw, 852px\" \/><\/a><figcaption class=\"wp-element-caption\">Aukeama John Szarkowskin kirjasta &#8221;Looking at photographs&#8221;<\/figcaption><\/figure>\n\n\n\n<p>&#8221;<em>Next<\/em>&#8221; kertoo totuuden valokuvasta, jonka Koudelka otti vuonna 1963 Jarabinan kyl\u00e4ss\u00e4 Slovakiassa. J\u00e4nnitt\u00e4v\u00e4 kuva p\u00e4\u00e4tyi amerikkalaisen valokuvahistorioitsijan <strong>John Szarkowskin <\/strong>kirjaan &#8221;<em>Looking at photographs<\/em>&#8221;, jossa kirjoittaja v\u00e4itt\u00e4\u00e4 kuvan esitt\u00e4v\u00e4n teloitettavaksi kuljetettavaa rikollista. Vaikka 1960-luvun T\u0161ekkoslovakia oli kaikkea muuta kuin oikeusvaltio, v\u00e4ite on tuntunut ep\u00e4uskottavalta enk\u00e4 jaksanut uskoa julkisen teloituksen mahdollisuuteen.<\/p>\n\n\n\n<p>Kirja oikaisee Szarkowskin v\u00e4\u00e4r\u00e4n k\u00e4sityksen kuvaushetken olosuhteista. Tilanne on toki vakava, mutta kyse ei ole teloituksesta, vaan tappoon johtaneen tapahtuman rekonstruktiosta. Poliisi oli tuonut tappajan takaisin rikospaikalle, jossa tapauksen vaiheet k\u00e4ytiin l\u00e4pi oikeudenk\u00e4ynti\u00e4 varten. Kuvan mies tuomittiin naisen taposta vankilaan, josta h\u00e4n vapautui tuomion k\u00e4rsitty\u00e4\u00e4n. Kun Koudelka p\u00e4\u00e4si 1990-luvulla takaisin kotimaahansa, h\u00e4n palasi &#8221;<em>Gypsies<\/em>&#8221;-kirjan kuvauspaikoilla ja jopa tapasi miehen. Kohtaaminen sai yll\u00e4tt\u00e4v\u00e4n lopun, sill\u00e4 mies suorastaan ilahtui n\u00e4hty\u00e4\u00e4n oman kuvansa nuorena rikollisena.<\/p>\n\n\n\n<h4 class=\"wp-block-heading\">Koudelkan kameroista<\/h4>\n\n\n\n<p>El\u00e4m\u00e4kerta k\u00e4sittelee varsin niukasti valokuvauksen tekniikkaa. Kirjasta l\u00f6ytyy kuitenkin tietoa pimi\u00f6ty\u00f6skentelyst\u00e4, pinnakkaisvedosten k\u00e4yt\u00f6st\u00e4, kirjojen painamisesta ja tietenkin Koudelkan vuosien varrella k\u00e4ytt\u00e4mist\u00e4 kameroista. Kokosin alle listaa kameroista:<\/p>\n\n\n\n<ol class=\"wp-block-list\">\n<li>1950-luku &#8211; bakeliitista valmistettu kaksisilm\u00e4inen peiliheijastuskamera<\/li>\n\n\n\n<li>1956 &#8211; Rolleiflex, kaksisilm\u00e4inen peiliheijastuskamera<\/li>\n\n\n\n<li>1963 &#8211; Exakta-kinofilmikamera<\/li>\n\n\n\n<li>1970 &#8211; kaksi Nikonin j\u00e4rjestelm\u00e4kameraa + 28 mm, 35 mm ja 50 mm linssit, Koudelka hankki n\u00e4m\u00e4 laitteet T\u0161ekist\u00e4 ennen loikkaamistaan l\u00e4nteen.<\/li>\n\n\n\n<li> 1971 &#8211; Leica + 35 mm ja 50 mm linssit, Koudelka luopui nopeasti Nikoneista ja siirtyi kuvajournalistien suosiman Leican k\u00e4ytt\u00e4j\u00e4ksi<\/li>\n\n\n\n<li>1986 &#8211; panoraamakamera, johon Koudelka siirtyi ihmisen j\u00e4lki\u00e4 Ranskan maisemassa tallentaneen projektin yhteydess\u00e4. Kirjassa ei mainita kameran merkki\u00e4, mutta netist\u00e4 l\u00f6yt\u00e4m\u00e4ni tiedon mukaan se olisi ollut <a href=\"https:\/\/blog.mechanicallandscapes.com\/2021\/05\/18\/597-the-art-of-the-panorama-part-1-joseph-koudelkas-industries\/\">Fuji 617<\/a>.<\/li>\n\n\n\n<li>2012 &#8211; Koudelka siirtyi digiaikaan, kun h\u00e4n sai k\u00e4ytt\u00f6\u00f6ns\u00e4 Leican Koudelkaa varten panoraamakameraksi muokkaaman Leica S2:n.<\/li>\n<\/ol>\n\n\n\n<figure class=\"wp-block-image aligncenter size-large is-style-default\"><a href=\"https:\/\/i0.wp.com\/www.valonkuvia.fi\/blogi\/wp-content\/uploads\/2024\/02\/Koudelka_Next_Cover_Tint-2-scaled-1.jpg?ssl=1\"><img data-recalc-dims=\"1\" loading=\"lazy\" decoding=\"async\" width=\"660\" height=\"852\" src=\"https:\/\/i0.wp.com\/www.valonkuvia.fi\/blogi\/wp-content\/uploads\/2024\/02\/Koudelka_Next_Cover_Tint-2-scaled-1.jpg?resize=660%2C852&#038;ssl=1\" alt=\"\" class=\"wp-image-25267\" srcset=\"https:\/\/i0.wp.com\/www.valonkuvia.fi\/blogi\/wp-content\/uploads\/2024\/02\/Koudelka_Next_Cover_Tint-2-scaled-1.jpg?resize=660%2C852&amp;ssl=1 660w, https:\/\/i0.wp.com\/www.valonkuvia.fi\/blogi\/wp-content\/uploads\/2024\/02\/Koudelka_Next_Cover_Tint-2-scaled-1.jpg?resize=330%2C426&amp;ssl=1 330w, https:\/\/i0.wp.com\/www.valonkuvia.fi\/blogi\/wp-content\/uploads\/2024\/02\/Koudelka_Next_Cover_Tint-2-scaled-1.jpg?resize=768%2C991&amp;ssl=1 768w, https:\/\/i0.wp.com\/www.valonkuvia.fi\/blogi\/wp-content\/uploads\/2024\/02\/Koudelka_Next_Cover_Tint-2-scaled-1.jpg?resize=1190%2C1536&amp;ssl=1 1190w, https:\/\/i0.wp.com\/www.valonkuvia.fi\/blogi\/wp-content\/uploads\/2024\/02\/Koudelka_Next_Cover_Tint-2-scaled-1.jpg?resize=1587%2C2048&amp;ssl=1 1587w, https:\/\/i0.wp.com\/www.valonkuvia.fi\/blogi\/wp-content\/uploads\/2024\/02\/Koudelka_Next_Cover_Tint-2-scaled-1.jpg?w=1984&amp;ssl=1 1984w\" sizes=\"auto, (max-width: 660px) 100vw, 660px\" \/><\/a><figcaption class=\"wp-element-caption\">Kirjan kansikuvan on kuvannut Irving Penn.<\/figcaption><\/figure>\n\n\n\n<p><strong>Lue lis\u00e4\u00e4<\/strong>: <a href=\"https:\/\/aperture.org\/editorial\/the-inside-story-of-josef-koudelkas-groundbreaking-career\/?utm_source=Aperture&amp;utm_campaign=eb5d9d1563-EMAIL_CAMPAIGN_2024_01_20_KOUDELKA_EDITORIAL&amp;utm_medium=email&amp;utm_term=0_-c6c25006bc-%5BLIST_EMAIL_ID%5D&amp;mc_cid=eb5d9d1563&amp;mc_eid=11c2b4eaf9\" data-type=\"link\" data-id=\"https:\/\/aperture.org\/editorial\/the-inside-story-of-josef-koudelkas-groundbreaking-career\/?utm_source=Aperture&amp;utm_campaign=eb5d9d1563-EMAIL_CAMPAIGN_2024_01_20_KOUDELKA_EDITORIAL&amp;utm_medium=email&amp;utm_term=0_-c6c25006bc-%5BLIST_EMAIL_ID%5D&amp;mc_cid=eb5d9d1563&amp;mc_eid=11c2b4eaf9\">The Inside Story of Josef Koudelka\u2019s Groundbreaking Career<\/a>; Melissa Harris kertoo Aperture-lehden haastattelussa kirjastaan.<\/p>\n","protected":false},"excerpt":{"rendered":"<p>T\u0161ekkil\u00e4inen valokuvaaja Josef Koudelka syntyi 10. tammikuuta 1938, siis hieman ennen toisen maailmansodan mukanaan tuomia mullistuksia. Koudelkan perhe asui Valchovin kyl\u00e4ss\u00e4, joka sijaitsee M\u00e4\u00e4riss\u00e4 Brnon pohjoispuolella. Molemmat vanhemmat ty\u00f6skenteliv\u00e4t kotona, jossa \u00e4iti Marie Koudelka piti ruokakauppaa ja is\u00e4 Josef Koudelka ompeli vaatteita l\u00e4heisen Boskovicen kaupungin tekstiilitehtaalle. Perhe oli roomalaiskatolinen ja uskonnolla oli t\u00e4rke\u00e4 osa el\u00e4m\u00e4ss\u00e4. [&hellip;]<\/p>\n","protected":false},"author":1,"featured_media":25266,"comment_status":"open","ping_status":"open","sticky":false,"template":"","format":"standard","meta":{"ngg_post_thumbnail":0,"_jetpack_memberships_contains_paid_content":false,"footnotes":"","jetpack_publicize_message":"","jetpack_publicize_feature_enabled":true,"jetpack_social_post_already_shared":true,"jetpack_social_options":{"image_generator_settings":{"template":"highway","default_image_id":0,"font":"","enabled":false},"version":2}},"categories":[16,10],"tags":[416,285,52,479,11],"class_list":["post-25193","post","type-post","status-publish","format-standard","has-post-thumbnail","hentry","category-kirjat-2","category-valokuvaus","tag-elamakerta","tag-josef-koudelka","tag-mustavalkoiset-valokuvat","tag-valokuvakirja-esittelyssa","tag-valokuvakirjat"],"jetpack_publicize_connections":[],"jetpack_featured_media_url":"https:\/\/i0.wp.com\/www.valonkuvia.fi\/blogi\/wp-content\/uploads\/2024\/02\/josef-koudelka-romania-1968.jpeg?fit=2000%2C1304&ssl=1","jetpack_likes_enabled":false,"jetpack_sharing_enabled":true,"_links":{"self":[{"href":"https:\/\/www.valonkuvia.fi\/blogi\/wp-json\/wp\/v2\/posts\/25193","targetHints":{"allow":["GET"]}}],"collection":[{"href":"https:\/\/www.valonkuvia.fi\/blogi\/wp-json\/wp\/v2\/posts"}],"about":[{"href":"https:\/\/www.valonkuvia.fi\/blogi\/wp-json\/wp\/v2\/types\/post"}],"author":[{"embeddable":true,"href":"https:\/\/www.valonkuvia.fi\/blogi\/wp-json\/wp\/v2\/users\/1"}],"replies":[{"embeddable":true,"href":"https:\/\/www.valonkuvia.fi\/blogi\/wp-json\/wp\/v2\/comments?post=25193"}],"version-history":[{"count":18,"href":"https:\/\/www.valonkuvia.fi\/blogi\/wp-json\/wp\/v2\/posts\/25193\/revisions"}],"predecessor-version":[{"id":27247,"href":"https:\/\/www.valonkuvia.fi\/blogi\/wp-json\/wp\/v2\/posts\/25193\/revisions\/27247"}],"wp:featuredmedia":[{"embeddable":true,"href":"https:\/\/www.valonkuvia.fi\/blogi\/wp-json\/wp\/v2\/media\/25266"}],"wp:attachment":[{"href":"https:\/\/www.valonkuvia.fi\/blogi\/wp-json\/wp\/v2\/media?parent=25193"}],"wp:term":[{"taxonomy":"category","embeddable":true,"href":"https:\/\/www.valonkuvia.fi\/blogi\/wp-json\/wp\/v2\/categories?post=25193"},{"taxonomy":"post_tag","embeddable":true,"href":"https:\/\/www.valonkuvia.fi\/blogi\/wp-json\/wp\/v2\/tags?post=25193"}],"curies":[{"name":"wp","href":"https:\/\/api.w.org\/{rel}","templated":true}]}}